{"id":63510,"date":"2026-04-30T08:30:00","date_gmt":"2026-04-30T11:30:00","guid":{"rendered":"https:\/\/www.greenpeace.org\/brasil\/?p=63510"},"modified":"2026-04-30T09:05:05","modified_gmt":"2026-04-30T12:05:05","slug":"paises-discutem-fim-dos-fosseis-em-meio-a-maior-crise-do-petroleo","status":"publish","type":"post","link":"https:\/\/www.greenpeace.org\/brasil\/blog\/paises-discutem-fim-dos-fosseis-em-meio-a-maior-crise-do-petroleo\/","title":{"rendered":"Pa\u00edses discutem fim dos f\u00f3sseis em meio \u00e0 maior crise do petr\u00f3leo"},"content":{"rendered":"\n<p><em><em>No rastro da guerra no Oriente M\u00e9dio, a Confer\u00eancia de Santa Marta busca caminhos para uma transi\u00e7\u00e3o energ\u00e9tica global e justa&nbsp;<\/em><\/em><\/p>\n\n<figure class=\"wp-block-image size-large  caption-alignment-center\"><img decoding=\"async\" src=\"https:\/\/www.greenpeace.org\/static\/planet4-brasil-stateless\/2026\/04\/34dff159-gp0su8ri7.jpg\" title=\"Intervention during Conference on Energy Transition in Santa Marta Beach, Colombia. \u00a9 Sergio Calder\u00f3n Cort\u00e9s \/ Greenpeace\" alt=\"Intervention during Conference on Energy Transition in Santa Marta Beach, Colombia. \u00a9 Sergio Calder\u00f3n Cort\u00e9s \/ Greenpeace\" class=\"wp-image-63513\"\/><figcaption class=\"wp-element-caption\">A Greenpeace Col\u00f4mbia abre faixa na praia de Santa Marta, na Col\u00f4mbia, \u201cSol e vento: o futuro energ\u00e9tico\u201d na Primeira Confer\u00eancia sobre a Transi\u00e7\u00e3o para Longe dos Combust\u00edveis F\u00f3sseis.<div class=\"credit icon-left\"> \u00a9 Sergio Calder\u00f3n Cort\u00e9s \/ Greenpeace<\/div><\/figcaption><\/figure>\n\n<p>A <a href=\"https:\/\/www.greenpeace.org\/brasil\/imprensa\/energias-renovaveis-alimentam-a-paz-global-alerta-acao-do-greenpeace-na-conferencia-de-santa-marta\/\" target=\"_blank\" rel=\"noreferrer noopener\">Confer\u00eancia de Santa Marta<\/a>, na cidade mais antiga da Col\u00f4mbia, reuniu representantes de 53 pa\u00edses entre os dias 24 e 29 de abril para tra\u00e7ar o fim da era dos <strong>combust\u00edveis f\u00f3sseis<\/strong> e acelerar a transi\u00e7\u00e3o energ\u00e9tica.&nbsp;<\/p>\n\n<p>O encontro ocorreu enquanto a <a href=\"https:\/\/www.greenpeace.org\/brasil\/blog\/posicionamento-do-greenpeace-sobre-os-ataques-de-eua-e-israel-ao-ira\/\" target=\"_blank\" rel=\"noreferrer noopener\">guerra dos EUA e Israel contra o Ir\u00e3<\/a> completa dois meses, evidenciando as consequ\u00eancias da depend\u00eancia de <strong>petr\u00f3leo, g\u00e1s e carv\u00e3o<\/strong>. O bloqueio do Estreito de Ormuz causou a maior interrup\u00e7\u00e3o no fornecimento de petr\u00f3leo da hist\u00f3ria, fazendo o barril subir mais de US$100.<\/p>\n\n<p>A alta nos pre\u00e7os impacta o custo de vida ao redor do mundo, principalmente itens b\u00e1sicos como alimenta\u00e7\u00e3o, energia e transporte. No Brasil, <a href=\"https:\/\/www.greenpeace.org\/brasil\/blog\/brasil-sofre-impactos-da-guerra-no-oriente-medio\/\" target=\"_blank\" rel=\"noreferrer noopener\">o pre\u00e7o dos alimentos j\u00e1 aumentou<\/a>. O encarecimento do diesel e dos fertilizantes tem gerado um efeito cascata no agroneg\u00f3cio, afetando alimentos b\u00e1sicos como <a href=\"https:\/\/cepea.org.br\/br\/opiniao-cepea\/escalada-do-conflito-no-oriente-medio-volta-a-colocar-mercado-global-de-fertilizantes-em-alerta.aspx\" target=\"_blank\" rel=\"noreferrer noopener\">arroz, feij\u00e3o, carnes e ovos<\/a>.&nbsp;<\/p>\n\n<p><em>\u201cAs fam\u00edlias brasileiras sentem no bolso os conflitos que encarecem at\u00e9 a nossa comida, fragilizando a <\/em><strong><em>seguran\u00e7a alimentar, energ\u00e9tica e clim\u00e1tica<\/em><\/strong><em>\u201d, <\/em>frisa Leilane Reis, coordenadora de Justi\u00e7a Clim\u00e1tica do Greenpeace Brasil<em>. \u201cEliminar o petr\u00f3leo n\u00e3o \u00e9 apenas uma necessidade clim\u00e1tica dos l\u00edderes mundiais, mas uma estrat\u00e9gia de sobreviv\u00eancia e paz para superar a economia da guerra, que promove lucro de poucos \u00e0s custas da vida de muitos\u201d.<\/em><\/p>\n\n<p>Confira a <a href=\"https:\/\/www.greenpeace.org\/static\/planet4-brasil-stateless\/2026\/04\/839fbb4d-nota-tecnica-a-just-transition-away-from-fossil-fuels-.docx.pdf\" target=\"_blank\" rel=\"noreferrer noopener\"><strong>nota t\u00e9cnica do Greenpeace Brasil<\/strong><\/a> para abandonar os combust\u00edveis f\u00f3sseis, apresentada aos governantes em Santa Marta.&nbsp;<\/p>\n<div data-hydrate=\"planet4-blocks\/gallery\" data-attributes=\"{&quot;attributes&quot;:{&quot;multiple_image&quot;:&quot;63514,63511&quot;,&quot;image_data&quot;:[{&quot;url&quot;:&quot;https:\\\/\\\/www.greenpeace.org\\\/static\\\/planet4-brasil-stateless\\\/2026\\\/04\\\/08cf558a-gp0su8rhr.jpg&quot;,&quot;focalPoint&quot;:{&quot;x&quot;:0.5,&quot;y&quot;:0.5},&quot;id&quot;:63514},{&quot;url&quot;:&quot;https:\\\/\\\/www.greenpeace.org\\\/static\\\/planet4-brasil-stateless\\\/2026\\\/04\\\/9fc47c58-gp0su8qyz.jpg&quot;,&quot;focalPoint&quot;:{&quot;x&quot;:0.5,&quot;y&quot;:0.5},&quot;id&quot;:63511}],&quot;gallery_block_style&quot;:0,&quot;gallery_block_title&quot;:&quot;&quot;,&quot;gallery_block_description&quot;:&quot;&quot;,&quot;gallery_block_focus_points&quot;:&quot;&quot;,&quot;images&quot;:[{&quot;image_src&quot;:&quot;https:\\\/\\\/www.greenpeace.org\\\/static\\\/planet4-brasil-stateless\\\/2026\\\/04\\\/08cf558a-gp0su8rhr.jpg&quot;,&quot;image_srcset&quot;:&quot;https:\\\/\\\/www.greenpeace.org\\\/static\\\/planet4-brasil-stateless\\\/2026\\\/04\\\/08cf558a-gp0su8rhr.jpg 1200w, https:\\\/\\\/www.greenpeace.org\\\/static\\\/planet4-brasil-stateless\\\/2026\\\/04\\\/08cf558a-gp0su8rhr-300x225.jpg 300w, https:\\\/\\\/www.greenpeace.org\\\/static\\\/planet4-brasil-stateless\\\/2026\\\/04\\\/08cf558a-gp0su8rhr-1024x768.jpg 1024w, https:\\\/\\\/www.greenpeace.org\\\/static\\\/planet4-brasil-stateless\\\/2026\\\/04\\\/08cf558a-gp0su8rhr-768x576.jpg 768w, https:\\\/\\\/www.greenpeace.org\\\/static\\\/planet4-brasil-stateless\\\/2026\\\/04\\\/08cf558a-gp0su8rhr-453x340.jpg 453w&quot;,&quot;image_sizes&quot;:false,&quot;alt_text&quot;:&quot;&quot;,&quot;caption&quot;:&quot;Anna Carcamo, do Greenpeace Brasil, segura um cartaz com a frase: \\u201cPaz, Justi\\u00e7a e Fim dos Combust\\u00edveis F\\u00f3sseis\\u201d na praia de Santa Marta, na Col\\u00f4mbia, durante a Primeira Confer\\u00eancia sobre a Transi\\u00e7\\u00e3o para Abandonar os Combust\\u00edveis F\\u00f3sseis.&quot;,&quot;focus_image&quot;:&quot;&quot;,&quot;credits&quot;:&quot;\\u00a9 Camilo Noriega \\\/ Greenpeace&quot;},{&quot;image_src&quot;:&quot;https:\\\/\\\/www.greenpeace.org\\\/static\\\/planet4-brasil-stateless\\\/2026\\\/04\\\/9fc47c58-gp0su8qyz.jpg&quot;,&quot;image_srcset&quot;:&quot;https:\\\/\\\/www.greenpeace.org\\\/static\\\/planet4-brasil-stateless\\\/2026\\\/04\\\/9fc47c58-gp0su8qyz.jpg 1200w, https:\\\/\\\/www.greenpeace.org\\\/static\\\/planet4-brasil-stateless\\\/2026\\\/04\\\/9fc47c58-gp0su8qyz-300x200.jpg 300w, https:\\\/\\\/www.greenpeace.org\\\/static\\\/planet4-brasil-stateless\\\/2026\\\/04\\\/9fc47c58-gp0su8qyz-1024x683.jpg 1024w, https:\\\/\\\/www.greenpeace.org\\\/static\\\/planet4-brasil-stateless\\\/2026\\\/04\\\/9fc47c58-gp0su8qyz-768x512.jpg 768w, https:\\\/\\\/www.greenpeace.org\\\/static\\\/planet4-brasil-stateless\\\/2026\\\/04\\\/9fc47c58-gp0su8qyz-510x340.jpg 510w&quot;,&quot;image_sizes&quot;:false,&quot;alt_text&quot;:&quot;Trump Vomiting Oil - Action in Madrid. \\u00a9 Pablo Blazquez \\\/ Greenpeace&quot;,&quot;caption&quot;:&quot;Ativista do Greenpeace em Madri, Espanha, contra guerra no Oriente M\\u00e9dio e pelo fim dos combust\\u00edveis f\\u00f3sseis.&quot;,&quot;focus_image&quot;:&quot;&quot;,&quot;credits&quot;:&quot;\\u00a9 Pablo Blazquez \\\/ Greenpeace&quot;}]}}\">\n<\/div>\n<p><strong>Transi\u00e7\u00e3o para longe dos combust\u00edveis f\u00f3sseis&nbsp;<\/strong><\/p>\n\n<p>A Confer\u00eancia de Santa Marta responde \u00e0 frustra\u00e7\u00e3o com a <a href=\"https:\/\/www.greenpeace.org\/brasil\/imprensa\/texto-proposto-pela-cop30-nao-consegue-aumentar-a-ambicao-proteger-as-florestas-e-garantir-o-financiamento-avalia-greenpeace\/\" target=\"_blank\" rel=\"noreferrer noopener\">declara\u00e7\u00e3o final da COP 30<\/a>, em Bel\u00e9m, que nem mencionou os <strong>combust\u00edveis f\u00f3sseis<\/strong>, respons\u00e1veis por <a href=\"https:\/\/oc.eco.br\/o-que-esperamos-de-santa-marta\/\" target=\"_blank\" rel=\"noreferrer noopener\">68% das emiss\u00f5es globais<\/a>. Ainda assim, o financiamento p\u00fablico para o setor superou <a href=\"https:\/\/www.iisd.org\/articles\/deep-dive\/usd-12-trillion-problem-energy-crisis-strengthens-case-clean-public-finance\" target=\"_blank\" rel=\"noreferrer noopener\">US$1,2 trilh\u00e3o em 2024<\/a> \u2014 cinco vezes mais que o destinado \u00e0 energia limpa.\u00a0<\/p>\n\n<p>Com a guerra no Oriente M\u00e9dio, grandes empresas de petr\u00f3leo lucram cerca de <a href=\"https:\/\/www.theguardian.com\/environment\/2026\/apr\/15\/big-oil-huge-war-windfall-consumers\" target=\"_blank\" rel=\"noreferrer noopener\">US$ 30 milh\u00f5es por hora<\/a>. Segundo o <a href=\"https:\/\/www.greenpeace.org\/eu-unit\/issues\/climate-energy\/47944\/oil-companies-rake-in-e81-4-million-extra-daily-in-the-eu-as-fuel-prices-soar\/\" target=\"_blank\" rel=\"noreferrer noopener\">Greenpeace Alemanha<\/a>, s\u00f3 as petrol\u00edferas europeias receberam, diariamente, US$ 95 milh\u00f5es. Enquanto isso, estima-se mais de <a href=\"https:\/\/www.poder360.com.br\/poder-internacional\/levantamento-aponta-5-000-mortos-no-conflito-do-oriente-medio\/\" target=\"_blank\" rel=\"noreferrer noopener\">5 mil mortes, 4 milh\u00f5es de deslocamentos for\u00e7ados e conflitos em 10 pa\u00edses<\/a>.\u00a0<\/p>\n\n<p>Al\u00e9m de reduzir emiss\u00f5es, a <strong>transi\u00e7\u00e3o energ\u00e9tica justa<\/strong> busca diminuir a vulnerabilidade a conflitos geopol\u00edticos. Desde os anos 1970, o mundo enfrenta choques recorrentes no pre\u00e7o do petr\u00f3leo. Mesmo depois que os conflitos acabam, os <a href=\"https:\/\/www.greenpeace.org\/international\/story\/82201\/iran-lebanon-war-environment-climate-impacts\/\" target=\"_blank\" rel=\"noreferrer noopener\">danos socioambientais<\/a> persistem por anos.\u00a0<\/p>\n\n<figure class=\"wp-block-image size-large\"><img loading=\"lazy\" decoding=\"async\" width=\"1024\" height=\"683\" src=\"https:\/\/www.greenpeace.org\/static\/planet4-brasil-stateless\/2026\/04\/07c56195-gp0su8rhl-1024x683.jpg\" title=\"Intervention during Conference on Energy Transition in Santa Marta Beach, Colombia. \u00a9 Camilo Noriega \/ Greenpeace\" alt=\"Intervention during Conference on Energy Transition in Santa Marta Beach, Colombia. \u00a9 Camilo Noriega \/ Greenpeace\" class=\"wp-image-63515\" srcset=\"https:\/\/www.greenpeace.org\/static\/planet4-brasil-stateless\/2026\/04\/07c56195-gp0su8rhl-1024x683.jpg 1024w, https:\/\/www.greenpeace.org\/static\/planet4-brasil-stateless\/2026\/04\/07c56195-gp0su8rhl-300x200.jpg 300w, https:\/\/www.greenpeace.org\/static\/planet4-brasil-stateless\/2026\/04\/07c56195-gp0su8rhl-768x512.jpg 768w, https:\/\/www.greenpeace.org\/static\/planet4-brasil-stateless\/2026\/04\/07c56195-gp0su8rhl-510x340.jpg 510w, https:\/\/www.greenpeace.org\/static\/planet4-brasil-stateless\/2026\/04\/07c56195-gp0su8rhl.jpg 1200w\" sizes=\"auto, (max-width: 1024px) 100vw, 1024px\" \/><figcaption class=\"wp-element-caption\">Anna Carcamo, do Greenpeace Brasil, com blusa &#8220;Petr\u00f3leo na Amaz\u00f4nia N\u00e3o!&#8221; na praia de Santa Marta, na Col\u00f4mbia, durante a Primeira Confer\u00eancia sobre a Transi\u00e7\u00e3o para Eliminar os Combust\u00edveis F\u00f3sseis.<div class=\"credit icon-left\"> \u00a9 Camilo Noriega \/ Greenpeace<\/div><\/figcaption><\/figure>\n\n<p><strong>Energia Limpa e Prote\u00e7\u00e3o da Amaz\u00f4nia<\/strong><\/p>\n\n<p>Entre os marcos de <a href=\"https:\/\/transitionawayconference.com\/\" target=\"_blank\" rel=\"noreferrer noopener\">Santa Marta<\/a> est\u00e3o a proposta de tornar o fim dos <strong>combust\u00edveis f\u00f3sseis<\/strong> uma <a href=\"https:\/\/climainfo.org.br\/2026\/04\/27\/conferencia-de-santa-marta-entra-na-reta-final-com-discussoes-politicas\/\" target=\"_blank\" rel=\"noreferrer noopener\">obriga\u00e7\u00e3o legal dos Estados<\/a> e a cria\u00e7\u00e3o do <a href=\"https:\/\/apublica.org\/2026\/04\/em-santa-marta-ciencia-marca-posicao-para-acelerar-transicao-energetica\/\" target=\"_blank\" rel=\"noreferrer noopener\"><strong>Painel Cient\u00edfico para a Transi\u00e7\u00e3o Energ\u00e9tica Global <\/strong>(SPGET)<\/a>. Sediado na Universidade de S\u00e3o Paulo e idealizado pelos pesquisadores Carlos Nobre e Johan Rockstr\u00f6m, o painel \u00e9 inspirado no IPCC, mas prop\u00f5e maior agilidade, com relat\u00f3rios anuais para orientar pol\u00edticas p\u00fablicas que superem a energia f\u00f3ssil.\u00a0<\/p>\n\n<p>Energia solar e e\u00f3lica s\u00e3o produzidas localmente, sem rotas ou mercados globais. Contudo, <a href=\"https:\/\/www.theguardian.com\/world\/2026\/apr\/27\/clean-energy-switch-must-not-be-excuse-to-plunder-indigenous-lands-say-leaders\" target=\"_blank\" rel=\"noreferrer noopener\">conforme destacado no evento<\/a>, a transi\u00e7\u00e3o n\u00e3o pode reproduzir injusti\u00e7as. A extra\u00e7\u00e3o de <a href=\"https:\/\/www.greenpeace.org\/brasil\/imprensa\/greenpeace-brasil-avalia-que-pl-dos-minerais-criticos-que-pode-ser-votado-pela-camara-nesta-quarta-22-carece-de-regras-mais-assertivas\/\" target=\"_blank\" rel=\"noreferrer noopener\"><strong>minerais cr\u00edticos<\/strong><\/a>, como l\u00edtio, cobalto e terras raras \u2013 usados em baterias, pain\u00e9is e turbinas \u2013 ainda envolve viola\u00e7\u00f5es a comunidades e territ\u00f3rios. <a href=\"https:\/\/www.greenpeace.pt\/meios-de-comunicacao\/comunicados\/e-possivel-atingir-as-metas-climaticas-travando-a-corrida-aos-minerais-criticos-diz-relatorio-da-greenpeace-international-uts\/\" target=\"_blank\" rel=\"noreferrer noopener\">Relat\u00f3rio do Greenpeace Internacional<\/a> aponta caminhos para frear esse risco, especialmente em terras ind\u00edgenas e no oceano.&nbsp;<\/p>\n\n<p>Em Santa Marta, <a href=\"https:\/\/oeco.org.br\/noticias\/povos-indigenas-levam-proposta-para-banir-expansao-fossil-em-territorios-a-conferencia-na-colombia\/\" target=\"_blank\" rel=\"noreferrer noopener\">lideran\u00e7as ind\u00edgenas<\/a> cobraram <strong>repara\u00e7\u00f5es clim\u00e1ticas<\/strong> para financiar a transi\u00e7\u00e3o e defenderam <strong>Zonas Livres de Combust\u00edveis F\u00f3sseis<\/strong>, territ\u00f3rios protegidos onde a explora\u00e7\u00e3o de petr\u00f3leo, g\u00e1s e carv\u00e3o \u00e9 proibida, e a Amaz\u00f4nia foi destacada como \u00e1rea priorit\u00e1ria.&nbsp;<\/p>\n\n<p>Anna Carcamo, especialista em Pol\u00edtica Clim\u00e1tica no Greenpeace Brasil que acompanhou a confer\u00eancia, <a href=\"https:\/\/www.greenpeace.org\/brasil\/imprensa\/greenpeace-reage-a-plenaria-de-abertura-do-segmento-de-alto-nivel-da-1a-conferencia-da-transicao-para-longe-dos-combustiveis-fosseis\/\" target=\"_blank\" rel=\"noreferrer noopener\">avalia o cen\u00e1rio nacional<\/a>: <em>\u201cO governo brasileiro iniciou o <\/em><strong><em>Mapa do Caminho<\/em><\/strong><em> <\/em><em>para longe dos combust\u00edveis f\u00f3sseis, mas precisa finalizar com participa\u00e7\u00e3o da sociedade civil e deve impedir novas \u00e1reas de extra\u00e7\u00e3o, especialmente em \u00e1reas de import\u00e2ncia socioambiental como a Foz do Amazonas\u201d.<\/em>\u00a0<\/p>\n\n<p class=\"has-text-align-center has-action-yellow-500-color has-action-yellow-500-background-color has-text-color has-background has-link-color wp-elements-441c68ae594a0929ddf99ac005de9f6f\"><a href=\"https:\/\/www.greenpeace.org\/brasil\/apoie\/petroleo-na-amazonia-nao\/\" target=\"_blank\" rel=\"noreferrer noopener\"><strong><em>Fa\u00e7a parte da solu\u00e7\u00e3o e assine: Petr\u00f3leo na Amaz\u00f4nia N\u00e3o!<\/em><\/strong><\/a><\/p>\n\n<p><\/p>\n","protected":false},"excerpt":{"rendered":"<p>No rastro da guerra no Oriente M\u00e9dio, a Confer\u00eancia de Santa Marta busca caminhos para uma transi\u00e7\u00e3o energ\u00e9tica global e justa\u00a0<\/p>\n","protected":false},"author":107,"featured_media":63511,"comment_status":"open","ping_status":"closed","sticky":false,"template":"","format":"standard","meta":{"ep_exclude_from_search":false,"p4_og_title":"","p4_og_description":"","p4_og_image":"","p4_og_image_id":"","p4_seo_canonical_url":"","p4_campaign_name":"","p4_local_project":"","p4_basket_name":"","p4_department":"","footnotes":""},"categories":[5,2],"tags":[],"p4-page-type":[16],"class_list":["post-63510","post","type-post","status-publish","format-standard","has-post-thumbnail","hentry","category-greenpeace","category-transforme-a-sociedade","p4-page-type-blog"],"_links":{"self":[{"href":"https:\/\/www.greenpeace.org\/brasil\/wp-json\/wp\/v2\/posts\/63510","targetHints":{"allow":["GET"]}}],"collection":[{"href":"https:\/\/www.greenpeace.org\/brasil\/wp-json\/wp\/v2\/posts"}],"about":[{"href":"https:\/\/www.greenpeace.org\/brasil\/wp-json\/wp\/v2\/types\/post"}],"author":[{"embeddable":true,"href":"https:\/\/www.greenpeace.org\/brasil\/wp-json\/wp\/v2\/users\/107"}],"replies":[{"embeddable":true,"href":"https:\/\/www.greenpeace.org\/brasil\/wp-json\/wp\/v2\/comments?post=63510"}],"version-history":[{"count":20,"href":"https:\/\/www.greenpeace.org\/brasil\/wp-json\/wp\/v2\/posts\/63510\/revisions"}],"predecessor-version":[{"id":63542,"href":"https:\/\/www.greenpeace.org\/brasil\/wp-json\/wp\/v2\/posts\/63510\/revisions\/63542"}],"wp:featuredmedia":[{"embeddable":true,"href":"https:\/\/www.greenpeace.org\/brasil\/wp-json\/wp\/v2\/media\/63511"}],"wp:attachment":[{"href":"https:\/\/www.greenpeace.org\/brasil\/wp-json\/wp\/v2\/media?parent=63510"}],"wp:term":[{"taxonomy":"category","embeddable":true,"href":"https:\/\/www.greenpeace.org\/brasil\/wp-json\/wp\/v2\/categories?post=63510"},{"taxonomy":"post_tag","embeddable":true,"href":"https:\/\/www.greenpeace.org\/brasil\/wp-json\/wp\/v2\/tags?post=63510"},{"taxonomy":"p4-page-type","embeddable":true,"href":"https:\/\/www.greenpeace.org\/brasil\/wp-json\/wp\/v2\/p4-page-type?post=63510"}],"curies":[{"name":"wp","href":"https:\/\/api.w.org\/{rel}","templated":true}]}}