{"id":63543,"date":"2026-04-30T10:45:33","date_gmt":"2026-04-30T13:45:33","guid":{"rendered":"https:\/\/www.greenpeace.org\/brasil\/?p=63543"},"modified":"2026-04-30T10:45:36","modified_gmt":"2026-04-30T13:45:36","slug":"conferencia-de-santa-marta-e-marco-importante-para-transicao-energetica-global-mas-paises-precisam-implementar-acoes","status":"publish","type":"post","link":"https:\/\/www.greenpeace.org\/brasil\/imprensa\/conferencia-de-santa-marta-e-marco-importante-para-transicao-energetica-global-mas-paises-precisam-implementar-acoes\/","title":{"rendered":"Confer\u00eancia de Santa Marta \u00e9 marco importante para transi\u00e7\u00e3o energ\u00e9tica global, mas pa\u00edses precisam implementar a\u00e7\u00f5es"},"content":{"rendered":"\n<p class=\"has-text-align-center\"><em>Evento trouxe sopro de esperan\u00e7a em um contexto global aquecido n\u00e3o somente em termos de temperatura, mas tamb\u00e9m em termos de conflitos globais que escancaram o custo social e pol\u00edtico dos combust\u00edveis f\u00f3sseis<\/em><\/p>\n\n<figure class=\"wp-block-image size-large\"><img loading=\"lazy\" decoding=\"async\" width=\"1024\" height=\"576\" src=\"https:\/\/www.greenpeace.org\/static\/planet4-brasil-stateless\/2026\/04\/0aa6625a-gp0su8ri7_medium-res-1200px-1024x576.jpg\" alt=\"\" class=\"wp-image-63544\" srcset=\"https:\/\/www.greenpeace.org\/static\/planet4-brasil-stateless\/2026\/04\/0aa6625a-gp0su8ri7_medium-res-1200px-1024x576.jpg 1024w, https:\/\/www.greenpeace.org\/static\/planet4-brasil-stateless\/2026\/04\/0aa6625a-gp0su8ri7_medium-res-1200px-300x169.jpg 300w, https:\/\/www.greenpeace.org\/static\/planet4-brasil-stateless\/2026\/04\/0aa6625a-gp0su8ri7_medium-res-1200px-768x432.jpg 768w, https:\/\/www.greenpeace.org\/static\/planet4-brasil-stateless\/2026\/04\/0aa6625a-gp0su8ri7_medium-res-1200px-510x287.jpg 510w, https:\/\/www.greenpeace.org\/static\/planet4-brasil-stateless\/2026\/04\/0aa6625a-gp0su8ri7_medium-res-1200px.jpg 1200w\" sizes=\"auto, (max-width: 1024px) 100vw, 1024px\" \/><figcaption class=\"wp-element-caption\">Interven\u00e7\u00e3o durante a Confer\u00eancia sobre Transi\u00e7\u00e3o Energ\u00e9tica na Praia de Santa Marta (Col\u00f4mbia)<div class=\"credit icon-left\"> \u00a9 Sergio Calder\u00f3n Cort\u00e9s \/ Gr<\/div><\/figcaption><\/figure>\n\n<p><strong>Santa Marta, Col\u00f4mbia, 29 de abril de 2026 &#8211; <\/strong>A hist\u00f3rica <em>1\u00aa Confer\u00eancia Internacional sobre Transi\u00e7\u00e3o para Longe dos Combust\u00edveis F\u00f3sseis<\/em> representa um marco importante no caminho para a estabilidade clim\u00e1tica e energ\u00e9tica a longo prazo.<\/p>\n\n<p>Agora, a coaliz\u00e3o de pa\u00edses em prol da transi\u00e7\u00e3o energ\u00e9tica e da elimina\u00e7\u00e3o dos f\u00f3sseis que surgiu da Confer\u00eancia precisa liderar a\u00e7\u00f5es nacionais ambiciosas em seus respectivos pa\u00edses e ajudar a impulsionar compromissos concretos dentro do processo formal da Conven\u00e7\u00e3o do Clima (UNFCCC).&nbsp;<\/p>\n\n<p>Entre os principais resultados de Santa Marta, o Greenpeace celebra a cria\u00e7\u00e3o de um painel cient\u00edfico, o Painel Cient\u00edfico para a Transi\u00e7\u00e3o Energ\u00e9tica Global, que fornecer\u00e1 subs\u00eddios cient\u00edficos aos formuladores de pol\u00edticas para viabilizar a transi\u00e7\u00e3o para energia limpa.<\/p>\n\n<p><strong>A especialista em Pol\u00edtica Clim\u00e1tica do Greenpeace Brasil, Anna C\u00e1rcamo, afirma:&nbsp;<\/strong><\/p>\n\n<p>\u201cA Confer\u00eancia de Santa Marta foi um momento importante para ouvir n\u00e3o somente pa\u00edses que j\u00e1 est\u00e3o comprometidos, mas tamb\u00e9m governos subnacionais, cientistas, sociedade civil, povos ind\u00edgenas, afrodescendentes, mulheres e outros importantes grupos representativos. A Confer\u00eancia tamb\u00e9m trouxe um sopro de esperan\u00e7a em um contexto global aquecido n\u00e3o somente em termos de temperatura, mas tamb\u00e9m em termos de conflitos globais que escancaram o custo social e pol\u00edtico da nossa depend\u00eancia dos combust\u00edveis f\u00f3sseis.&nbsp;&nbsp;<\/p>\n\n<p>Agora, precisamos ver essa coaliz\u00e3o de pa\u00edses que se formou em Santa Marta se transformar em a\u00e7\u00e3o e implementa\u00e7\u00e3o, garantindo que a transi\u00e7\u00e3o seja justa, participativa, r\u00e1pida e financiada. Os pa\u00edses precisam desenvolver e implementar seus roteiros nacionais, com os pa\u00edses desenvolvidos agindo mais rapidamente e fornecendo financiamento de qualidade aos pa\u00edses em desenvolvimento para que implementem suas transi\u00e7\u00f5es, de forma a n\u00e3o agravar seu endividamento.\u201d<\/p>\n\n<p><strong>A Coordenadora de Campanhas do Greenpeace Col\u00f4mbia, Laura Caicedo, comenta:&nbsp;<\/strong><\/p>\n\n<p>\u201cEsta confer\u00eancia foi um espa\u00e7o importante para colocar a transi\u00e7\u00e3o energ\u00e9tica justa na agenda antes da COP31. H\u00e1 boa vontade e um novo \u00edmpeto que merece ser celebrado, mas este \u00e9 apenas o come\u00e7o: \u00e9 necess\u00e1rio mais tempo para que este processo amadure\u00e7a e se torne uma verdadeira plataforma de di\u00e1logo que possa orientar a tomada de decis\u00f5es neste e em outros espa\u00e7os de coopera\u00e7\u00e3o sobre quest\u00f5es energ\u00e9ticas cruciais. No entanto, isso n\u00e3o pode servir de desculpa para adiar o cumprimento dos compromissos nacionais j\u00e1 assumidos em rela\u00e7\u00e3o \u00e0 redu\u00e7\u00e3o de emiss\u00f5es, \u00e0 prote\u00e7\u00e3o dos ecossistemas e \u00e0 inclus\u00e3o das pessoas.\u201d<\/p>\n\n<p><strong>Pa\u00edses desenvolvidos precisam eliminar combust\u00edveis f\u00f3sseis at\u00e9 2040<\/strong><\/p>\n\n<p>Para a Confer\u00eancia de Santa Marta, o Greenpeace publicou uma nota t\u00e9cnica com recomenda\u00e7\u00f5es sobre como acelerar a transi\u00e7\u00e3o energ\u00e9tica globalmente, propondo a\u00e7\u00f5es priorit\u00e1rias para 2026 e a longo prazo. Dentre elas, o documento sugere que todos os pa\u00edses adotem a suspens\u00e3o imediata de novas \u00e1reas de produ\u00e7\u00e3o de combust\u00edveis f\u00f3sseis, e que a elimina\u00e7\u00e3o completa dos f\u00f3sseis ocorra at\u00e9 2040 nos pa\u00edses desenvolvidos e at\u00e9 2050 nos pa\u00edses em desenvolvimento.&nbsp;<\/p>\n\n<p>A nota t\u00e9cnica na \u00edntegra pode ser lida <a href=\"https:\/\/www.greenpeace.org\/static\/planet4-brasil-stateless\/2026\/04\/839fbb4d-nota-tecnica-a-just-transition-away-from-fossil-fuels-.docx.pdf\">aqui<\/a>.<\/p>\n\n<p><strong>Sobre o Greenpeace Brasil<\/strong><\/p>\n\n<p>O Greenpeace Brasil \u00e9 uma organiza\u00e7\u00e3o ativista ambiental sem fins lucrativos, que atua desde 1992 na defesa do meio ambiente.&nbsp;Ao lado de todas as pessoas que buscam um mundo mais verde, justo e pac\u00edfico, a organiza\u00e7\u00e3o atua h\u00e1 mais de 30 anos pela defesa do meio ambiente denunciando e confrontando governos, empresas e projetos que incentivam a destrui\u00e7\u00e3o das florestas.<\/p>\n\n<p><strong>Informa\u00e7\u00f5es para a imprensa&nbsp;<\/strong><\/p>\n\n<p><strong>Ag\u00eancia Galo |&nbsp;<\/strong><a href=\"mailto:imprensa.br@greenpeace.org\">imprensa.br@greenpeace.org<\/a><\/p>\n\n<p>Milka Ver\u00edssimo | 11 95761 2703<\/p>\n\n<p>Thiago Rebou\u00e7as | 11 98562 3094<\/p>\n","protected":false},"excerpt":{"rendered":"<p>Evento trouxe sopro de esperan\u00e7a em um contexto global aquecido n\u00e3o somente em termos de temperatura, mas tamb\u00e9m em termos de conflitos globais que escancaram o custo social e pol\u00edtico&hellip;<\/p>\n","protected":false},"author":121,"featured_media":63544,"comment_status":"closed","ping_status":"closed","sticky":false,"template":"","format":"standard","meta":{"ep_exclude_from_search":false,"p4_og_title":"","p4_og_description":"","p4_og_image":"","p4_og_image_id":"","p4_seo_canonical_url":"","p4_campaign_name":"","p4_local_project":"","p4_basket_name":"","p4_department":"","footnotes":""},"categories":[74],"tags":[7],"p4-page-type":[14],"class_list":["post-63543","post","type-post","status-publish","format-standard","has-post-thumbnail","hentry","category-cop30","tag-energia","p4-page-type-imprensa"],"_links":{"self":[{"href":"https:\/\/www.greenpeace.org\/brasil\/wp-json\/wp\/v2\/posts\/63543","targetHints":{"allow":["GET"]}}],"collection":[{"href":"https:\/\/www.greenpeace.org\/brasil\/wp-json\/wp\/v2\/posts"}],"about":[{"href":"https:\/\/www.greenpeace.org\/brasil\/wp-json\/wp\/v2\/types\/post"}],"author":[{"embeddable":true,"href":"https:\/\/www.greenpeace.org\/brasil\/wp-json\/wp\/v2\/users\/121"}],"replies":[{"embeddable":true,"href":"https:\/\/www.greenpeace.org\/brasil\/wp-json\/wp\/v2\/comments?post=63543"}],"version-history":[{"count":1,"href":"https:\/\/www.greenpeace.org\/brasil\/wp-json\/wp\/v2\/posts\/63543\/revisions"}],"predecessor-version":[{"id":63545,"href":"https:\/\/www.greenpeace.org\/brasil\/wp-json\/wp\/v2\/posts\/63543\/revisions\/63545"}],"wp:featuredmedia":[{"embeddable":true,"href":"https:\/\/www.greenpeace.org\/brasil\/wp-json\/wp\/v2\/media\/63544"}],"wp:attachment":[{"href":"https:\/\/www.greenpeace.org\/brasil\/wp-json\/wp\/v2\/media?parent=63543"}],"wp:term":[{"taxonomy":"category","embeddable":true,"href":"https:\/\/www.greenpeace.org\/brasil\/wp-json\/wp\/v2\/categories?post=63543"},{"taxonomy":"post_tag","embeddable":true,"href":"https:\/\/www.greenpeace.org\/brasil\/wp-json\/wp\/v2\/tags?post=63543"},{"taxonomy":"p4-page-type","embeddable":true,"href":"https:\/\/www.greenpeace.org\/brasil\/wp-json\/wp\/v2\/p4-page-type?post=63543"}],"curies":[{"name":"wp","href":"https:\/\/api.w.org\/{rel}","templated":true}]}}