{"id":6484,"date":"2018-12-06T08:13:33","date_gmt":"2018-12-06T11:13:33","guid":{"rendered":"https:\/\/www.greenpeace.org\/brasil\/?p=6484"},"modified":"2022-06-30T17:28:53","modified_gmt":"2022-06-30T20:28:53","slug":"documentario-inedito-o-amanha-e-hoje-expoe-impactos-das-mudancas-climaticas-na-vida-de-brasileiros","status":"publish","type":"post","link":"https:\/\/www.greenpeace.org\/brasil\/imprensa\/documentario-inedito-o-amanha-e-hoje-expoe-impactos-das-mudancas-climaticas-na-vida-de-brasileiros\/","title":{"rendered":"Document\u00e1rio in\u00e9dito &#8220;O Amanh\u00e3 \u00e9 Hoje&#8221; exp\u00f5e impactos das mudan\u00e7as clim\u00e1ticas na vida de brasileiros"},"content":{"rendered":"<p><img loading=\"lazy\" decoding=\"async\" class=\"size-medium wp-image-6486 alignleft\" src=\"https:\/\/www.greenpeace.org\/static\/planet4-brasil-stateless\/2018\/12\/cae516a1-doc_poster_a4-b-212x300.png\" alt=\"\" width=\"212\" height=\"300\" srcset=\"https:\/\/www.greenpeace.org\/static\/planet4-brasil-stateless\/2018\/12\/cae516a1-doc_poster_a4-b-212x300.png 212w, https:\/\/www.greenpeace.org\/static\/planet4-brasil-stateless\/2018\/12\/cae516a1-doc_poster_a4-b-768x1086.png 768w, https:\/\/www.greenpeace.org\/static\/planet4-brasil-stateless\/2018\/12\/cae516a1-doc_poster_a4-b-724x1024.png 724w, https:\/\/www.greenpeace.org\/static\/planet4-brasil-stateless\/2018\/12\/cae516a1-doc_poster_a4-b-966x1366.png 966w, https:\/\/www.greenpeace.org\/static\/planet4-brasil-stateless\/2018\/12\/cae516a1-doc_poster_a4-b-240x340.png 240w, https:\/\/www.greenpeace.org\/static\/planet4-brasil-stateless\/2018\/12\/cae516a1-doc_poster_a4-b.png 1240w\" sizes=\"auto, (max-width: 212px) 100vw, 212px\" \/><em>S\u00e3o Paulo, <\/em>&#8211; Os impactos das mudan\u00e7as do clima j\u00e1 alcan\u00e7am os brasileiros, estejam eles na cidade ou no campo, no norte ou no sul do pa\u00eds, e suas consequ\u00eancias s\u00e3o profundamente sentidas. Algumas dessas hist\u00f3rias est\u00e3o no document\u00e1rio<strong> \u201cO Amanh\u00e3 \u00e9 hoje &#8211; o drama de brasileiros impactados pelas mudan\u00e7as clim\u00e1ticas\u201d<\/strong>, lan\u00e7ado nesta quinta-feira (6\/12) no Espa\u00e7o Brasil da COP 24, a Confer\u00eancia do Clima da ONU, que est\u00e1 sendo realizada em Katowice, na Pol\u00f4nia. A iniciativa, de sete organiza\u00e7\u00f5es da sociedade civil, conta como 6 pessoas em 5 estados brasileiros tiveram suas vidas modificadas por conta das altera\u00e7\u00f5es do clima. Assista o document\u00e1rio aqui: <strong><a href=\"http:\/\/www.oamanhaehoje.com.br\/\" target=\"_blank\" rel=\"noopener noreferrer\">www.oamanhaehoje.com.br<\/a>.<\/strong><\/p>\n<p>Entre os casos apresentados pelo document\u00e1rio est\u00e3o o de umajovem ind\u00edgena que tornou-se brigadista volunt\u00e1ria depois de um inc\u00eandio florestal sem precedentes atingir a terra ind\u00edgena de seu povo, os Krikati; o da pequena agricultora do sert\u00e3o de Pernambuco que enfrentou seis anos de seca; o da comunidade cai\u00e7ara centen\u00e1ria do litoral paulista obrigada a mudar de lugar em raz\u00e3o eros\u00e3o causada pelo avan\u00e7o do mar; o comerciante fluminense que testemunhou seu neg\u00f3cio ser destru\u00eddo pelas chuvas e deslizamentos que deixou centenas de mortos em Friburgo (RJ), em 2011; o do produtor de ostras catarinense penalizado pelo aumento da temperatura do mar; o da mulher que perdeu dois carros, em Santos (SP), para as ressacas cada vez mais violentas que avan\u00e7am na costa brasileira. Veja o trailler:<\/p>\n<lite-youtube style=\"background-image: url('https:\/\/i.ytimg.com\/vi\/z2UYjGeQmnM\/hqdefault.jpg');\" videoid=\"z2UYjGeQmnM\" params=\"rel=0\"><\/lite-youtube>\n<p>O document\u00e1rio traz tamb\u00e9m depoimentos de especialistas como o professor de Economia da USP Ricardo Abramovay, do pesquisador Carlos Souza, do Imazon, e do climatologista Jos\u00e9 Marengo, do INPE. Eles assinam dois estudos in\u00e9ditos que revelam como o desmatamento, em especial da Amaz\u00f4nia, agrava os impactos do clima na produ\u00e7\u00e3o agropecu\u00e1ria, no fornecimento de \u00e1gua do pa\u00eds, na emiss\u00e3o de gases de efeito estufa, nos inc\u00eandios florestais, entre outros, afetando ainda mais brasileiros. Acesse os relat\u00f3rios:<\/p>\n<p><a href=\"http:\/\/www.oamanhaehoje.com.br\/assets\/pdf\/Relatorio_a_Amaz\u00f4nia_precisa_de_uma_economia.pdf\" target=\"_blank\" rel=\"noopener noreferrer\">&#8220;A Amaz\u00f4nia precisa de uma economia do conhecimento da natureza&#8221;, de Ricardo Abramovay, Professor S\u00eanior do Programa de Ci\u00eancia Ambiental do Instituto de Energia e Ambiente da USP<\/a>.<\/p>\n<p><a href=\"http:\/\/www.oamanhaehoje.com.br\/assets\/pdf\/Relatorio_Mudancas_Climaticas-Amazonia.pdf\" target=\"_blank\" rel=\"noopener noreferrer\">&#8220;Mudan\u00e7as Clim\u00e1ticas: impactos e cen\u00e1rios para a Amaz\u00f4nia&#8221;, de Jos\u00e9 Marengo, Coordenador Geral de Pesquisa e Desenvolvimento no Cemaden e Carlos Souza Jr., Pesquisador S\u00eanior do Imazon.<\/a><\/p>\n<p>&#8220;Os relatos mostram que manter a Amaz\u00f4nia em p\u00e9 \u00e9 fundamental n\u00e3o s\u00f3 para quem vive l\u00e1. O governo tem o dever de preservar nossas florestas e cumprir suas metas de redu\u00e7\u00e3o de emiss\u00f5es porque isso significa proteger todos os brasileiros&#8221;, afirma Fabiana Alves, do Greenpeace.<\/p>\n<p>O document\u00e1rio \u00e9 uma realiza\u00e7\u00e3o da Articula\u00e7\u00e3o dos Povos Ind\u00edgenas do Brasil (Apib), Artigo 19, Conectas Direitos Humanos, Engajamundo, Greenpeace, Instituto Alana e Instituto Socioambiental (ISA).<\/p>\n<p><strong>Assessoria de imprensa<\/strong><\/p>\n<p>Greenpeace Brasil<br \/>\n11 3035-1167 e 11 95640-0443<br \/>\nimprensa.br@greenpeace.org<\/p>\n<p>Engajamundo<br \/>\n11 973731171<br \/>\npedrolac@engajamundo.org<\/p>\n","protected":false},"excerpt":{"rendered":"<p>Com lan\u00e7amento na Confer\u00eancia de Clima da ONU, na Pol\u00f4nia, filme traz hist\u00f3rias de pessoas afetadas pelas mudan\u00e7as clim\u00e1ticas no Brasil &#8211; e mostra que a preserva\u00e7\u00e3o da floresta amaz\u00f4nica \u00e9 fundamental para o futuro de todos<\/p>\n","protected":false},"author":28,"featured_media":6486,"comment_status":"closed","ping_status":"closed","sticky":false,"template":"","format":"standard","meta":{"ep_exclude_from_search":false,"p4_og_title":"","p4_og_description":"","p4_og_image":"","p4_og_image_id":"","p4_seo_canonical_url":"","p4_campaign_name":"","p4_local_project":"","p4_basket_name":"","p4_department":"","footnotes":""},"categories":[2],"tags":[6,55],"p4-page-type":[14],"class_list":["post-6484","post","type-post","status-publish","format-standard","has-post-thumbnail","hentry","category-transforme-a-sociedade","tag-clima","tag-imprensa","p4-page-type-imprensa"],"_links":{"self":[{"href":"https:\/\/www.greenpeace.org\/brasil\/wp-json\/wp\/v2\/posts\/6484","targetHints":{"allow":["GET"]}}],"collection":[{"href":"https:\/\/www.greenpeace.org\/brasil\/wp-json\/wp\/v2\/posts"}],"about":[{"href":"https:\/\/www.greenpeace.org\/brasil\/wp-json\/wp\/v2\/types\/post"}],"author":[{"embeddable":true,"href":"https:\/\/www.greenpeace.org\/brasil\/wp-json\/wp\/v2\/users\/28"}],"replies":[{"embeddable":true,"href":"https:\/\/www.greenpeace.org\/brasil\/wp-json\/wp\/v2\/comments?post=6484"}],"version-history":[{"count":4,"href":"https:\/\/www.greenpeace.org\/brasil\/wp-json\/wp\/v2\/posts\/6484\/revisions"}],"predecessor-version":[{"id":12817,"href":"https:\/\/www.greenpeace.org\/brasil\/wp-json\/wp\/v2\/posts\/6484\/revisions\/12817"}],"wp:featuredmedia":[{"embeddable":true,"href":"https:\/\/www.greenpeace.org\/brasil\/wp-json\/wp\/v2\/media\/6486"}],"wp:attachment":[{"href":"https:\/\/www.greenpeace.org\/brasil\/wp-json\/wp\/v2\/media?parent=6484"}],"wp:term":[{"taxonomy":"category","embeddable":true,"href":"https:\/\/www.greenpeace.org\/brasil\/wp-json\/wp\/v2\/categories?post=6484"},{"taxonomy":"post_tag","embeddable":true,"href":"https:\/\/www.greenpeace.org\/brasil\/wp-json\/wp\/v2\/tags?post=6484"},{"taxonomy":"p4-page-type","embeddable":true,"href":"https:\/\/www.greenpeace.org\/brasil\/wp-json\/wp\/v2\/p4-page-type?post=6484"}],"curies":[{"name":"wp","href":"https:\/\/api.w.org\/{rel}","templated":true}]}}