{"id":6535,"date":"2018-12-11T15:10:32","date_gmt":"2018-12-11T18:10:32","guid":{"rendered":"https:\/\/www.greenpeace.org\/brasil\/?p=6535"},"modified":"2019-11-06T05:20:03","modified_gmt":"2019-11-06T08:20:03","slug":"festejando-a-alimentacao-livre-de-veneno","status":"publish","type":"post","link":"https:\/\/www.greenpeace.org\/brasil\/blog\/festejando-a-alimentacao-livre-de-veneno\/","title":{"rendered":"Festejando a alimenta\u00e7\u00e3o livre de veneno"},"content":{"rendered":"<h4>Festival Percurso, na periferia de S\u00e3o Paulo, prova que \u00e9 poss\u00edvel oferecer comida saud\u00e1vel para todas as classes sociais<\/h4>\n<div id=\"attachment_6542\" style=\"width: 395px\" class=\"wp-caption alignleft\"><img loading=\"lazy\" decoding=\"async\" aria-describedby=\"caption-attachment-6542\" class=\" wp-image-6542\" src=\"https:\/\/www.greenpeace.org\/static\/planet4-brasil-stateless\/2018\/12\/24bec7cb-ale1645-300x200.jpg\" alt=\"Comida org\u00e2nica e saborosa!\" width=\"385\" height=\"257\" srcset=\"https:\/\/www.greenpeace.org\/static\/planet4-brasil-stateless\/2018\/12\/24bec7cb-ale1645-300x200.jpg 300w, https:\/\/www.greenpeace.org\/static\/planet4-brasil-stateless\/2018\/12\/24bec7cb-ale1645-768x512.jpg 768w, https:\/\/www.greenpeace.org\/static\/planet4-brasil-stateless\/2018\/12\/24bec7cb-ale1645-1024x683.jpg 1024w, https:\/\/www.greenpeace.org\/static\/planet4-brasil-stateless\/2018\/12\/24bec7cb-ale1645-2048x1366.jpg 2048w, https:\/\/www.greenpeace.org\/static\/planet4-brasil-stateless\/2018\/12\/24bec7cb-ale1645-510x340.jpg 510w\" sizes=\"auto, (max-width: 385px) 100vw, 385px\" \/><p id=\"caption-attachment-6542\" class=\"wp-caption-text\">Org\u00e2nicos j\u00e1!<\/p><\/div>\n<p>Um festival que coloca em evid\u00eancia uma periferia inovadora, criativa e sustent\u00e1vel, caracter\u00edsticas que geralmente ficam escondidas em meio a not\u00edcias de viol\u00eancia e desigualdade. Esse \u00e9 o Festival Percurso, que acontece todos os anos no bairro de Campo Limpo, em S\u00e3o Paulo, fruto da iniciativa da Ag\u00eancia Solano Trindade, um coletivo de economia solid\u00e1ria.<\/p>\n<p>Em mais uma rodada da <a href=\"https:\/\/www.greenpeace.org\/brasil\/blog\/comida-saudavel-para-todas-as-pessoas-queremos\/\">parceria com a Ag\u00eancia Solano Trindade<\/a>, participamos da quinta edi\u00e7\u00e3o do festival no \u00faltimo fim de semana, para contribuir com a discuss\u00e3o de <b>como tornar a alimenta\u00e7\u00e3o saud\u00e1vel e sem veneno acess\u00edvel para todas as classes sociais<\/b>. Em especial, fomos ouvir os empreendedores sociais da <i>quebrada<\/i>, para que suas experi\u00eancias de sucesso possam ser compartilhadas e replicadas em outras comunidades.<\/p>\n<p>&#8220;O Festival Percurso quer democratizar a cultura, a boa alimenta\u00e7\u00e3o e, principalmente, a informa\u00e7\u00e3o. Temos a possibilidade de escrever uma hist\u00f3ria nova para a periferia&#8221;, conta Thiago Vin\u00edcius, idealizador da Ag\u00eancia Solano Trindade e do Festival Percurso. Para ele, o empreendedorismo no Campo Limpo \u00e9 uma ferramenta eficaz para que os jovens construam um caminho longe da viol\u00eancia, e parcerias como a do Greenpeace ajudam a quebrar o preconceito que existe contra a periferia. Campo Limpo j\u00e1 foi classificada como uma das regi\u00f5es mais violentas e com piores \u00edndices sociais da capital paulista.<\/p>\n<div id=\"attachment_6539\" style=\"width: 1034px\" class=\"wp-caption alignright\"><img loading=\"lazy\" decoding=\"async\" aria-describedby=\"caption-attachment-6539\" class=\"size-large wp-image-6539\" src=\"https:\/\/www.greenpeace.org\/static\/planet4-brasil-stateless\/2018\/12\/40113e3d-ale1586-1024x683.jpg\" alt=\"A chef local Tia Nice e Thiago Vinicius, da Ag\u00eancia Solano Trindade\" width=\"1024\" height=\"683\" srcset=\"https:\/\/www.greenpeace.org\/static\/planet4-brasil-stateless\/2018\/12\/40113e3d-ale1586-1024x683.jpg 1024w, https:\/\/www.greenpeace.org\/static\/planet4-brasil-stateless\/2018\/12\/40113e3d-ale1586-300x200.jpg 300w, https:\/\/www.greenpeace.org\/static\/planet4-brasil-stateless\/2018\/12\/40113e3d-ale1586-768x512.jpg 768w, https:\/\/www.greenpeace.org\/static\/planet4-brasil-stateless\/2018\/12\/40113e3d-ale1586-2048x1366.jpg 2048w, https:\/\/www.greenpeace.org\/static\/planet4-brasil-stateless\/2018\/12\/40113e3d-ale1586-510x340.jpg 510w\" sizes=\"auto, (max-width: 1024px) 100vw, 1024px\" \/><p id=\"caption-attachment-6539\" class=\"wp-caption-text\">A chef local Tia Nice e Thiago Vinicius, da Ag\u00eancia Solano Trindade<\/p><\/div>\n<p>Dezenas de barracas vendendo alimentos org\u00e2nicos, roupas e livros ocuparam a pra\u00e7a do Campo Limpo, que recebeu tamb\u00e9m diversas atra\u00e7\u00f5es musicais, mesas redondas e mestres e mestras da cultura popular de diferentes regi\u00f5es do Brasil. Uma <strong>tenda de volunt\u00e1rios do Greenpeace<\/strong> ofereceu atividades ligadas \u00e0 alimenta\u00e7\u00e3o e ativismo para crian\u00e7as e adultos, como jogos e oficinas de tinta natural, bolas de semente e como fazer sua pr\u00f3pria camiseta com a mensagem \u201cChega de Agrot\u00f3xicos\u201d. <\/p>\n<p>Para Adriana Charoux, da campanha de Amaz\u00f4nia do Greenpeace, o Festival Percurso \u00e9 a materializa\u00e7\u00e3o de algo que a organiza\u00e7\u00e3o tem defendido: <b>oferecer comida de verdade para todas as pessoas<\/b>. \u201cQueremos quebrar preconceitos, como a ideia de que parar de comer carne \u00e9 coisa de rico, de que comprar org\u00e2nicos \u00e9 dif\u00edcil. O Percurso \u00e9 o lugar que mostra que \u00e9 poss\u00edvel ter uma alimenta\u00e7\u00e3o saud\u00e1vel, sustent\u00e1vel, amorosa e colorida sem que isso pese no nosso bolso\u201d.\u00a0<\/p>\n<div id=\"attachment_6544\" style=\"width: 1034px\" class=\"wp-caption aligncenter\"><img loading=\"lazy\" decoding=\"async\" aria-describedby=\"caption-attachment-6544\" class=\"wp-image-6544 size-large\" src=\"https:\/\/www.greenpeace.org\/static\/planet4-brasil-stateless\/2018\/12\/14d54368-ale2007-1024x683.jpg\" alt=\"Oficina de tinta natural na tenda do Greenpeace\" width=\"1024\" height=\"683\" srcset=\"https:\/\/www.greenpeace.org\/static\/planet4-brasil-stateless\/2018\/12\/14d54368-ale2007-1024x683.jpg 1024w, https:\/\/www.greenpeace.org\/static\/planet4-brasil-stateless\/2018\/12\/14d54368-ale2007-300x200.jpg 300w, https:\/\/www.greenpeace.org\/static\/planet4-brasil-stateless\/2018\/12\/14d54368-ale2007-768x512.jpg 768w, https:\/\/www.greenpeace.org\/static\/planet4-brasil-stateless\/2018\/12\/14d54368-ale2007-2048x1366.jpg 2048w, https:\/\/www.greenpeace.org\/static\/planet4-brasil-stateless\/2018\/12\/14d54368-ale2007-510x340.jpg 510w\" sizes=\"auto, (max-width: 1024px) 100vw, 1024px\" \/><p id=\"caption-attachment-6544\" class=\"wp-caption-text\">Oficina de tinta natural em nossa tenda<\/p><\/div>\n<p>\u201cA Ag\u00eancia Solano Trindade foi a grande respons\u00e1vel por essa transforma\u00e7\u00e3o no Campo Limpo\u201d, afirma Adriana, enquanto saboreia um sandu\u00edche de shitake na barraca montada pela pr\u00f3pria produtora dos cogumelos. <a href=\"https:\/\/www.greenpeace.org\/brasil\/blog\/levando-comida-de-verdade-aos-desertos-alimentares\/\" target=\"_blank\" rel=\"noopener noreferrer\">Primeiro ponto de comercializa\u00e7\u00e3o<\/a> de org\u00e2nicos da regi\u00e3o, a ag\u00eancia faz chegar alimentos sem veneno a um pre\u00e7o justo na casa dos vizinhos, gra\u00e7as a uma rela\u00e7\u00e3o pr\u00f3xima com produtores do entorno da cidade de S\u00e3o Paulo. <\/p>\n<h2>Momento para celebrar a PNaRA<\/h2>\n<p>Na tenda do Greenpeace, o clima era tamb\u00e9m de celebra\u00e7\u00e3o pela <a href=\"https:\/\/www.greenpeace.org\/brasil\/blog\/vitoria-pnara-e-aprovada-em-comissao-especial\/\" target=\"_blank\" rel=\"noopener noreferrer\">aprova\u00e7\u00e3o da <b>Pol\u00edtica Nacional de Redu\u00e7\u00e3o de Agrot\u00f3xicos<\/b><\/a> (PNaRA) na Comiss\u00e3o Especial na C\u00e2mara dos Deputados, ocorrida na \u00faltima ter\u00e7a-feira. As mensagens deixadas no Varal dos Sonhos por quem passava pelo nosso espa\u00e7o sinalizavam o desejo por um futuro sem veneno e mais agroecol\u00f3gico. Alguns dos recados foram: \u201cComida de verdade no campo e na cidade\u201d; \u201cAgroecologia \u00e9 Tech\u201d; \u201cFuturo agroecol\u00f3gico\u201d; \u201cMenos Desertos Verdes\u201d; \u201cPNaRA aprovada!\u201d; e \u201cDemocratiza\u00e7\u00e3o da alimenta\u00e7\u00e3o\u201d.<\/p>\n<div id=\"attachment_6537\" style=\"width: 2510px\" class=\"wp-caption aligncenter\"><img loading=\"lazy\" decoding=\"async\" aria-describedby=\"caption-attachment-6537\" class=\"size-full wp-image-6537\" src=\"https:\/\/www.greenpeace.org\/static\/planet4-brasil-stateless\/2018\/12\/d920c477-ale1597.jpg\" alt=\"Varal dos Sonhos com mensagens sobre alimenta\u00e7\u00e3o\" width=\"2500\" height=\"1667\" srcset=\"https:\/\/www.greenpeace.org\/static\/planet4-brasil-stateless\/2018\/12\/d920c477-ale1597.jpg 2500w, https:\/\/www.greenpeace.org\/static\/planet4-brasil-stateless\/2018\/12\/d920c477-ale1597-300x200.jpg 300w, https:\/\/www.greenpeace.org\/static\/planet4-brasil-stateless\/2018\/12\/d920c477-ale1597-768x512.jpg 768w, https:\/\/www.greenpeace.org\/static\/planet4-brasil-stateless\/2018\/12\/d920c477-ale1597-1024x683.jpg 1024w, https:\/\/www.greenpeace.org\/static\/planet4-brasil-stateless\/2018\/12\/d920c477-ale1597-2048x1366.jpg 2048w, https:\/\/www.greenpeace.org\/static\/planet4-brasil-stateless\/2018\/12\/d920c477-ale1597-510x340.jpg 510w\" sizes=\"auto, (max-width: 2500px) 100vw, 2500px\" \/><p id=\"caption-attachment-6537\" class=\"wp-caption-text\">Varal dos Sonhos com mensagens sobre alimenta\u00e7\u00e3o<\/p><\/div>\n<p>A chef de cozinha Bel Coelho, que participou da tenda \u201cAlimentando Pontes\u201d, onde chefs tradicionais e locais realizaram oficinas de culin\u00e1ria, tamb\u00e9m estava feliz. \u201c\u00c9 uma semana muito especial porque estamos aqui no Festival Percurso ajudando a democratizar a alimenta\u00e7\u00e3o saud\u00e1vel e tamb\u00e9m para comemorar porque ganhamos, na Comiss\u00e3o Especial, a PNaRA\u201d. Bel ensinou a plateia a fazer uma moqueca vegana com aproveitamento de legumes esquecidos na geladeira. J\u00e1 a chef local Tia Nice preparou charutinhos de ora-pr\u00f3-nobis, uma planta aliment\u00edcia n\u00e3o convencional (PANC). Ficaram deliciosos!<\/p>\n<p>Confira nosso v\u00eddeo sobre o Festival Percurso:<\/p>\n<lite-youtube style=\"background-image: url('https:\/\/i.ytimg.com\/vi\/NtLQdeFDMRI\/hqdefault.jpg');\" videoid=\"NtLQdeFDMRI\" params=\"rel=0\"><\/lite-youtube>\n<p>#FestivalPercurso2018 #ChegaDeAgrot\u00f3xicos<\/p>\n","protected":false},"excerpt":{"rendered":"<p>Festival Percurso, na periferia de S\u00e3o Paulo, prova que \u00e9 poss\u00edvel oferecer comida saud\u00e1vel para todas as classes sociais<\/p>\n","protected":false},"author":19,"featured_media":6542,"comment_status":"open","ping_status":"closed","sticky":false,"template":"","format":"standard","meta":{"ep_exclude_from_search":false,"p4_og_title":"","p4_og_description":"","p4_og_image":"","p4_og_image_id":"","p4_seo_canonical_url":"","p4_campaign_name":"","p4_local_project":"","p4_basket_name":"","p4_department":"","footnotes":""},"categories":[2],"tags":[18,22],"p4-page-type":[16],"class_list":["post-6535","post","type-post","status-publish","format-standard","has-post-thumbnail","hentry","category-transforme-a-sociedade","tag-agroecologia","tag-florestas","p4-page-type-blog"],"_links":{"self":[{"href":"https:\/\/www.greenpeace.org\/brasil\/wp-json\/wp\/v2\/posts\/6535","targetHints":{"allow":["GET"]}}],"collection":[{"href":"https:\/\/www.greenpeace.org\/brasil\/wp-json\/wp\/v2\/posts"}],"about":[{"href":"https:\/\/www.greenpeace.org\/brasil\/wp-json\/wp\/v2\/types\/post"}],"author":[{"embeddable":true,"href":"https:\/\/www.greenpeace.org\/brasil\/wp-json\/wp\/v2\/users\/19"}],"replies":[{"embeddable":true,"href":"https:\/\/www.greenpeace.org\/brasil\/wp-json\/wp\/v2\/comments?post=6535"}],"version-history":[{"count":20,"href":"https:\/\/www.greenpeace.org\/brasil\/wp-json\/wp\/v2\/posts\/6535\/revisions"}],"predecessor-version":[{"id":12812,"href":"https:\/\/www.greenpeace.org\/brasil\/wp-json\/wp\/v2\/posts\/6535\/revisions\/12812"}],"wp:featuredmedia":[{"embeddable":true,"href":"https:\/\/www.greenpeace.org\/brasil\/wp-json\/wp\/v2\/media\/6542"}],"wp:attachment":[{"href":"https:\/\/www.greenpeace.org\/brasil\/wp-json\/wp\/v2\/media?parent=6535"}],"wp:term":[{"taxonomy":"category","embeddable":true,"href":"https:\/\/www.greenpeace.org\/brasil\/wp-json\/wp\/v2\/categories?post=6535"},{"taxonomy":"post_tag","embeddable":true,"href":"https:\/\/www.greenpeace.org\/brasil\/wp-json\/wp\/v2\/tags?post=6535"},{"taxonomy":"p4-page-type","embeddable":true,"href":"https:\/\/www.greenpeace.org\/brasil\/wp-json\/wp\/v2\/p4-page-type?post=6535"}],"curies":[{"name":"wp","href":"https:\/\/api.w.org\/{rel}","templated":true}]}}