{"id":65789,"date":"2026-07-20T18:09:39","date_gmt":"2026-07-20T21:09:39","guid":{"rendered":"https:\/\/www.greenpeace.org\/brasil\/?p=65789"},"modified":"2026-07-21T17:42:33","modified_gmt":"2026-07-21T20:42:33","slug":"rio-grande-do-sul-volta-a-enfrentar-chuvas-extremas-sem-adaptacao-necessaria-lamenta-greenpeace-brasil","status":"publish","type":"post","link":"https:\/\/www.greenpeace.org\/brasil\/imprensa\/rio-grande-do-sul-volta-a-enfrentar-chuvas-extremas-sem-adaptacao-necessaria-lamenta-greenpeace-brasil\/","title":{"rendered":"Rio Grande do Sul volta a enfrentar chuvas extremas sem adapta\u00e7\u00e3o necess\u00e1ria, lamenta Greenpeace Brasil"},"content":{"rendered":"\n<figure class=\"wp-block-image\"><img loading=\"lazy\" decoding=\"async\" width=\"1200\" height=\"800\" title=\"Flooding in Porto Alegre, Rio Grande do Sul State, in Brazil\" src=\"https:\/\/www.greenpeace.org\/static\/planet4-brasil-stateless\/2026\/07\/87c83eee-gp0su0o6y.jpg\" alt=\"Flooded streets in the Ipanema neighborhood in Porto Alegre, Rio Grande do Sul state.\nGreenpeace Brazil is gathering emergency donations to help people in Rio Grande do Sul state, which is facing the worst climate tragedy in its history. Activists are adding strength in helping put together and run solidarity kitchens in impacted areas and taking donations of food and supplies to Indigenous communities and other victims in isolated areas.\nGreenpeace is partnering with MAB (Movement of People Affected by Dams), Cimi (Indigenist Missionary Council) and Arpinsul (Articulation of Indigenous Peoples of the Southern Region).\" class=\"wp-image-65790\" srcset=\"https:\/\/www.greenpeace.org\/static\/planet4-brasil-stateless\/2026\/07\/87c83eee-gp0su0o6y.jpg 1200w, https:\/\/www.greenpeace.org\/static\/planet4-brasil-stateless\/2026\/07\/87c83eee-gp0su0o6y-300x200.jpg 300w, https:\/\/www.greenpeace.org\/static\/planet4-brasil-stateless\/2026\/07\/87c83eee-gp0su0o6y-1024x683.jpg 1024w, https:\/\/www.greenpeace.org\/static\/planet4-brasil-stateless\/2026\/07\/87c83eee-gp0su0o6y-768x512.jpg 768w, https:\/\/www.greenpeace.org\/static\/planet4-brasil-stateless\/2026\/07\/87c83eee-gp0su0o6y-510x340.jpg 510w\" sizes=\"auto, (max-width: 1200px) 100vw, 1200px\" \/><figcaption aria-hidden=\"true\" class=\"wp-element-caption\">Chuvas no Rio Grande do Sul em 2024<div class=\"credit icon-left\"> \u00a9 Tuane Fernandes \/ Greenpeace<\/div><\/figcaption><\/figure>\n\n<p class=\"wp-block-paragraph\"><strong>Segunda-feira, 20 de julho &#8211; <\/strong>O Greenpeace Brasil lamenta os graves impactos causados \u00e0 popula\u00e7\u00e3o do Rio Grande do Sul pelas tempestades dos \u00faltimos dias, e alerta para a urg\u00eancia de a\u00e7\u00f5es de adapta\u00e7\u00e3o clim\u00e1tica justa e inclusiva nos munic\u00edpios ga\u00fachos. At\u00e9 o momento, sete munic\u00edpios ga\u00fachos decretaram situa\u00e7\u00e3o de emerg\u00eancia.&nbsp;<\/p>\n\n<p class=\"wp-block-paragraph\">&#8220;Nossa solidariedade \u00e0s fam\u00edlias ga\u00fachas atingidas pelas tempestades destes \u00faltimos dias, muitas das quais sequer se recuperaram da trag\u00e9dia de 2024. Os \u00faltimos anos t\u00eam nos mostrado que eventos extremos seguir\u00e3o atingindo o Rio Grande do Sul, esta realidade j\u00e1 est\u00e1 dada; mas o tamanho dos impactos desses eventos na vida da popula\u00e7\u00e3o ga\u00facha depender\u00e1 de quanto o poder p\u00fablico se preparou para enfrentar a realidade imposta pela crise do clima. Os danos materiais e humanos causados por eventos clim\u00e1ticos extremos t\u00eam mostrado ao poder p\u00fablico o quanto \u00e9 caro e triste n\u00e3o investir em a\u00e7\u00f5es de adapta\u00e7\u00e3o clim\u00e1tica, preven\u00e7\u00e3o, resposta r\u00e1pida e reconstru\u00e7\u00e3o\u201d, afirma a coordenadora de Justi\u00e7a Clim\u00e1tica do Greenpeace Brasil, Leilane Reis.&nbsp;<\/p>\n\n<p class=\"wp-block-paragraph\">\u201cVale dizer que, em meio \u00e0s tempestades que afetam o estado neste momento, a capital Porto Alegre est\u00e1 sendo palco da sua primeira Semana de A\u00e7\u00e3o Clim\u00e1tica. O evento tem potencial para ser um marco nas discuss\u00f5es de agenda clim\u00e1tica no Rio Grande do Sul, mas tamb\u00e9m \u00e9 preciso que os governos municipais e estadual implementem a\u00e7\u00f5es de adapta\u00e7\u00e3o e reconstru\u00e7\u00e3o justa e inclusiva em todo o territ\u00f3rio ga\u00facho\u201d, completa Leilane.&nbsp;&nbsp;<\/p>\n\n<p class=\"wp-block-paragraph\">O Greenpeace Brasil seguir\u00e1 acompanhando a situa\u00e7\u00e3o no estado.<\/p>\n\n<p class=\"wp-block-paragraph\"><strong><em>Sobre o Greenpeace Brasil<\/em><\/strong><\/p>\n\n<p class=\"wp-block-paragraph\"><em>O Greenpeace Brasil \u00e9 uma organiza\u00e7\u00e3o ativista ambiental sem fins lucrativos, que atua desde 1992 na defesa do meio ambiente.&nbsp;Ao lado de todas as pessoas que buscam um mundo mais verde, justo e pac\u00edfico, a organiza\u00e7\u00e3o atua h\u00e1 mais de 30 anos pela defesa do meio ambiente, denunciando e confrontando governos, empresas e projetos que incentivam a destrui\u00e7\u00e3o das florestas.<\/em><\/p>\n\n<p class=\"wp-block-paragraph\"><strong>Informa\u00e7\u00f5es para a imprensa sobre o Greenpeace Brasil<\/strong><\/p>\n\n<p class=\"wp-block-paragraph\"><strong>Ag\u00eancia Galo | <\/strong><a href=\"mailto:imprensa.br@greenpeace.org\">imprensa.br@greenpeace.org<\/a> <br>Milka Ver\u00edssimo | 11 95761 2703<br>Thiago Rebou\u00e7as | 11 98562 3094<br>Tales Rocha | 11 98870 1089<\/p>\n","protected":false},"excerpt":{"rendered":"<p>A\u00e7\u00f5es de adapta\u00e7\u00e3o clim\u00e1tica justa e inclusiva nos munic\u00edpios ga\u00fachos s\u00e3o urgentes.<\/p>\n","protected":false},"author":121,"featured_media":65790,"comment_status":"closed","ping_status":"closed","sticky":false,"template":"","format":"standard","meta":{"ep_exclude_from_search":false,"p4_og_title":"","p4_og_description":"","p4_og_image":"","p4_og_image_id":"","p4_seo_canonical_url":"","p4_campaign_name":"","p4_local_project":"","p4_basket_name":"","p4_department":"","footnotes":""},"categories":[71,48],"tags":[6,20,42,62],"p4-page-type":[14],"class_list":["post-65789","post","type-post","status-publish","format-standard","has-post-thumbnail","hentry","category-eventos-extremos","category-justica-climatica","tag-clima","tag-cidades","tag-justica-climatica","tag-adaptacao-climatica","p4-page-type-imprensa"],"_links":{"self":[{"href":"https:\/\/www.greenpeace.org\/brasil\/wp-json\/wp\/v2\/posts\/65789","targetHints":{"allow":["GET"]}}],"collection":[{"href":"https:\/\/www.greenpeace.org\/brasil\/wp-json\/wp\/v2\/posts"}],"about":[{"href":"https:\/\/www.greenpeace.org\/brasil\/wp-json\/wp\/v2\/types\/post"}],"author":[{"embeddable":true,"href":"https:\/\/www.greenpeace.org\/brasil\/wp-json\/wp\/v2\/users\/121"}],"replies":[{"embeddable":true,"href":"https:\/\/www.greenpeace.org\/brasil\/wp-json\/wp\/v2\/comments?post=65789"}],"version-history":[{"count":2,"href":"https:\/\/www.greenpeace.org\/brasil\/wp-json\/wp\/v2\/posts\/65789\/revisions"}],"predecessor-version":[{"id":65800,"href":"https:\/\/www.greenpeace.org\/brasil\/wp-json\/wp\/v2\/posts\/65789\/revisions\/65800"}],"wp:featuredmedia":[{"embeddable":true,"href":"https:\/\/www.greenpeace.org\/brasil\/wp-json\/wp\/v2\/media\/65790"}],"wp:attachment":[{"href":"https:\/\/www.greenpeace.org\/brasil\/wp-json\/wp\/v2\/media?parent=65789"}],"wp:term":[{"taxonomy":"category","embeddable":true,"href":"https:\/\/www.greenpeace.org\/brasil\/wp-json\/wp\/v2\/categories?post=65789"},{"taxonomy":"post_tag","embeddable":true,"href":"https:\/\/www.greenpeace.org\/brasil\/wp-json\/wp\/v2\/tags?post=65789"},{"taxonomy":"p4-page-type","embeddable":true,"href":"https:\/\/www.greenpeace.org\/brasil\/wp-json\/wp\/v2\/p4-page-type?post=65789"}],"curies":[{"name":"wp","href":"https:\/\/api.w.org\/{rel}","templated":true}]}}