{"id":66610,"date":"2026-09-02T10:36:05","date_gmt":"2026-09-02T13:36:05","guid":{"rendered":"https:\/\/www.greenpeace.org\/brasil\/?p=66610"},"modified":"2026-09-02T10:59:39","modified_gmt":"2026-09-02T13:59:39","slug":"acabar-com-os-combustiveis-fosseis-e-zerar-desmatamento-e-chave-para-mundo-voltar-a-15oc-que-devera-ser-ultrapassada-nos-proximos","status":"publish","type":"post","link":"https:\/\/www.greenpeace.org\/brasil\/imprensa\/acabar-com-os-combustiveis-fosseis-e-zerar-desmatamento-e-chave-para-mundo-voltar-a-15oc-que-devera-ser-ultrapassada-nos-proximos\/","title":{"rendered":"Acabar com os combust\u00edveis f\u00f3sseis e zerar desmatamento \u00e9 chave para mundo voltar a 1,5\u00baC"},"content":{"rendered":"\n<p class=\"wp-block-paragraph\"><em>Alerta do Programa das Na\u00e7\u00f5es Unidas para o Meio Ambiente (PNUMA) sobre aumento da temperatura global \u00e9 preocupante, mas os governos ainda podem agir para evitar o pior.&nbsp;<\/em><\/p>\n\n<figure class=\"wp-block-image size-large\"><img loading=\"lazy\" decoding=\"async\" width=\"1024\" height=\"683\" title=\"Communities Affected by Floods in S\u00e3o LeopoldoPopula\u00e7\u00e3o Impactada por Alagamentos em S\u00e3o Leopoldo, Rio Grande do Sul\" src=\"https:\/\/www.greenpeace.org\/static\/planet4-brasil-stateless\/2024\/05\/97e16e0d-gp0su0opn_medium-res-1200px-1024x683.jpg\" alt=\"\" class=\"wp-image-52828\" srcset=\"https:\/\/www.greenpeace.org\/static\/planet4-brasil-stateless\/2024\/05\/97e16e0d-gp0su0opn_medium-res-1200px-1024x683.jpg 1024w, https:\/\/www.greenpeace.org\/static\/planet4-brasil-stateless\/2024\/05\/97e16e0d-gp0su0opn_medium-res-1200px-300x200.jpg 300w, https:\/\/www.greenpeace.org\/static\/planet4-brasil-stateless\/2024\/05\/97e16e0d-gp0su0opn_medium-res-1200px-768x512.jpg 768w, https:\/\/www.greenpeace.org\/static\/planet4-brasil-stateless\/2024\/05\/97e16e0d-gp0su0opn_medium-res-1200px-510x340.jpg 510w, https:\/\/www.greenpeace.org\/static\/planet4-brasil-stateless\/2024\/05\/97e16e0d-gp0su0opn_medium-res-1200px.jpg 1200w\" sizes=\"auto, (max-width: 1024px) 100vw, 1024px\" \/><figcaption class=\"wp-element-caption\"><br>Tempestades no Rio Grande do Sul em maio de 2024, a maior trag\u00e9dia clim\u00e1tica da hist\u00f3ria do estado. <\/figcaption><\/figure>\n\n<h2 class=\"wp-block-heading\">Um relat\u00f3rio publicado pelo Programa das Na\u00e7\u00f5es Unidas para o Meio Ambiente (PNUMA) nesta ter\u00e7a-feira (02) alerta que o mundo ultrapassou temporariamente a temperatura m\u00e9dia global de 1.5\u00baC. Este \u00e9 o primeiro documento da ONU a descrever uma trajet\u00f3ria de &#8220;ultrapassagem, pico e decl\u00ednio&#8221;, em que a temperatura m\u00e9dia global ultrapassa temporariamente o limite de 1,5\u00b0C para depois ser reduzida por meio de a\u00e7\u00f5es intensas de combate \u00e0 crise clim\u00e1tica.<\/h2>\n\n<h2 class=\"wp-block-heading\">Em resposta ao alerta da ONU, o Greenpeace refor\u00e7a que uma a\u00e7\u00e3o conjunta e abrangente para abandonar os combust\u00edveis f\u00f3sseis, promover uma transi\u00e7\u00e3o justa que seja r\u00e1pida, equitativa e devidamente financiada, e acabar com a destrui\u00e7\u00e3o das florestas at\u00e9 2030 deve se tornar a for\u00e7a motriz das pol\u00edticas governamentais para que o mundo volte o mais r\u00e1pido poss\u00edvel a marca de 1,5\u00b0C.<\/h2>\n\n<p class=\"wp-block-paragraph\"><strong>A especialista em pol\u00edtica clim\u00e1tica do Greenpeace Brasil, Anna C\u00e1rcamo, comenta:<\/strong><\/p>\n\n<p class=\"wp-block-paragraph\">\u201cO relat\u00f3rio do PNUMA confirma o que a ci\u00eancia j\u00e1 alertava: o tempo de esperar acabou, precisamos agir agora para reduzir os impactos das mudan\u00e7as do clima. O aumento da temperatura global est\u00e1 ultrapassando cada vez mais o limite seguro, levando a desastres catastr\u00f3ficos como o visto este m\u00eas no Nepal, apenas para citar um dos v\u00e1rios exemplos. Para reduzir esses impactos e proteger vidas, \u00e9 urgente mitigar e adaptar \u00e0 crise clim\u00e1tica. No Brasil, isso significa continuar os esfor\u00e7os para zerar o desmatamento, al\u00e9m de destinar recursos para a adapta\u00e7\u00e3o nos Munic\u00edpios e promover a elimina\u00e7\u00e3o gradual e justa dos combust\u00edveis f\u00f3sseis.<\/p>\n\n<p class=\"wp-block-paragraph\">Em n\u00edvel global, precisaremos de uma resposta \u00e0 altura da COP31, com um chamado aos pa\u00edses a fazerem os seus \u2018mapas do caminho\u2019 para o fim dos combust\u00edveis f\u00f3sseis at\u00e9 2040 para os pa\u00edses desenvolvidos e at\u00e9 2050 para os pa\u00edses em desenvolvimento, al\u00e9m de uma a\u00e7\u00e3o coletiva para acabar com o desmatamento global at\u00e9 2030 e financiamento de qualidade para pa\u00edses em desenvolvimento. S\u00f3 assim poderemos reduzir o per\u00edodo de ultrapassagem e voltar o mais r\u00e1pido poss\u00edvel para a margem segura de aquecimento do planeta de at\u00e9 1,5\u00b0C .&#8221;<\/p>\n\n<p class=\"wp-block-paragraph\"><strong>O vice-diretor de Programas do Greenpeace Internacional, Jasper Inventor, afirma:<\/strong><\/p>\n\n<p class=\"wp-block-paragraph\">&#8220;Esta \u00e9 uma not\u00edcia que nenhum de n\u00f3s queria ouvir, mas ultrapassar o limite da temperatura m\u00e9dia global n\u00e3o \u00e9 motivo para desistir e abrir m\u00e3o da meta de 1,5\u00b0C. \u00c9 um momento desolador, e precisamos refletir sobre isso, mas cada fra\u00e7\u00e3o de grau ainda importa, e o relat\u00f3rio do PNUMA deve servir agora como um chamado decisivo \u00e0 a\u00e7\u00e3o.\u201d<\/p>\n\n<p class=\"wp-block-paragraph\"><strong>1,5\u00baC: marco jur\u00eddico, pol\u00edtico e salva\u00e7\u00e3o para a vida humana<\/strong><\/p>\n\n<p class=\"wp-block-paragraph\">Limitar o aquecimento global a 1,5\u00b0C \u00e9 uma condi\u00e7\u00e3o de sobreviv\u00eancia inegoci\u00e1vel para a humanidade. Esse limite foi consagrado juridicamente pela Corte Internacional de Justi\u00e7a (CIJ) em um Parecer Consultivo \u2014 e respaldado por uma resolu\u00e7\u00e3o da Assembleia Geral da ONU. A CIJ confirmou que manter o aquecimento em 1,5\u00b0C \u00e9 uma obriga\u00e7\u00e3o legal de todos os Estados e determinou que os pa\u00edses com altas emiss\u00f5es de carbono t\u00eam a responsabilidade hist\u00f3rica de agir com maior rapidez e firmeza para proteger as comunidades mais vulner\u00e1veis.<\/p>\n\n<p class=\"wp-block-paragraph\"><strong>Informa\u00e7\u00f5es para a imprensa sobre o Greenpeace Brasil<\/strong><\/p>\n\n<p class=\"wp-block-paragraph\"><strong>Ag\u00eancia Galo |&nbsp;<\/strong><a href=\"mailto:imprensa.br@greenpeace.org\">imprensa.br@greenpeace.org<\/a><\/p>\n\n<p class=\"wp-block-paragraph\">Milka Ver\u00edssimo | 11 95761 2703<\/p>\n\n<p class=\"wp-block-paragraph\">Thiago Rebou\u00e7as | 11 98562 3094<\/p>\n","protected":false},"excerpt":{"rendered":"<p>Alerta do Programa das Na\u00e7\u00f5es Unidas para o Meio Ambiente (PNUMA) sobre aumento da temperatura global \u00e9 preocupante, mas os governos ainda podem agir para evitar o pior.&nbsp;<\/p>\n","protected":false},"author":121,"featured_media":62854,"comment_status":"open","ping_status":"closed","sticky":false,"template":"","format":"standard","meta":{"ep_exclude_from_search":false,"p4_og_title":"Acabar com os combust\u00edveis f\u00f3sseis e zerar desmatamento \u00e9 chave para mundo voltar a 1,5\u00baC, que dever\u00e1 ser ultrapassada nos pr\u00f3ximos anos","p4_og_description":"","p4_og_image":"","p4_og_image_id":"","p4_seo_canonical_url":"","p4_campaign_name":"","p4_local_project":"","p4_basket_name":"","p4_department":"","footnotes":""},"categories":[48],"tags":[6,55,57],"p4-page-type":[14],"class_list":["post-66610","post","type-post","status-publish","format-standard","has-post-thumbnail","hentry","category-justica-climatica","tag-clima","tag-imprensa","tag-cop","p4-page-type-imprensa"],"_links":{"self":[{"href":"https:\/\/www.greenpeace.org\/brasil\/wp-json\/wp\/v2\/posts\/66610","targetHints":{"allow":["GET"]}}],"collection":[{"href":"https:\/\/www.greenpeace.org\/brasil\/wp-json\/wp\/v2\/posts"}],"about":[{"href":"https:\/\/www.greenpeace.org\/brasil\/wp-json\/wp\/v2\/types\/post"}],"author":[{"embeddable":true,"href":"https:\/\/www.greenpeace.org\/brasil\/wp-json\/wp\/v2\/users\/121"}],"replies":[{"embeddable":true,"href":"https:\/\/www.greenpeace.org\/brasil\/wp-json\/wp\/v2\/comments?post=66610"}],"version-history":[{"count":5,"href":"https:\/\/www.greenpeace.org\/brasil\/wp-json\/wp\/v2\/posts\/66610\/revisions"}],"predecessor-version":[{"id":66616,"href":"https:\/\/www.greenpeace.org\/brasil\/wp-json\/wp\/v2\/posts\/66610\/revisions\/66616"}],"wp:featuredmedia":[{"embeddable":true,"href":"https:\/\/www.greenpeace.org\/brasil\/wp-json\/wp\/v2\/media\/62854"}],"wp:attachment":[{"href":"https:\/\/www.greenpeace.org\/brasil\/wp-json\/wp\/v2\/media?parent=66610"}],"wp:term":[{"taxonomy":"category","embeddable":true,"href":"https:\/\/www.greenpeace.org\/brasil\/wp-json\/wp\/v2\/categories?post=66610"},{"taxonomy":"post_tag","embeddable":true,"href":"https:\/\/www.greenpeace.org\/brasil\/wp-json\/wp\/v2\/tags?post=66610"},{"taxonomy":"p4-page-type","embeddable":true,"href":"https:\/\/www.greenpeace.org\/brasil\/wp-json\/wp\/v2\/p4-page-type?post=66610"}],"curies":[{"name":"wp","href":"https:\/\/api.w.org\/{rel}","templated":true}]}}