{"id":66660,"date":"2026-09-02T18:35:50","date_gmt":"2026-09-02T21:35:50","guid":{"rendered":"https:\/\/www.greenpeace.org\/brasil\/?p=66660"},"modified":"2026-09-02T18:37:52","modified_gmt":"2026-09-02T21:37:52","slug":"pl-dos-minerais-criticos-e-aprovado-sem-salvaguardas-ambientais-alerta-greenpeace-brasil","status":"publish","type":"post","link":"https:\/\/www.greenpeace.org\/brasil\/imprensa\/pl-dos-minerais-criticos-e-aprovado-sem-salvaguardas-ambientais-alerta-greenpeace-brasil\/","title":{"rendered":"PL dos Minerais Cr\u00edticos \u00e9 aprovado sem salvaguardas ambientais, alerta Greenpeace Brasil"},"content":{"rendered":"\n<p class=\"has-text-align-center wp-block-paragraph\"><em>PL 2.780\/2024 n\u00e3o aposta em caminhos para reduzir a necessidade de minerar e est\u00e1 centrado na abertura de novas fronteiras extrativas, que pode incluir oceano profundo e terras ind\u00edgenas.<\/em><\/p>\n\n<p class=\"wp-block-paragraph\">Sobre a aprova\u00e7\u00e3o no Congresso, nesta quarta-feira (2), do <strong>Projeto de Lei 2.780\/2024<\/strong>, que institui a <strong>Pol\u00edtica Nacional de Minerais Cr\u00edticos e Estrat\u00e9gicos<\/strong>, o Greenpeace Brasil alerta que o texto est\u00e1 centrado na abertura de novas fronteiras extrativas, que podem incluir o oceano profundo e terras ind\u00edgenas, e sem garantir salvaguardas ambientais, como a exig\u00eancia de Relat\u00f3rio de Impacto Socioambiental como condi\u00e7\u00e3o pr\u00e9via \u00e0 habilita\u00e7\u00e3o de projetos, e n\u00e3o menciona explicitamente a obrigatoriedade da Consulta Livre, Pr\u00e9via e Informada. Al\u00e9m disso, o projeto de lei n\u00e3o aposta nos quatro caminhos para reduzir a necessidade de minerar: sufici\u00eancia, efici\u00eancia, substitui\u00e7\u00e3o e reciclagem.<\/p>\n\n<p class=\"wp-block-paragraph\">\u201cEmbora a transi\u00e7\u00e3o energ\u00e9tica demande minerais cr\u00edticos, a extra\u00e7\u00e3o deve ser feita de modo que proteja as pessoas e a natureza. Como a Hist\u00f3ria nos mostra, a minera\u00e7\u00e3o, sem as devidas prote\u00e7\u00f5es socioambientais e participa\u00e7\u00e3o social, est\u00e1 associada a danos ambientais, \u00e0 viola\u00e7\u00e3o dos direitos de povos ind\u00edgenas e comunidades tradicionais e \u00e0 degrada\u00e7\u00e3o de ecossistemas. N\u00e3o podemos permitir que uma pol\u00edtica nacional para o setor repita um modelo colonial extrativista a que fomos submetidos no passado\u201d, afirma a especialista em Pol\u00edticas P\u00fablicas do Greenpeace Brasil, Gabriela Nepomuceno.&nbsp;<\/p>\n\n<p class=\"wp-block-paragraph\">O&nbsp; PL 2.780\/2024 tamb\u00e9m foi aprovado no Congresso sem ter promovido amplo debate com a sociedade civil, popula\u00e7\u00f5es potencialmente atingidas pela atividade e cientistas. Agora, o texto segue para san\u00e7\u00e3o presidencial.<\/p>\n\n<p class=\"wp-block-paragraph\"><strong>Alerta sobre minera\u00e7\u00e3o em mar profundo<\/strong><\/p>\n\n<p class=\"wp-block-paragraph\">Por ser muito amplo, o projeto de lei abre precedente para novas fronteiras de explora\u00e7\u00e3o, incluindo a minera\u00e7\u00e3o no oceano, chamada de mar profundo. Embora o texto n\u00e3o trate especificamente de <strong>minera\u00e7\u00e3o em \u00e1guas profundas<\/strong>, tamb\u00e9m n\u00e3o estabelece salvaguardas espec\u00edficas para impedir que essa agenda se estenda aos ambientes marinhos.\u00a0<\/p>\n\n<p class=\"wp-block-paragraph\">\u201cO PL 2.780\/2024 n\u00e3o delimita claramente as fronteiras ambientais e territoriais onde a expans\u00e3o da atividade mineral poder\u00e1 ocorrer, o que pode abrir margem para a minera\u00e7\u00e3o no mar profundo. Essa possibilidade merece aten\u00e7\u00e3o diante do pr\u00f3prio posicionamento do Brasil na agenda internacional, que tem defendido uma abordagem de precau\u00e7\u00e3o em rela\u00e7\u00e3o \u00e0 minera\u00e7\u00e3o em \u00e1guas profundas. Por isso, pol\u00edticas para minerais cr\u00edticos devem incorporar salvaguardas que impe\u00e7am que uma pol\u00edtica de est\u00edmulo aos minerais estrat\u00e9gicos entre em contradi\u00e7\u00e3o com o compromisso brasileiro sobre a prote\u00e7\u00e3o dos oceanos, salvaguardas essas que n\u00e3o vemos neste projeto de lei\u201d, explica a porta-voz de Oceanos do Greenpeace Brasil, Bruna Canal.<\/p>\n\n<p class=\"wp-block-paragraph\">O Greenpeace Brasil alerta que os ecossistemas do fundo do mar ainda s\u00e3o pouco conhecidos pela ci\u00eancia e permanecem grandes incertezas sobre os impactos de longo prazo da minera\u00e7\u00e3o nessas \u00e1reas, podendo causar danos irrevers\u00edveis \u00e0 biodiversidade marinha e comprometer fun\u00e7\u00f5es essenciais dos oceanos, como a regula\u00e7\u00e3o clim\u00e1tica e o armazenamento de carbono.<\/p>\n\n<p class=\"wp-block-paragraph\"><strong>Informa\u00e7\u00f5es para a imprensa sobre o Greenpeace Brasil<\/strong><\/p>\n\n<p class=\"wp-block-paragraph\"><strong>Ag\u00eancia Galo |&nbsp;<\/strong><a href=\"mailto:imprensa.br@greenpeace.org\">imprensa.br@greenpeace.org<\/a><\/p>\n\n<p class=\"wp-block-paragraph\">Milka Ver\u00edssimo | 11 95761 2703<\/p>\n\n<p class=\"wp-block-paragraph\">Thiago Rebou\u00e7as | 11 98562 3094<\/p>\n","protected":false},"excerpt":{"rendered":"<p>PL 2.780\/2024 n\u00e3o aposta em caminhos para reduzir a necessidade de minerar e est\u00e1 centrado na abertura de novas fronteiras extrativas, que pode incluir oceano profundo e terras ind\u00edgenas, sem&hellip;<\/p>\n","protected":false},"author":121,"featured_media":66627,"comment_status":"open","ping_status":"closed","sticky":false,"template":"","format":"standard","meta":{"ep_exclude_from_search":false,"p4_og_title":"","p4_og_description":"","p4_og_image":"","p4_og_image_id":"","p4_seo_canonical_url":"","p4_campaign_name":"","p4_local_project":"","p4_basket_name":"","p4_department":"","footnotes":""},"categories":[64],"tags":[7,27,55],"p4-page-type":[14],"class_list":["post-66660","post","type-post","status-publish","format-standard","has-post-thumbnail","hentry","category-oceanos","tag-energia","tag-oceanos","tag-imprensa","p4-page-type-imprensa"],"_links":{"self":[{"href":"https:\/\/www.greenpeace.org\/brasil\/wp-json\/wp\/v2\/posts\/66660","targetHints":{"allow":["GET"]}}],"collection":[{"href":"https:\/\/www.greenpeace.org\/brasil\/wp-json\/wp\/v2\/posts"}],"about":[{"href":"https:\/\/www.greenpeace.org\/brasil\/wp-json\/wp\/v2\/types\/post"}],"author":[{"embeddable":true,"href":"https:\/\/www.greenpeace.org\/brasil\/wp-json\/wp\/v2\/users\/121"}],"replies":[{"embeddable":true,"href":"https:\/\/www.greenpeace.org\/brasil\/wp-json\/wp\/v2\/comments?post=66660"}],"version-history":[{"count":2,"href":"https:\/\/www.greenpeace.org\/brasil\/wp-json\/wp\/v2\/posts\/66660\/revisions"}],"predecessor-version":[{"id":66662,"href":"https:\/\/www.greenpeace.org\/brasil\/wp-json\/wp\/v2\/posts\/66660\/revisions\/66662"}],"wp:attachment":[{"href":"https:\/\/www.greenpeace.org\/brasil\/wp-json\/wp\/v2\/media?parent=66660"}],"wp:term":[{"taxonomy":"category","embeddable":true,"href":"https:\/\/www.greenpeace.org\/brasil\/wp-json\/wp\/v2\/categories?post=66660"},{"taxonomy":"post_tag","embeddable":true,"href":"https:\/\/www.greenpeace.org\/brasil\/wp-json\/wp\/v2\/tags?post=66660"},{"taxonomy":"p4-page-type","embeddable":true,"href":"https:\/\/www.greenpeace.org\/brasil\/wp-json\/wp\/v2\/p4-page-type?post=66660"}],"curies":[{"name":"wp","href":"https:\/\/api.w.org\/{rel}","templated":true}]}}