{"id":66666,"date":"2026-09-03T12:20:58","date_gmt":"2026-09-03T15:20:58","guid":{"rendered":"https:\/\/www.greenpeace.org\/brasil\/?p=66666"},"modified":"2026-09-03T12:25:09","modified_gmt":"2026-09-03T15:25:09","slug":"colecao-gigantes-do-brasil-como-a-arte-e-a-moda-apoiam-a-preservacao-da-amazonia","status":"publish","type":"post","link":"https:\/\/www.greenpeace.org\/brasil\/blog\/colecao-gigantes-do-brasil-como-a-arte-e-a-moda-apoiam-a-preservacao-da-amazonia\/","title":{"rendered":"Cole\u00e7\u00e3o Gigantes do Brasil: como a arte e a moda apoiam a preserva\u00e7\u00e3o da Amaz\u00f4nia"},"content":{"rendered":"\n<p class=\"wp-block-paragraph\"><em>Conhe\u00e7a a cole\u00e7\u00e3o \u201cGigantes do Brasil\u201d com estampa do artista amazonense Andr\u00e9 Hulk e pe\u00e7as exclusivas que apoiam diretamente as a\u00e7\u00f5es de defesa da floresta amaz\u00f4nica.<\/em><\/p>\n\n<div class=\"wp-block-buttons is-layout-flex wp-block-buttons-is-layout-flex\">\n<div class=\"wp-block-button\"><a class=\"wp-block-button__link wp-element-button\" href=\"https:\/\/www.google.com\/url?q=https:\/\/loja.greenpeace.org.br\/loja\/arvores-gigantes\/?utm_source%3Dp4%26utm_medium%3Dorganic%26utm_campaign%3Dinstitucional%26utm_content%3Dblog_p4%26utm_term%3Dlojinha&amp;sa=D&amp;source=docs&amp;ust=1788452606880562&amp;usg=AOvVaw3Mbu0FbSm_eKKYC5WAbX4-\"><strong>Acesse nossa loja online e garanta sua pe\u00e7a da cole\u00e7\u00e3o Gigantes do Brasil<\/strong><\/a><\/div>\n<\/div>\n\n<p class=\"wp-block-paragraph\">A preserva\u00e7\u00e3o da Amaz\u00f4nia exige a\u00e7\u00f5es cont\u00ednuas, conscientiza\u00e7\u00e3o e apoio direto a quem atua na linha de frente da conserva\u00e7\u00e3o. Unindo cultura, consumo consciente e impacto socioambiental, a cole\u00e7\u00e3o \u201cGigantes do Brasil\u201d, lan\u00e7amento da loja online do Greenpeace Brasil, traz pe\u00e7as exclusivas que transformam o vestu\u00e1rio em um manifesto em defesa das encantadoras \u00e1rvores gigantes e da biodiversidade da floresta.<\/p>\n\n<p class=\"wp-block-paragraph\">A cole\u00e7\u00e3o busca tamb\u00e9m conscientizar sobre as atividades que amea\u00e7am as gigantes centen\u00e1rias, como o avan\u00e7o do garimpo e o desmatamento.&nbsp;<\/p>\n\n<p class=\"wp-block-paragraph\"><strong>S\u00edmbolo de resist\u00eancia: a for\u00e7a das \u00e1rvores centen\u00e1rias<\/strong><\/p>\n\n<p class=\"wp-block-paragraph\">As \u00e1rvores gigantes da Amaz\u00f4nia desempenham um papel vital no equil\u00edbrio do clima global, no ciclo das \u00e1guas e na manuten\u00e7\u00e3o da biodiversidade. Elas representam a mem\u00f3ria viva da terra e a resili\u00eancia do ecossistema.<\/p>\n\n<p class=\"wp-block-paragraph\">Inspirada nessas imponentes estruturas naturais, a cole\u00e7\u00e3o transforma a imagem dessas \u00e1rvores centen\u00e1rias em arte vest\u00edvel, conectando quem apoia \u00e0 hist\u00f3ria do territ\u00f3rio amaz\u00f4nico.<\/p>\n\n<p class=\"wp-block-paragraph\"><strong>A voz do artista: Andr\u00e9 Hulk e a xilografia ancestral<\/strong><\/p>\n\n<p class=\"wp-block-paragraph\">A estampa da cole\u00e7\u00e3o foi desenvolvida pelo artista amazonense Andr\u00e9 Hulk, cuja trajet\u00f3ria \u00e9 fortemente ligada \u00e0s ra\u00edzes e \u00e0 cultura visual do Norte do pa\u00eds. A escolha da t\u00e9cnica traduz visualmente a ess\u00eancia do projeto.<\/p>\n\n<p class=\"wp-block-paragraph\">Sobre o processo criativo, Andr\u00e9 destaca:<\/p>\n\n<p class=\"wp-block-paragraph\"><em>&#8220;Minha pesquisa partiu das \u00e1rvores gigantes da Amaz\u00f4nia, trazendo \u00e0 arte a for\u00e7a territorial dos grandes seres que sustentam a floresta. A linguagem da xilografia refor\u00e7a esse v\u00ednculo com o fazer manual, ancestral e enraizado no territ\u00f3rio.&#8221;<\/em><\/p>\n\n<p class=\"wp-block-paragraph\">A xilografia traz texturas marcantes que remetem \u00e0 madeira e ao trabalho artesanal, estabelecendo uma ponte direta entre a express\u00e3o art\u00edstica e a mat\u00e9ria-prima da floresta.<\/p>\n\n<figure class=\"wp-block-image size-large\"><img loading=\"lazy\" decoding=\"async\" width=\"1024\" height=\"682\" title=\"Greenpeace Brasil - Gigantes do Brasil. by Grazielle Salgado @eyes.grazi-07 (1) (1)\" src=\"https:\/\/www.greenpeace.org\/static\/planet4-brasil-stateless\/2026\/09\/ef7f8caa-greenpeace-brasil-gigantes-do-brasil.-by-grazielle-salgado-@eyes.grazi-07-1-1-1024x682.jpg\" alt=\"\u00c1rvores gigantes s\u00e3o tema de nova cole\u00e7\u00e3o da lojinha do Greenpeace Brasil\" class=\"wp-image-66667\" srcset=\"https:\/\/www.greenpeace.org\/static\/planet4-brasil-stateless\/2026\/09\/ef7f8caa-greenpeace-brasil-gigantes-do-brasil.-by-grazielle-salgado-@eyes.grazi-07-1-1-1024x682.jpg 1024w, https:\/\/www.greenpeace.org\/static\/planet4-brasil-stateless\/2026\/09\/ef7f8caa-greenpeace-brasil-gigantes-do-brasil.-by-grazielle-salgado-@eyes.grazi-07-1-1-300x200.jpg 300w, https:\/\/www.greenpeace.org\/static\/planet4-brasil-stateless\/2026\/09\/ef7f8caa-greenpeace-brasil-gigantes-do-brasil.-by-grazielle-salgado-@eyes.grazi-07-1-1-768x512.jpg 768w, https:\/\/www.greenpeace.org\/static\/planet4-brasil-stateless\/2026\/09\/ef7f8caa-greenpeace-brasil-gigantes-do-brasil.-by-grazielle-salgado-@eyes.grazi-07-1-1-1536x1024.jpg 1536w, https:\/\/www.greenpeace.org\/static\/planet4-brasil-stateless\/2026\/09\/ef7f8caa-greenpeace-brasil-gigantes-do-brasil.-by-grazielle-salgado-@eyes.grazi-07-1-1-2048x1366.jpg 2048w, https:\/\/www.greenpeace.org\/static\/planet4-brasil-stateless\/2026\/09\/ef7f8caa-greenpeace-brasil-gigantes-do-brasil.-by-grazielle-salgado-@eyes.grazi-07-1-1-510x340.jpg 510w\" sizes=\"auto, (max-width: 1024px) 100vw, 1024px\" \/><figcaption class=\"wp-element-caption\">\u00c1rvores gigantes s\u00e3o tema de nova cole\u00e7\u00e3o da lojinha do Greenpeace Brasil<br><\/figcaption><\/figure>\n\n<p class=\"wp-block-paragraph\"><strong>Impacto real: como cada produto apoia nossa mobiliza\u00e7\u00e3o em defesa da Amaz\u00f4nia<\/strong><br><br>A cole\u00e7\u00e3o \u201cGigantes do Brasil\u201d fortalece o engajamento em torno dessa causa e apoia diretamente as a\u00e7\u00f5es do Greenpeace Brasil em defesa da Amaz\u00f4nia.<\/p>\n\n<p class=\"wp-block-paragraph\">Ao adquirir uma pe\u00e7a,&nbsp; voc\u00ea contribui ativamente para a mobiliza\u00e7\u00e3o pela floresta em p\u00e9 e pelos direitos de seus povos.<\/p>\n","protected":false},"excerpt":{"rendered":"<p>Conhe\u00e7a a cole\u00e7\u00e3o \u201cGigantes do Brasil\u201d com estampa do artista amazonense Andr\u00e9 Hulk e pe\u00e7as exclusivas que apoiam diretamente as a\u00e7\u00f5es de defesa da floresta amaz\u00f4nica.<\/p>\n","protected":false},"author":100,"featured_media":66667,"comment_status":"open","ping_status":"closed","sticky":false,"template":"","format":"standard","meta":{"ep_exclude_from_search":false,"p4_og_title":"","p4_og_description":"","p4_og_image":"","p4_og_image_id":"","p4_seo_canonical_url":"","p4_campaign_name":"","p4_local_project":"","p4_basket_name":"","p4_department":"","footnotes":""},"categories":[49],"tags":[22,13],"p4-page-type":[16],"class_list":["post-66666","post","type-post","status-publish","format-standard","has-post-thumbnail","hentry","category-amazonia","tag-florestas","tag-greenpeace","p4-page-type-blog"],"_links":{"self":[{"href":"https:\/\/www.greenpeace.org\/brasil\/wp-json\/wp\/v2\/posts\/66666","targetHints":{"allow":["GET"]}}],"collection":[{"href":"https:\/\/www.greenpeace.org\/brasil\/wp-json\/wp\/v2\/posts"}],"about":[{"href":"https:\/\/www.greenpeace.org\/brasil\/wp-json\/wp\/v2\/types\/post"}],"author":[{"embeddable":true,"href":"https:\/\/www.greenpeace.org\/brasil\/wp-json\/wp\/v2\/users\/100"}],"replies":[{"embeddable":true,"href":"https:\/\/www.greenpeace.org\/brasil\/wp-json\/wp\/v2\/comments?post=66666"}],"version-history":[{"count":3,"href":"https:\/\/www.greenpeace.org\/brasil\/wp-json\/wp\/v2\/posts\/66666\/revisions"}],"predecessor-version":[{"id":66673,"href":"https:\/\/www.greenpeace.org\/brasil\/wp-json\/wp\/v2\/posts\/66666\/revisions\/66673"}],"wp:featuredmedia":[{"embeddable":true,"href":"https:\/\/www.greenpeace.org\/brasil\/wp-json\/wp\/v2\/media\/66667"}],"wp:attachment":[{"href":"https:\/\/www.greenpeace.org\/brasil\/wp-json\/wp\/v2\/media?parent=66666"}],"wp:term":[{"taxonomy":"category","embeddable":true,"href":"https:\/\/www.greenpeace.org\/brasil\/wp-json\/wp\/v2\/categories?post=66666"},{"taxonomy":"post_tag","embeddable":true,"href":"https:\/\/www.greenpeace.org\/brasil\/wp-json\/wp\/v2\/tags?post=66666"},{"taxonomy":"p4-page-type","embeddable":true,"href":"https:\/\/www.greenpeace.org\/brasil\/wp-json\/wp\/v2\/p4-page-type?post=66666"}],"curies":[{"name":"wp","href":"https:\/\/api.w.org\/{rel}","templated":true}]}}