{"id":683,"date":"2017-12-14T13:15:00","date_gmt":"2017-12-14T13:15:00","guid":{"rendered":"https:\/\/www.greenpeace.org\/brasil\/blog\/temos-um-ano-para-criar-a-maior-area-protegida-da-terra\/"},"modified":"2023-08-23T00:07:57","modified_gmt":"2023-08-23T03:07:57","slug":"temos-um-ano-para-criar-a-maior-area-protegida-da-terra","status":"publish","type":"post","link":"https:\/\/www.greenpeace.org\/brasil\/blog\/temos-um-ano-para-criar-a-maior-area-protegida-da-terra\/","title":{"rendered":"Temos um ano para criar a maior \u00e1rea protegida da Terra"},"content":{"rendered":"<div class=\"post-content\">\n<div>\n<h4><em><strong>Em outubro de 2018, a Comiss\u00e3o para a Conserva\u00e7\u00e3o da Ant\u00e1rtida votar\u00e1 a proposta de estabelecer um santu\u00e1rio de 1,8 milh\u00e3o de km<sup>2<\/sup> no oceano ant\u00e1rtico<\/strong><\/em><\/h4>\n<div class=\"events-box big-box left\">\n<div class=\"frame\">\n<div style=\"width: 610px\" class=\"wp-caption alignnone\"><a class=\"open-img EnlargeImage\" title=\"\" href=\"https:\/\/www.greenpeace.org\/static\/planet4-brasil-stateless\/2018\/07\/pinguins-iceberg.jpg\"><img loading=\"lazy\" decoding=\"async\" id=\"ctl00_cphContentArea_epiEntryContent_ctl00_ctl02_Image1\" class=\"Thumbnail\" style=\"border-width: 0px;\" src=\"https:\/\/www.greenpeace.org\/static\/planet4-brasil-stateless\/2018\/07\/pinguins-iceberg.jpg\" alt=\"\" width=\"600\" height=\"400\" \/><\/a><p class=\"wp-caption-text\">Pinguins-imperador e de Ad\u00e9lia no oceano ant\u00e1rtico. (Foto: \u00a9 Greenpeace \/ Jiri Rezac)<\/p><\/div>\n<p>Nas palavras do escritor e naturalista ingl\u00eas David Attenborough, &#8220;nosso planeta \u00e9 um planeta azul&#8221;. Com mais de 70% do globo coberto pela \u00e1gua, nossos oceanos podem ser vistos de todo o sistema solar.<\/p>\n<p>N\u00e3o faz muito tempo que ainda acredit\u00e1vamos que os oceanos eram muito grandes para serem impactados de forma significativa ou duradoura pelas atividades humanas. Que ilus\u00e3o! Estudo ap\u00f3s estudo demonstram como os efeitos da pesca excessiva, da perfura\u00e7\u00e3o de petr\u00f3leo, da minera\u00e7\u00e3o em \u00e1guas profundas, da polui\u00e7\u00e3o e das mudan\u00e7as clim\u00e1ticas p\u00f5e os seres humanos no centro da crise por que passa os oceanos e os animais que vivem neles.<\/p>\n<p>Mas n\u00e3o \u00e9 apenas a vida selvagem que est\u00e1 amea\u00e7ada, n\u00f3s tamb\u00e9m estamos. A sa\u00fade de nossos mares alimenta bilh\u00f5es de pessoas e sustenta o nosso planeta atrav\u00e9s da luta contra as mudan\u00e7as clim\u00e1ticas. Nosso destino e o destino de nossos oceanos est\u00e3o intimamente ligados.<\/p>\n<\/div>\n<\/div>\n<h4><strong>Que tipo de a\u00e7\u00e3o pode ser tomada para evitar que esse dano se torne irrevers\u00edvel?<\/strong><\/h4>\n<p>A maioria dessas \u00e1guas est\u00e3o fora das fronteiras nacionais. S\u00e3o vastas \u00e1reas oce\u00e2nicas que n\u00e3o pertencem, tecnicamente, a ningu\u00e9m &#8211; o que significa que elas pertencem a todos n\u00f3s. N\u00f3s somos seus guardi\u00f5es compartilhados e o que acontece com elas \u00e9 nossa responsabilidade coletiva.<\/p>\n<div class=\"events-box big-box left\">\n<div class=\"frame\">\n<div style=\"width: 610px\" class=\"wp-caption alignnone\"><a class=\"open-img EnlargeImage\" title=\"\" href=\"https:\/\/www.greenpeace.org\/static\/planet4-brasil-stateless\/2018\/07\/iceberg-antartida.jpg\"><img loading=\"lazy\" decoding=\"async\" id=\"ctl00_cphContentArea_epiEntryContent_ctl00_ctl04_Image1\" class=\"Thumbnail\" style=\"border-width: 0px;\" src=\"https:\/\/www.greenpeace.org\/static\/planet4-brasil-stateless\/2018\/07\/iceberg-antartida.jpg\" alt=\"\" width=\"600\" height=\"400\" \/><\/a><p class=\"wp-caption-text\">Iceberg no oceano da Ant\u00e1rtida (Foto: \u00a9Daniel Beltra\/Greenpeace)<\/p><\/div>\n<h4><strong>A ci\u00eancia \u00e9 clara: precisamos criar santu\u00e1rios nos oceanos<\/strong><\/h4>\n<\/div>\n<\/div>\n<p>Os santu\u00e1rios nos oceanos s\u00e3o grandes \u00e1reas protegidas que est\u00e3o fora do alcance das atividades humanas exploradoras. Eles fornecem um ref\u00fagio para a vida selvagem e os ecossistemas se recuperarem Os benef\u00edcios s\u00e3o globais. Quando as popula\u00e7\u00f5es de peixes conseguem se recuperar nesses locais, se espalham por todo o mundo, garantindo a seguran\u00e7a alimentar de bilh\u00f5es de pessoas. E os cientistas t\u00eam cada vez mais clareza: oceanos saud\u00e1veis \u200b\u200bdesempenham um papel cr\u00edtico na absor\u00e7\u00e3o de di\u00f3xido de carbono e nos ajudam a evitar os piores efeitos das mudan\u00e7as clim\u00e1ticas.<\/p>\n<p>A boa not\u00edcia \u00e9 que a mar\u00e9 da hist\u00f3ria est\u00e1 virando, e nosso planeta azul finalmente come\u00e7a a receber mais aten\u00e7\u00e3o pela prote\u00e7\u00e3o de seus oceanos. Apenas alguns meses atr\u00e1s, em uma sala abafada longe do mar, governos de todo o mundo concordaram em iniciar um processo para proteg\u00ea-los: um Tratado do Oceano.<\/p>\n<p>Esse grande acordo n\u00e3o ser\u00e1 alcan\u00e7ado at\u00e9 2020, mas, enquanto isso, o movimento j\u00e1 contribui para consolidar uma adequada prote\u00e7\u00e3o oce\u00e2nica. No in\u00edcio do m\u00eas, uma enorme \u00e1rea de 1,5 milh\u00e3o de quil\u00f4metros quadrados foi protegida no Mar de Ross, na Ant\u00e1rtida. Em um clima pol\u00edtico turbulento, foi uma demonstra\u00e7\u00e3o importante de como a coopera\u00e7\u00e3o internacional pode agir para proteger nossa casa compartilhada.<\/p>\n<p>Sentada no fundo do mundo, a Ant\u00e1rtica \u00e9 o lar de uma grande diversidade de vida: grandes col\u00f4nias de pinguins-imperador e pinguins-de-ad\u00e9lia; a incr\u00edvel lula-colossal, com olhos do tamanho de bolas de basquete que permitem ver nas profundezas; e a baleia azul , o maior animal que j\u00e1 existiu em nosso planeta.<\/p>\n<div class=\"events-box big-box left\">\n<div class=\"frame\">\n<div style=\"width: 610px\" class=\"wp-caption alignnone\"><a class=\"open-img EnlargeImage\" title=\"\" href=\"https:\/\/www.greenpeace.org\/static\/planet4-brasil-stateless\/2018\/07\/pinguins-gelo.jpg\"><img loading=\"lazy\" decoding=\"async\" id=\"ctl00_cphContentArea_epiEntryContent_ctl00_ctl06_Image1\" class=\"Thumbnail\" style=\"border-width: 0px;\" src=\"https:\/\/www.greenpeace.org\/static\/planet4-brasil-stateless\/2018\/07\/pinguins-gelo.jpg\" alt=\"\" width=\"600\" height=\"400\" \/><\/a><p class=\"wp-caption-text\">Pinguins-de-ad\u00e9lia no oceano ant\u00e1rtico: uma das esp\u00e9cies vulner\u00e1veis \u00e0s amea\u00e7as que v\u00eam pressionando a regi\u00e3o (Foto: \u00a9 Greenpeace \/ Jiri Rezac)<\/p><\/div>\n<p>Na Ant\u00e1rtida, a crescente expans\u00e3o da pesca industrial visa uma esp\u00e9cie que praticamente todos os animais dependem: o krill. S\u00e3o min\u00fasculos crust\u00e1ceos, tipo um camar\u00e3o, que pinguins, baleias, focas e outros animais selvagens dependem para sobreviver. <a href=\"https:\/\/exame.abril.com.br\/ciencia\/milhares-de-filhotes-de-pinguins-morrem-de-fome-na-antartica\/\">A terr\u00edvel not\u00edcia de que uma col\u00f4nia de quase 40.000 pinguins morreu de fome,<\/a> com apenas dois filhotes sobreviventes, \u00e9 uma sombria ilustra\u00e7\u00e3o das enormes press\u00f5es que as popula\u00e7\u00f5es da vida selvagem da Ant\u00e1rtida j\u00e1 enfrentam. Uma ind\u00fastria de krill em expans\u00e3o \u00e9 apenas mais uma not\u00edcia ruim para a sa\u00fade do Oceano Ant\u00e1rtico. Pior ainda, a ind\u00fastria do krill est\u00e1 bloqueando as tentativas de prote\u00e7\u00e3o ambiental na regi\u00e3o.<\/p>\n<\/div>\n<\/div>\n<p>Neste momento, os governos respons\u00e1veis \u200b\u200bpela Ant\u00e1rtida est\u00e3o reunidos para discutir o futuro do continente e de suas \u00e1guas. Ao se reencontrarem em outubro, eles ter\u00e3o uma oportunidade hist\u00f3rica para estabelecer a maior \u00e1rea protegida da Terra: um Santu\u00e1rio do Oceano Ant\u00e1rtico. Com 1,8 milh\u00e3o de km<sup>2<\/sup>, ele abrangeria o Mar de Weddell, ao lado da Pen\u00ednsula Ant\u00e1rtica, e seria cinco vezes o tamanho da Alemanha, o pa\u00eds que prop\u00f5e sua cria\u00e7\u00e3o.<\/p>\n<p>A cria\u00e7\u00e3o da maior \u00e1rea protegida do mundo no Oceano Ant\u00e1rtico mostraria que o lobby corporativo e interesses nacionais n\u00e3o combinam com o apelo global para proteger o que pertence a todos n\u00f3s.<\/p>\n<div class=\"events-box middle-box left\">\n<div class=\"frame reset-padding\"><a class=\"open-img EnlargeImage\" title=\"\" href=\"https:\/\/www.greenpeace.org\/static\/planet4-brasil-stateless\/2018\/07\/logo_antartica_square.png\"><br \/>\n<img decoding=\"async\" id=\"ctl00_cphContentArea_epiEntryContent_ctl00_ctl08_Image1\" class=\"Thumbnail\" style=\"border-width: 0px;\" src=\"https:\/\/www.greenpeace.org\/static\/planet4-brasil-stateless\/2018\/07\/logo_antartica_square.png\" alt=\"\" \/><\/a><\/div>\n<\/div>\n<p>&nbsp;<\/p>\n<\/div>\n<div class=\"hidden\"><\/div>\n<\/div>\n<p style=\"text-align: left;\"><strong>O movimento para proteger mais da metade do nosso planeta &#8211; os oceanos &#8211; come\u00e7a agora,\u00a0<\/strong><strong>e come\u00e7a na Ant\u00e1rtida.<\/strong><\/p>\n<p style=\"text-align: center;\"><!--HubSpot Call-to-Action Code --><span id=\"hs-cta-wrapper-824664e5-a520-4c51-be61-fbae4f522795\" class=\"hs-cta-wrapper\"><span id=\"hs-cta-824664e5-a520-4c51-be61-fbae4f522795\" class=\"hs-cta-node hs-cta-824664e5-a520-4c51-be61-fbae4f522795\"><!-- [if lte IE 8]><\/p>\n\n\n\n\n\n\n\n\n\n<div id=\"hs-cta-ie-element\"><\/div>\n\n\n\n\n<![endif]--><a href=\"https:\/\/cta-redirect.hubspot.com\/cta\/redirect\/537105\/824664e5-a520-4c51-be61-fbae4f522795\"><img decoding=\"async\" id=\"hs-cta-img-824664e5-a520-4c51-be61-fbae4f522795\" class=\"hs-cta-img\" style=\"border-width: 0px; color: #fff;\" src=\"https:\/\/www.greenpeace.org\/static\/planet4-brasil-stateless\/2018\/07\/824664e5-a520-4c51-be61-fbae4f522795.png\" alt=\"Assine a peti\u00e7\u00e3o\" \/><\/a><\/span><br \/>\n<script charset=\"utf-8\" type=\"text\/javascript\" src=\"https:\/\/js.hscta.net\/cta\/current.js\"><\/script><\/span><\/p>\n<p><!-- end HubSpot Call-to-Action Code --><\/p>\n","protected":false},"excerpt":{"rendered":"<p>Em outubro de 2018, a Comiss\u00e3o para a Conserva\u00e7\u00e3o da Ant\u00e1rtida votar\u00e1 a proposta de estabelecer um santu\u00e1rio de 1,8 milh\u00e3o de km2 no oceano ant\u00e1rtico. Desde j\u00e1, \u00e9 a chance de criar um movimento para manter pinguins, baleias e focas longe das agress\u00f5es humanas, e que n\u00e3o pode ser perdida.<\/p>\n","protected":false},"author":28,"featured_media":689,"comment_status":"open","ping_status":"open","sticky":false,"template":"","format":"standard","meta":{"ep_exclude_from_search":false,"p4_og_title":"","p4_og_description":"","p4_og_image":"","p4_og_image_id":"","p4_seo_canonical_url":"","p4_campaign_name":"","p4_local_project":"","p4_basket_name":"","p4_department":"","footnotes":""},"categories":[64,3],"tags":[27,6],"p4-page-type":[16],"class_list":["post-683","post","type-post","status-publish","format-standard","has-post-thumbnail","hentry","category-oceanos","category-proteja-a-natureza","tag-oceanos","tag-clima","p4-page-type-blog"],"_links":{"self":[{"href":"https:\/\/www.greenpeace.org\/brasil\/wp-json\/wp\/v2\/posts\/683","targetHints":{"allow":["GET"]}}],"collection":[{"href":"https:\/\/www.greenpeace.org\/brasil\/wp-json\/wp\/v2\/posts"}],"about":[{"href":"https:\/\/www.greenpeace.org\/brasil\/wp-json\/wp\/v2\/types\/post"}],"author":[{"embeddable":true,"href":"https:\/\/www.greenpeace.org\/brasil\/wp-json\/wp\/v2\/users\/28"}],"replies":[{"embeddable":true,"href":"https:\/\/www.greenpeace.org\/brasil\/wp-json\/wp\/v2\/comments?post=683"}],"version-history":[{"count":4,"href":"https:\/\/www.greenpeace.org\/brasil\/wp-json\/wp\/v2\/posts\/683\/revisions"}],"predecessor-version":[{"id":3107,"href":"https:\/\/www.greenpeace.org\/brasil\/wp-json\/wp\/v2\/posts\/683\/revisions\/3107"}],"wp:featuredmedia":[{"embeddable":true,"href":"https:\/\/www.greenpeace.org\/brasil\/wp-json\/wp\/v2\/media\/689"}],"wp:attachment":[{"href":"https:\/\/www.greenpeace.org\/brasil\/wp-json\/wp\/v2\/media?parent=683"}],"wp:term":[{"taxonomy":"category","embeddable":true,"href":"https:\/\/www.greenpeace.org\/brasil\/wp-json\/wp\/v2\/categories?post=683"},{"taxonomy":"post_tag","embeddable":true,"href":"https:\/\/www.greenpeace.org\/brasil\/wp-json\/wp\/v2\/tags?post=683"},{"taxonomy":"p4-page-type","embeddable":true,"href":"https:\/\/www.greenpeace.org\/brasil\/wp-json\/wp\/v2\/p4-page-type?post=683"}],"curies":[{"name":"wp","href":"https:\/\/api.w.org\/{rel}","templated":true}]}}