{"id":7279,"date":"2018-11-12T12:00:25","date_gmt":"2018-11-12T14:00:25","guid":{"rendered":"https:\/\/www.greenpeace.org\/brasil\/?p=7279"},"modified":"2022-06-30T17:28:59","modified_gmt":"2022-06-30T20:28:59","slug":"estudo-aponta-concentracao-de-renda-e-terras-como-efeitos-da-producao-de-commodities-no-cerrado","status":"publish","type":"post","link":"https:\/\/www.greenpeace.org\/brasil\/imprensa\/estudo-aponta-concentracao-de-renda-e-terras-como-efeitos-da-producao-de-commodities-no-cerrado\/","title":{"rendered":"Estudo aponta concentra\u00e7\u00e3o de renda e terras como efeitos da produ\u00e7\u00e3o de commodities no Cerrado"},"content":{"rendered":"<h4 style=\"text-align: left;\" align=\"center\">Relat\u00f3rio do Greenpeace mostra que 58% dos munic\u00edpios do Matopiba continuam pobres, com produ\u00e7\u00e3o e qualidade de vida piores do que a m\u00e9dia de seus estados<\/h4>\n<p>Estudo in\u00e9dito apoiado pelo Greenpeace sobre as din\u00e2micas socioecon\u00f4micas na regi\u00e3o de Cerrado denominada Matopiba mostra que munic\u00edpios campe\u00f5es na produ\u00e7\u00e3o de soja na regi\u00e3o n\u00e3o tem indicadores de desenvolvimento social condizentes com a riqueza que produzem na balan\u00e7a comercial.<\/p>\n<p>Segundo o relat\u00f3rio \u201c<a href=\"https:\/\/www.greenpeace.org\/static\/planet4-brasil-stateless\/2018\/11\/8c5286f6-relatorio_matopiba.pdf?utm_campaign=Imprensa%20%7C%20Press%20release&amp;utm_source=hs_email&amp;utm_medium=email&amp;_hsenc=p2ANqtz--KlYUgMfRVmR_gNqGbkcDtZ-eV18WkWUJCD-iusjnenWa1ORVEuVHMt1bK1bL9jeZrabA7\" target=\"_blank\" rel=\"noopener noreferrer\" data-hs-link-id=\"0\">Segure a Linha: A Expans\u00e3o do Agroneg\u00f3cio e a Disputa pelo Cerrado<\/a>\u201d, somente em 45 dos 337 munic\u00edpios do Matopiba, que engloba os estados do Maranh\u00e3o, Tocantins, Piau\u00ed e Bahia, os indicadores de produ\u00e7\u00e3o e de bem-estar superam a m\u00e9dia dos respectivos estados. A grande maioria est\u00e1 na situa\u00e7\u00e3o oposta: 196 munic\u00edpios continuam pobres, com produ\u00e7\u00e3o e qualidade de vida piores do que a m\u00e9dia de seus estados.<\/p>\n<p><strong><em>&gt;&gt; Veja fotos <a href=\"https:\/\/media.greenpeace.org\/collection\/27MZIFJWUZITW?utm_campaign=Imprensa%20%7C%20Press%20release&amp;utm_source=hs_email&amp;utm_medium=email&amp;_hsenc=p2ANqtz--KlYUgMfRVmR_gNqGbkcDtZ-eV18WkWUJCD-iusjnenWa1ORVEuVHMt1bK1bL9jeZrabA7#\/SearchResult&amp;ALID=27MZIFJWUZITW&amp;VBID=27MZVND21PO\" target=\"_blank\" rel=\"noopener noreferrer\" data-hs-link-id=\"0\">aqui <\/a>| Fa\u00e7a o download do relat\u00f3rio completo <a href=\"https:\/\/www.greenpeace.org\/static\/planet4-brasil-stateless\/2018\/11\/8c5286f6-relatorio_matopiba.pdf?utm_campaign=Imprensa%20%7C%20Press%20release&amp;utm_source=hs_email&amp;utm_medium=email&amp;_hsenc=p2ANqtz--KlYUgMfRVmR_gNqGbkcDtZ-eV18WkWUJCD-iusjnenWa1ORVEuVHMt1bK1bL9jeZrabA7\" target=\"_blank\" rel=\"noopener noreferrer\" data-hs-link-id=\"1\">aqui <\/a><\/em><\/strong><\/p>\n<p>\u201cO estudo mostra que h\u00e1 muito mais pobreza e desigualdade do que riqueza e bem estar nesta regi\u00e3o que \u00e9 apresentada como modelo de sucesso pelo agroneg\u00f3cio\u201d, afirma o autor do estudo, o Soci\u00f3logo e Doutor em Ci\u00eancia Ambiental, Prof. Arilson Favareto, da Universidade Federal do ABC. Para o estudo, foram percorridos mais de 7 mil quil\u00f4metros nos quatro estados da regi\u00e3o e realizadas cerca de 150 entrevistas com atores de diferentes segmentos. Foram analisados, ainda, dados p\u00fablicos sobre a produ\u00e7\u00e3o e com\u00e9rcio de commodities e indicadores socioecon\u00f4micos oficiais.<\/p>\n<p>Dos 10 munic\u00edpios campe\u00f5es na produ\u00e7\u00e3o de soja no Matopiba, apenas tr\u00eas est\u00e3o no grupo com bons indicadores sociais, classificados como munic\u00edpios \u201cricos\u201d, onde h\u00e1 grande produ\u00e7\u00e3o e bons indicadores sociais. Na outra ponta est\u00e3o os munic\u00edpios classificados como \u201cinjustos\u201d, que totalizam 67 dos 337 munic\u00edpios que comp\u00f5em o Matopiba, onde, mesmo com alta produ\u00e7\u00e3o de gr\u00e3os, os indicadores sociais, como mortalidade infantil, acesso a educa\u00e7\u00e3o, sa\u00fade e n\u00edvel de renda, est\u00e3o bem abaixo da m\u00e9dia dos estado.<\/p>\n<p>\u201cO estudo tamb\u00e9m mostra que, mesmo nas cidades com bons \u00edndices sociais, as principais melhorias nas localidades n\u00e3o partem da iniciativa privada do setor, mas sim do pr\u00f3prio Estado, no processo de garantir financiamento e infraestrutura para que o neg\u00f3cio de commodities tenha competitividade para levar lucro a seus investidores, e n\u00e3o para o desenvolvimento local. Nas regi\u00f5es onde a soja desponta, a concentra\u00e7\u00e3o de renda e a pouca gera\u00e7\u00e3o de emprego se aprofundam. Na pr\u00e1tica, isso \u00e9 a nega\u00e7\u00e3o do \u2018Agro \u00e9 Pop\u2019 que o setor tenta martelar para a sociedade&#8221;, explica Adriana Charoux, da campanha Amaz\u00f4nia do Greenpeace Brasil.<\/p>\n<p>Segundo o estudo, 60% da renda gerada no Matopiba fica concentrada em 0,4% das fazendas produtoras, enquanto 80% das fazendas ficam com apenas 5% da riqueza produzida na regi\u00e3o. Sobre a gera\u00e7\u00e3o de empregos, ao se considerar exclusivamente o emprego formal, n\u00e3o \u00e9 na agropecu\u00e1ria que se concentram os v\u00ednculos. Quem prevalece \u00e9 o setor de servi\u00e7os, que concentrou 67,9% dos empregos, em m\u00e9dia, nos munic\u00edpios em 2014. Ou seja, os trabalhos tempor\u00e1rios ou informais s\u00e3o os que prevalecem no setor agropecu\u00e1rio. E os formais, diretamente relacionados ao setor, raramente empregam m\u00e3o de obra local, uma vez que requerem qualifica\u00e7\u00e3o muito espec\u00edfica para seu desempenho.<\/p>\n<p>Outro agravante \u00e9 que, de acordo com o Instituto Nacional de Pesquisas Espaciais &#8211; INPE, entre 2013 e 2015 foram subtra\u00eddos 36.900 km\u00b2 da cobertura vegetal do Cerrado, boa parte no Matopiba. \u201c\u00c9 uma conta que n\u00e3o fecha. O desmatamento n\u00e3o pode ser visto como um custo inerente ao desenvolvimento quando, na verdade, toda a comunidade cient\u00edfica mundial vem alertando que \u00e9 justamente o contr\u00e1rio. \u00c9 a manuten\u00e7\u00e3o de nossa vegeta\u00e7\u00e3o nativa que assegura o equil\u00edbrio clim\u00e1tico fundamental para garantir n\u00e3o apenas a seguran\u00e7a da humanidade, mas a sobreviv\u00eancia do pr\u00f3prio agroneg\u00f3cio brasileiro.\u201d, observa Charoux. &#8220;A produ\u00e7\u00e3o com desmatamento faz com que o Brasil perca competitividade, amea\u00e7ando a gera\u00e7\u00e3o de empregos&#8221;.<\/p>\n<p>N\u00e3o se trata de dizer que tudo de ruim se deve ao agroneg\u00f3cio, mas de chamar aten\u00e7\u00e3o para o fato do Brasil ser t\u00e3o dependente de um setor que cobra tamanho custo ambiental. Os resultados do estudo chegam em um momento cr\u00edtico para o Brasil, onde o Pa\u00eds volta a questionar o valor da preserva\u00e7\u00e3o dos recursos naturais em oposi\u00e7\u00e3o a um suposto ganho econ\u00f4mico de curto prazo proporcionado pela manuten\u00e7\u00e3o de um modelo de desenvolvimento pouco diverso e extremamente excludente.<\/p>\n<p>Para ler o estudo completo, acesse o link: <a href=\"https:\/\/www.greenpeace.org\/static\/planet4-brasil-stateless\/2018\/11\/8c5286f6-relatorio_matopiba.pdf?utm_campaign=Imprensa%20%7C%20Press%20release&amp;utm_source=hs_email&amp;utm_medium=email&amp;_hsenc=p2ANqtz--KlYUgMfRVmR_gNqGbkcDtZ-eV18WkWUJCD-iusjnenWa1ORVEuVHMt1bK1bL9jeZrabA7\" target=\"_blank\" rel=\"noopener noreferrer\" data-hs-link-id=\"2\">Segure a linha<\/a><\/p>\n<p>Para fazer o download de fotos e v\u00eddeos da regi\u00e3o, acesse os links:<a href=\"https:\/\/media.greenpeace.org\/collection\/27MZIFJWUZITW?utm_campaign=Imprensa%20%7C%20Press%20release&amp;utm_source=hs_email&amp;utm_medium=email&amp;_hsenc=p2ANqtz--KlYUgMfRVmR_gNqGbkcDtZ-eV18WkWUJCD-iusjnenWa1ORVEuVHMt1bK1bL9jeZrabA7#\/SearchResult&amp;ALID=27MZIFJWUZITW&amp;VBID=27MZVND21PO\" target=\"_blank\" rel=\"noopener noreferrer\" data-hs-link-id=\"1\"> Agro<\/a> | <a href=\"https:\/\/media.greenpeace.org\/collection\/27MZIFJWUG392?utm_campaign=Imprensa%20%7C%20Press%20release&amp;utm_source=hs_email&amp;utm_medium=email&amp;_hsenc=p2ANqtz--KlYUgMfRVmR_gNqGbkcDtZ-eV18WkWUJCD-iusjnenWa1ORVEuVHMt1bK1bL9jeZrabA7\" target=\"_blank\" rel=\"noopener noreferrer\" data-hs-link-id=\"0\">Cerrado<\/a> | <a href=\"https:\/\/media.greenpeace.org\/collection\/27MZIFJWU7KPU?utm_campaign=Imprensa%20%7C%20Press%20release&amp;utm_source=hs_email&amp;utm_medium=email&amp;_hsenc=p2ANqtz--KlYUgMfRVmR_gNqGbkcDtZ-eV18WkWUJCD-iusjnenWa1ORVEuVHMt1bK1bL9jeZrabA7\" target=\"_blank\" rel=\"noopener noreferrer\" data-hs-link-id=\"0\">Comunidades e cultura<\/a><\/p>\n<p><strong>Assessoria de Imprensa<\/strong><br \/>\nRebecca Cesar<br \/>\n<a href=\"mailto:imprensa.br@greenpeace.org\" target=\"_blank\" rel=\"noopener noreferrer\">imprensa.br@greenpeace.org <\/a><br \/>\n(11) 3035-1167 e (11) 9-5640-0443<\/p>\n","protected":false},"excerpt":{"rendered":"<p>Relat\u00f3rio do Greenpeace mostra que 58% dos munic\u00edpios do Matopiba continuam pobres, com produ\u00e7\u00e3o e qualidade de vida piores do que a m\u00e9dia de seus estados Estudo in\u00e9dito apoiado pelo&hellip;<\/p>\n","protected":false},"author":28,"featured_media":0,"comment_status":"closed","ping_status":"closed","sticky":false,"template":"","format":"standard","meta":{"ep_exclude_from_search":false,"p4_og_title":"","p4_og_description":"","p4_og_image":"","p4_og_image_id":"","p4_seo_canonical_url":"","p4_campaign_name":"","p4_local_project":"","p4_basket_name":"","p4_department":"","footnotes":""},"categories":[3],"tags":[55],"p4-page-type":[14],"class_list":["post-7279","post","type-post","status-publish","format-standard","hentry","category-proteja-a-natureza","tag-imprensa","p4-page-type-imprensa"],"_links":{"self":[{"href":"https:\/\/www.greenpeace.org\/brasil\/wp-json\/wp\/v2\/posts\/7279","targetHints":{"allow":["GET"]}}],"collection":[{"href":"https:\/\/www.greenpeace.org\/brasil\/wp-json\/wp\/v2\/posts"}],"about":[{"href":"https:\/\/www.greenpeace.org\/brasil\/wp-json\/wp\/v2\/types\/post"}],"author":[{"embeddable":true,"href":"https:\/\/www.greenpeace.org\/brasil\/wp-json\/wp\/v2\/users\/28"}],"replies":[{"embeddable":true,"href":"https:\/\/www.greenpeace.org\/brasil\/wp-json\/wp\/v2\/comments?post=7279"}],"version-history":[{"count":5,"href":"https:\/\/www.greenpeace.org\/brasil\/wp-json\/wp\/v2\/posts\/7279\/revisions"}],"predecessor-version":[{"id":12828,"href":"https:\/\/www.greenpeace.org\/brasil\/wp-json\/wp\/v2\/posts\/7279\/revisions\/12828"}],"wp:attachment":[{"href":"https:\/\/www.greenpeace.org\/brasil\/wp-json\/wp\/v2\/media?parent=7279"}],"wp:term":[{"taxonomy":"category","embeddable":true,"href":"https:\/\/www.greenpeace.org\/brasil\/wp-json\/wp\/v2\/categories?post=7279"},{"taxonomy":"post_tag","embeddable":true,"href":"https:\/\/www.greenpeace.org\/brasil\/wp-json\/wp\/v2\/tags?post=7279"},{"taxonomy":"p4-page-type","embeddable":true,"href":"https:\/\/www.greenpeace.org\/brasil\/wp-json\/wp\/v2\/p4-page-type?post=7279"}],"curies":[{"name":"wp","href":"https:\/\/api.w.org\/{rel}","templated":true}]}}