{"id":7330,"date":"2019-01-28T09:41:32","date_gmt":"2019-01-28T11:41:32","guid":{"rendered":"https:\/\/www.greenpeace.org\/brasil\/?p=7330"},"modified":"2023-08-23T00:06:51","modified_gmt":"2023-08-23T03:06:51","slug":"o-que-os-corais-da-amazonia-podem-ensinar-sobre-brumadinho","status":"publish","type":"post","link":"https:\/\/www.greenpeace.org\/brasil\/blog\/o-que-os-corais-da-amazonia-podem-ensinar-sobre-brumadinho\/","title":{"rendered":"O que os Corais da Amaz\u00f4nia podem ensinar sobre Brumadinho?"},"content":{"rendered":"<h4>Este 28 de janeiro \u00e9 celebrado como o Dia Mundial dos Corais da Amaz\u00f4nia, data em que o mundo conheceu as primeiras imagens deste ecossistema recifal \u00fanico<\/h4>\n<p><img loading=\"lazy\" decoding=\"async\" class=\"alignleft wp-image-7312 size-medium\" src=\"https:\/\/www.greenpeace.org\/static\/planet4-brasil-stateless\/2019\/01\/dedefccb-macro_post-dia-mundial-dos-corais-da-amazonia-1080x1080px-300x300.png\" alt=\"\" width=\"300\" height=\"300\" srcset=\"https:\/\/www.greenpeace.org\/static\/planet4-brasil-stateless\/2019\/01\/dedefccb-macro_post-dia-mundial-dos-corais-da-amazonia-1080x1080px-300x300.png 300w, https:\/\/www.greenpeace.org\/static\/planet4-brasil-stateless\/2019\/01\/dedefccb-macro_post-dia-mundial-dos-corais-da-amazonia-1080x1080px-150x150.png 150w, https:\/\/www.greenpeace.org\/static\/planet4-brasil-stateless\/2019\/01\/dedefccb-macro_post-dia-mundial-dos-corais-da-amazonia-1080x1080px-768x768.png 768w, https:\/\/www.greenpeace.org\/static\/planet4-brasil-stateless\/2019\/01\/dedefccb-macro_post-dia-mundial-dos-corais-da-amazonia-1080x1080px-1024x1024.png 1024w, https:\/\/www.greenpeace.org\/static\/planet4-brasil-stateless\/2019\/01\/dedefccb-macro_post-dia-mundial-dos-corais-da-amazonia-1080x1080px-340x340.png 340w, https:\/\/www.greenpeace.org\/static\/planet4-brasil-stateless\/2019\/01\/dedefccb-macro_post-dia-mundial-dos-corais-da-amazonia-1080x1080px.png 1080w\" sizes=\"auto, (max-width: 300px) 100vw, 300px\" \/><\/p>\n<p>H\u00e1 dois anos, usamos um mini submarino em nossa primeira expedi\u00e7\u00e3o \u00e0 bacia da foz do Rio Amazonas, a mais de 100 km da costa do Amap\u00e1 e mais de 100 metros de profundidade, <a href=\"https:\/\/www.greenpeace.org\/brasil\/blog\/corais-da-amazonia-as-primeiras-imagens-de-um-novo-mundo\/\" target=\"_blank\" rel=\"noopener noreferrer\">para registrar uma grande diversidade de vidas, cores e texturas que encantou os cientistas e o mundo<\/a>. A humanidade se deparava com um novo cantinho do planeta at\u00e9 ent\u00e3o desconhecido.<\/p>\n<p>Por dois anos, promovemos uma intensa mobiliza\u00e7\u00e3o em defesa do recife dos Corais da Amaz\u00f4nia, no qual mais de 2 milh\u00f5es de pessoas ao redor do mundo assinaram uma peti\u00e7\u00e3o se declarando contra a explora\u00e7\u00e3o de petr\u00f3leo na regi\u00e3o, que amea\u00e7ava esse tesouro natural que s\u00f3 existe ali. A <a href=\"https:\/\/www.greenpeace.org\/brasil\/blog\/vitoria-a-total-nao-vai-explorar-petroleo-perto-dos-corais-da-amazonia\/\" target=\"_blank\" rel=\"noopener noreferrer\">vit\u00f3ria veio no final do ano passado<\/a>, com a rejei\u00e7\u00e3o definitiva pelo Ibama da licen\u00e7a ambiental que autorizaria a explora\u00e7\u00e3o para a petrol\u00edfera Total.<\/p>\n<p><b>Exemplo para o pa\u00eds<\/b><\/p>\n<p>Este \u00e9 um importante alerta e exemplo sobre a import\u00e2ncia <b>de se respeitar o processo de licenciamento ambiental<\/b>. Os t\u00e9cnicos do Ibama avaliaram o Estudo de Impacto Ambiental da empresa por cinco vezes e constataram que ela n\u00e3o tinha um plano de emerg\u00eancia adequado para lidar com um derramamento de petr\u00f3leo. Se isso acontecesse, poder\u00edamos ter outro grande impacto ambiental como vimos agora com o <a href=\"https:\/\/www.greenpeace.org\/brasil\/blog\/vale-faz-nova-vitima-brumadinho\/\" target=\"_blank\" rel=\"noopener noreferrer\">rompimento da barragem em Brumadinho (MG)<\/a>.<\/p>\n<p>\u00c9 bom lembrar, al\u00e9m da riqueza dos pr\u00f3prios Corais da Amaz\u00f4nia, na costa do Amap\u00e1 \u00a0est\u00e1 uma das maiores faixas de manguezais do mundo, sendo um ber\u00e7\u00e1rio e \u00e1rea de alimenta\u00e7\u00e3o sens\u00edvel para diversas esp\u00e9cies de peixes, crust\u00e1ceos, aves e mam\u00edferos. Al\u00e9m disso, diversas comunidades de pescadores dependem dos mares limpos e saud\u00e1veis para se manter. Uma opera\u00e7\u00e3o petrol\u00edfera teria fortes perturba\u00e7\u00f5es aos animais e, com as fortes correntezas que s\u00e3o comuns nestas \u00e1guas, um vazamento de \u00f3leo causado por qualquer motivo poderia se espalhar rapidamente, chegando mesmo at\u00e9 o Caribe. Levaria anos para que tudo fosse limpo.<\/p>\n<div id=\"attachment_3955\" style=\"width: 1034px\" class=\"wp-caption alignnone\"><img loading=\"lazy\" decoding=\"async\" aria-describedby=\"caption-attachment-3955\" class=\"size-large wp-image-3955\" src=\"https:\/\/www.greenpeace.org\/static\/planet4-brasil-stateless\/2018\/08\/513f779e-gp0stqhbw_medium_res-1024x577.jpg\" alt=\"\" width=\"1024\" height=\"577\" srcset=\"https:\/\/www.greenpeace.org\/static\/planet4-brasil-stateless\/2018\/08\/513f779e-gp0stqhbw_medium_res-1024x577.jpg 1024w, https:\/\/www.greenpeace.org\/static\/planet4-brasil-stateless\/2018\/08\/513f779e-gp0stqhbw_medium_res-300x169.jpg 300w, https:\/\/www.greenpeace.org\/static\/planet4-brasil-stateless\/2018\/08\/513f779e-gp0stqhbw_medium_res-768x433.jpg 768w, https:\/\/www.greenpeace.org\/static\/planet4-brasil-stateless\/2018\/08\/513f779e-gp0stqhbw_medium_res-510x288.jpg 510w, https:\/\/www.greenpeace.org\/static\/planet4-brasil-stateless\/2018\/08\/513f779e-gp0stqhbw_medium_res.jpg 1199w\" sizes=\"auto, (max-width: 1024px) 100vw, 1024px\" \/><p id=\"caption-attachment-3955\" class=\"wp-caption-text\">Gra\u00e7as \u00e0 avalia\u00e7\u00e3o exigida pelo licenciamento ambiental, um crime ambiental que poderia destruir esse ecossistema pode ter sido evitado; agora \u00e9 preciso exigir &#8220;blindagem pol\u00edtica&#8221; dos \u00f3rg\u00e3os t\u00e9cnicos<\/p><\/div>\n<p>Por isso, \u00e9 importante que a<b>\u00a0mesma seriedade concedida para a petrol\u00edfera Total em rela\u00e7\u00e3o aos Corais da Amaz\u00f4nia seja aplicada na avalia\u00e7\u00e3o de todos os empreendimentos no Brasi<\/b>l para evitar que novas trag\u00e9dias como Mariana e Brumadinho continuem acontecendo. N\u00e3o podemos continuar permitindo interfer\u00eancias pol\u00edticas e afrouxamentos das regras, como foi o caso da barragem em Minas Gerais, no qual <a href=\"https:\/\/www1.folha.uol.com.br\/cotidiano\/2019\/01\/risco-de-rompimento-foi-citado-na-tensa-reuniao-que-aprovou-licenca-da-barragem.shtml\" target=\"_blank\" rel=\"noopener noreferrer\">a licen\u00e7a ambiental foi concedida de forma expressa<\/a>, apesar dos riscos e avalia\u00e7\u00f5es t\u00e9cnicas apontados pela comunidade local, os ambientalistas e t\u00e9cnicos do Ibama.<\/p>\n<div id=\"attachment_7340\" style=\"width: 1034px\" class=\"wp-caption alignnone\"><img loading=\"lazy\" decoding=\"async\" aria-describedby=\"caption-attachment-7340\" class=\"size-large wp-image-7340\" src=\"https:\/\/www.greenpeace.org\/static\/planet4-brasil-stateless\/2019\/01\/2cfe0649-gp0stqaob-1024x575.jpg\" alt=\"Mariana Disaster: One Year after the Collapse of the Dam. \u00a9 Yuri Barichivich\" width=\"1024\" height=\"575\" srcset=\"https:\/\/www.greenpeace.org\/static\/planet4-brasil-stateless\/2019\/01\/2cfe0649-gp0stqaob-1024x575.jpg 1024w, https:\/\/www.greenpeace.org\/static\/planet4-brasil-stateless\/2019\/01\/2cfe0649-gp0stqaob-300x169.jpg 300w, https:\/\/www.greenpeace.org\/static\/planet4-brasil-stateless\/2019\/01\/2cfe0649-gp0stqaob-768x431.jpg 768w, https:\/\/www.greenpeace.org\/static\/planet4-brasil-stateless\/2019\/01\/2cfe0649-gp0stqaob-510x286.jpg 510w, https:\/\/www.greenpeace.org\/static\/planet4-brasil-stateless\/2019\/01\/2cfe0649-gp0stqaob.jpg 1200w\" sizes=\"auto, (max-width: 1024px) 100vw, 1024px\" \/><p id=\"caption-attachment-7340\" class=\"wp-caption-text\">Manifesta\u00e7\u00e3o por justi\u00e7a nas ru\u00ednas da escola de Bento Rodrigues um ano ap\u00f3s o rompimento da barragem de Mariana: falha no rigor do licenciamento ambiental e da fiscaliza\u00e7\u00e3o<\/p><\/div>\n<p>Grupos com forte lobby no Congresso, grupos ligados ao agroneg\u00f3cio, da ind\u00fastria e da minera\u00e7\u00e3o continuam pressionando para mudar a lei. <b>Sob o argumento de que h\u00e1 muita burocracia, querem flexibilizar o licenciamento ambiental, sem considerar que ele \u00e9 um importante <\/b><a href=\"https:\/\/ambiencia.blogfolha.uol.com.br\/2019\/01\/25\/governos-insistem-em-afrouxar-licenciamento-a-melhor-vacina-contra-desastres-ambientais\" target=\"_blank\" rel=\"noopener noreferrer\"><b>mecanismo de preven\u00e7\u00e3o<\/b><\/a>. Em caso de desastres, os mais atingidos s\u00e3o as pessoas mais vulner\u00e1veis e o meio ambiente, e n\u00e3o as empresas. O novo desastre em Brumadinho, tr\u00eas anos ap\u00f3s Mariana, mostra que os ambientalistas est\u00e3o certos em criticar esse &#8220;jeitinho&#8221;.<\/p>\n<p><b>Uma trag\u00e9dia evitada!<\/b><\/p>\n<p>Neste 28 de janeiro, vamos celebrar os Corais da Amaz\u00f4nia com o sentimento de dever cumprido. Todos n\u00f3s que fomos \u00e0s ruas, que assinamos as peti\u00e7\u00f5es, que fizemos doa\u00e7\u00f5es para viabilizar essas importantes expedi\u00e7\u00f5es, ajudamos a proteger um ecossistema \u00fanico, <strong>e podemos ter evitado tamb\u00e9m uma trag\u00e9dia imensur\u00e1vel em uma das regi\u00f5es mais belas e exuberantes do planeta<\/strong>. Mas precisamos continuar vigilantes. Afinal, aqueles que defendem o desenvolvimento a qualquer custo, em busca do lucro r\u00e1pido e f\u00e1cil, n\u00e3o perdem uma oportunidade. Outras empresas est\u00e3o de olho no petr\u00f3leo da bacia da foz do Rio Amazonas e podem querer explorar a regi\u00e3o.<\/p>\n<p><strong><a href=\"https:\/\/www.greenpeace.org.br\/parem-a-vale\">Assine agora o abaixo-assinado: #ParemAVale<\/a><\/strong><\/p>\n","protected":false},"excerpt":{"rendered":"<p>Este 28 de janeiro \u00e9 celebrado como o Dia Mundial dos Corais da Amaz\u00f4nia, data em que o mundo conheceu as primeiras imagens deste ecossistema recifal \u00fanico<\/p>\n","protected":false},"author":28,"featured_media":4648,"comment_status":"open","ping_status":"closed","sticky":false,"template":"","format":"standard","meta":{"ep_exclude_from_search":false,"p4_og_title":"","p4_og_description":"","p4_og_image":"","p4_og_image_id":"","p4_seo_canonical_url":"","p4_campaign_name":"","p4_local_project":"","p4_basket_name":"","p4_department":"","footnotes":""},"categories":[64,3],"tags":[7,23,27],"p4-page-type":[16],"class_list":["post-7330","post","type-post","status-publish","format-standard","has-post-thumbnail","hentry","category-oceanos","category-proteja-a-natureza","tag-energia","tag-mobilizacao","tag-oceanos","p4-page-type-blog"],"_links":{"self":[{"href":"https:\/\/www.greenpeace.org\/brasil\/wp-json\/wp\/v2\/posts\/7330","targetHints":{"allow":["GET"]}}],"collection":[{"href":"https:\/\/www.greenpeace.org\/brasil\/wp-json\/wp\/v2\/posts"}],"about":[{"href":"https:\/\/www.greenpeace.org\/brasil\/wp-json\/wp\/v2\/types\/post"}],"author":[{"embeddable":true,"href":"https:\/\/www.greenpeace.org\/brasil\/wp-json\/wp\/v2\/users\/28"}],"replies":[{"embeddable":true,"href":"https:\/\/www.greenpeace.org\/brasil\/wp-json\/wp\/v2\/comments?post=7330"}],"version-history":[{"count":15,"href":"https:\/\/www.greenpeace.org\/brasil\/wp-json\/wp\/v2\/posts\/7330\/revisions"}],"predecessor-version":[{"id":12791,"href":"https:\/\/www.greenpeace.org\/brasil\/wp-json\/wp\/v2\/posts\/7330\/revisions\/12791"}],"wp:featuredmedia":[{"embeddable":true,"href":"https:\/\/www.greenpeace.org\/brasil\/wp-json\/wp\/v2\/media\/4648"}],"wp:attachment":[{"href":"https:\/\/www.greenpeace.org\/brasil\/wp-json\/wp\/v2\/media?parent=7330"}],"wp:term":[{"taxonomy":"category","embeddable":true,"href":"https:\/\/www.greenpeace.org\/brasil\/wp-json\/wp\/v2\/categories?post=7330"},{"taxonomy":"post_tag","embeddable":true,"href":"https:\/\/www.greenpeace.org\/brasil\/wp-json\/wp\/v2\/tags?post=7330"},{"taxonomy":"p4-page-type","embeddable":true,"href":"https:\/\/www.greenpeace.org\/brasil\/wp-json\/wp\/v2\/p4-page-type?post=7330"}],"curies":[{"name":"wp","href":"https:\/\/api.w.org\/{rel}","templated":true}]}}