{"id":7343,"date":"2019-01-27T13:11:06","date_gmt":"2019-01-27T15:11:06","guid":{"rendered":"https:\/\/www.greenpeace.org\/brasil\/?p=7343"},"modified":"2019-11-06T05:19:57","modified_gmt":"2019-11-06T08:19:57","slug":"brumadinho-chora-e-se-ajuda","status":"publish","type":"post","link":"https:\/\/www.greenpeace.org\/brasil\/blog\/brumadinho-chora-e-se-ajuda\/","title":{"rendered":"Brumadinho chora \u2014 e se ajuda"},"content":{"rendered":"<h4>Equipe do Greenpeace est\u00e1 em Brumadinho documentando o crime ambiental e cobrando justi\u00e7a para as pessoas e o meio ambiente<\/h4>\n<div id=\"attachment_7347\" style=\"width: 1034px\" class=\"wp-caption alignnone\"><img loading=\"lazy\" decoding=\"async\" aria-describedby=\"caption-attachment-7347\" class=\"size-large wp-image-7347\" src=\"https:\/\/www.greenpeace.org\/static\/planet4-brasil-stateless\/2019\/01\/78ef8033-gp0stsy88_medium_res-1024x575.jpg\" alt=\"\" width=\"1024\" height=\"575\" srcset=\"https:\/\/www.greenpeace.org\/static\/planet4-brasil-stateless\/2019\/01\/78ef8033-gp0stsy88_medium_res-1024x575.jpg 1024w, https:\/\/www.greenpeace.org\/static\/planet4-brasil-stateless\/2019\/01\/78ef8033-gp0stsy88_medium_res-300x169.jpg 300w, https:\/\/www.greenpeace.org\/static\/planet4-brasil-stateless\/2019\/01\/78ef8033-gp0stsy88_medium_res-768x431.jpg 768w, https:\/\/www.greenpeace.org\/static\/planet4-brasil-stateless\/2019\/01\/78ef8033-gp0stsy88_medium_res-510x286.jpg 510w, https:\/\/www.greenpeace.org\/static\/planet4-brasil-stateless\/2019\/01\/78ef8033-gp0stsy88_medium_res.jpg 1200w\" sizes=\"auto, (max-width: 1024px) 100vw, 1024px\" \/><p id=\"caption-attachment-7347\" class=\"wp-caption-text\">O mar de lama t\u00f3xica em C\u00f3rrego do Feij\u00e3o: trag\u00e9dia humana e ambiental.<\/p><\/div>\n<p>Uma circula\u00e7\u00e3o incessante de pessoas carregando mantimentos, engradados de garrafas d&#8217;\u00e1gua e artigos de primeira necessidade. Carros de resgate subindo e descendo as ruas em necess\u00e1ria urg\u00eancia. Faixas e manifesta\u00e7\u00f5es em muros revelando o sentimento presente: \u201cVale Assassina Reincidente\u201d, \u201cO lucro \u00e9 o que Vale\u201d; \u201cA Vale Mata!\u201d. Repleta de dor, revolta e esperan\u00e7a, essa foi a Brumadinho que encontramos logo ao chegar aqui, na tarde de ontem.<\/p>\n<p>Uma equipe do Greenpeace chegou a Brumadinho um dia ap\u00f3s o rompimento da barragem para documentar a cat\u00e1strofe e ajudar a garantir transpar\u00eancia sobre o que est\u00e1 acontecendo. Viemos cobrar justi\u00e7a e testemunhar a extens\u00e3o da trag\u00e9dia humana e ambiental causada pelo desastre, <strong>dando voz aos atingidos<\/strong>. Nossa inten\u00e7\u00e3o \u00e9 tamb\u00e9m fortalecer a mobiliza\u00e7\u00e3o local e nacional pela apura\u00e7\u00e3o do crime e repara\u00e7\u00e3o das v\u00edtimas.<\/p>\n<p>Os relatos de pessoas que perderam familiares, casa, acesso \u00e0 \u00e1gua e tantas outras coisas, por conta de mais esse crime da Vale e descaso do poder p\u00fablico, emocionam muito. Brumadinho \u00e9 uma cidade pequena, daquelas em que quase todos se relacionam. Ent\u00e3o \u00e9 dif\u00edcil encontrar algu\u00e9m que n\u00e3o conhe\u00e7a alguma v\u00edtima direta da trag\u00e9dia.<\/p>\n<div id=\"attachment_7349\" style=\"width: 1034px\" class=\"wp-caption alignnone\"><img loading=\"lazy\" decoding=\"async\" aria-describedby=\"caption-attachment-7349\" class=\"size-large wp-image-7349\" src=\"https:\/\/www.greenpeace.org\/static\/planet4-brasil-stateless\/2019\/01\/1c2f6e45-gp0stsy8k_medium_res-1024x683.jpg\" alt=\"\" width=\"1024\" height=\"683\" srcset=\"https:\/\/www.greenpeace.org\/static\/planet4-brasil-stateless\/2019\/01\/1c2f6e45-gp0stsy8k_medium_res-1024x683.jpg 1024w, https:\/\/www.greenpeace.org\/static\/planet4-brasil-stateless\/2019\/01\/1c2f6e45-gp0stsy8k_medium_res-300x200.jpg 300w, https:\/\/www.greenpeace.org\/static\/planet4-brasil-stateless\/2019\/01\/1c2f6e45-gp0stsy8k_medium_res-768x512.jpg 768w, https:\/\/www.greenpeace.org\/static\/planet4-brasil-stateless\/2019\/01\/1c2f6e45-gp0stsy8k_medium_res-510x340.jpg 510w, https:\/\/www.greenpeace.org\/static\/planet4-brasil-stateless\/2019\/01\/1c2f6e45-gp0stsy8k_medium_res.jpg 1200w\" sizes=\"auto, (max-width: 1024px) 100vw, 1024px\" \/><p id=\"caption-attachment-7349\" class=\"wp-caption-text\">Dona Irani, sobrevivente do desastre em Brumadinho. Ela escapou por pouco.<\/p><\/div>\n<p>\u00c9 impactante tamb\u00e9m ver a grande mobiliza\u00e7\u00e3o que se criou na cidade, para abrigar e cuidar dos atingidos. Tent\u00e1vamos descer para perto de onde a barragem se rompeu, na localidade de C\u00f3rrego dos Feij\u00f5es, quando Diego apareceu para nos ajudar. Professor de uma escola local, ele tem trabalhado sem parar desde sexta-feira, primeiro no resgate e depois encaminhando doa\u00e7\u00f5es e direcionando as muitas pessoas que chegam na cidade como volunt\u00e1rias. Diego perdeu alunos e parentes na trag\u00e9dia, mas ainda n\u00e3o parou para chorar suas mortes. \u201cN\u00e3o deu tempo de pensar em luto ainda\u201d, ele me disse com um olhar triste.<\/p>\n<p>J\u00e1 em C\u00f3rrego do Feij\u00e3o, a cerca de 3 quil\u00f4metros da barragem da Vale, encontrei Dona Irani, moradora que se salvou por pouco. Ela havia passado pelo local poucos minutos antes da lama passar destruindo tudo. \u201cDepois que parou, deu um pranto, choro, que n\u00e3o calava de jeito nenhum\u201d, ela me contou enquanto caminhava com suas filhas e netas para a casa que em breve ser\u00e1 evacuada, sem saber ainda o que aconteceria com a fam\u00edlia a partir de agora.<\/p>\n<div id=\"attachment_7350\" style=\"width: 1034px\" class=\"wp-caption alignnone\"><img loading=\"lazy\" decoding=\"async\" aria-describedby=\"caption-attachment-7350\" class=\"size-large wp-image-7350\" src=\"https:\/\/www.greenpeace.org\/static\/planet4-brasil-stateless\/2019\/01\/4b6c505c-gp0stsy7u_medium_res-1024x683.jpg\" alt=\"\" width=\"1024\" height=\"683\" srcset=\"https:\/\/www.greenpeace.org\/static\/planet4-brasil-stateless\/2019\/01\/4b6c505c-gp0stsy7u_medium_res-1024x683.jpg 1024w, https:\/\/www.greenpeace.org\/static\/planet4-brasil-stateless\/2019\/01\/4b6c505c-gp0stsy7u_medium_res-300x200.jpg 300w, https:\/\/www.greenpeace.org\/static\/planet4-brasil-stateless\/2019\/01\/4b6c505c-gp0stsy7u_medium_res-768x512.jpg 768w, https:\/\/www.greenpeace.org\/static\/planet4-brasil-stateless\/2019\/01\/4b6c505c-gp0stsy7u_medium_res-510x340.jpg 510w, https:\/\/www.greenpeace.org\/static\/planet4-brasil-stateless\/2019\/01\/4b6c505c-gp0stsy7u_medium_res.jpg 1200w\" sizes=\"auto, (max-width: 1024px) 100vw, 1024px\" \/><p id=\"caption-attachment-7350\" class=\"wp-caption-text\">Ve\u00edculo de remo\u00e7\u00e3o de corpos deixa local onde familiares e imprensa aguardam not\u00edcias.<\/p><\/div>\n<p>Enquanto escrevo este texto, na manh\u00e3 deste domingo, h\u00e1 37 mortes confirmadas e mais de 300 desaparecidos. E o perigo continua. \u00c0s 5h30 da manh\u00e3, fomos todos acordados por sirenes e gritos de agentes p\u00fablicos para que moradores das partes mais baixas de Brumadinho deixassem suas casas, procurando abrigo nas partes mais altas. Acreditava-se que uma nova barragem havia se rompido. Apesar do alarme falso, h\u00e1 de fato um risco iminente de que a barragem VI, que comporta de 3 a 4 milh\u00f5es de metros c\u00fabicos de \u00e1gua, se rompa, destruindo partes n\u00e3o atingidas pelos rejeitos. Ou seja, o drama das pessoas daqui est\u00e1 longe de acabar: para quem sobreviveu \u00e0 trag\u00e9dia, o medo \u00e9 outro sentimento com o qual precisam lidar.<\/p>\n<p>Assim como o Pico do Cau\u00ea retratado nos poemas do mineiro Carlos Drummond de Andrade n\u00e3o existe mais, C\u00f3rrego do Feij\u00e3o desapareceu do mapa. O que h\u00e1 em comum entre uma montanha que virou cratera e uma comunidade soterrada por lama t\u00f3xica n\u00e3o \u00e9 apenas a minera\u00e7\u00e3o, mas tamb\u00e9m a gan\u00e2ncia.<\/p>\n<p>Os impactos do crime ambiental cometido pela Vale em Brumadinho ainda est\u00e3o se desenrolando. H\u00e1 a probabilidade de que a lama se estenda at\u00e9 220 quil\u00f4metros do local, e que possa ser retida na Usina Hidrel\u00e9trica (UHE) de Retiro Baixo, entre Curvelo e Pomp\u00e9u. Caso contr\u00e1rio, ela pode chegar ao Rio S\u00e3o Francisco. Embora ainda n\u00e3o seja poss\u00edvel saber o impacto total, j\u00e1 se identifica uma grande mortandade de peixes. Os rejeitos da Vale j\u00e1 <a href=\"https:\/\/cimi.org.br\/2019\/01\/lama-de-rejeitos-da-vale-chega-a-aldeia-pataxo-ha-ha-hae-pelo-rio-paraopeba-indigenas-decidem-permanecer-na-area\/\" target=\"_blank\" rel=\"noopener noreferrer\">destru\u00edram a por\u00e7\u00e3o do Rio Paraopeba que corta a Terra Ind\u00edgena Patax\u00f3 H\u00e3-h\u00e3-h\u00e3e<\/a>. Para entender a dimens\u00e3o dos impactos e as formas de mitig\u00e1-los ser\u00e3o necess\u00e1rias muitas pesquisas, como as que o <a href=\"https:\/\/www.greenpeace.org.br\/riodoce\" target=\"_blank\" rel=\"noopener noreferrer\">Greenpeace ajudou a realizar em Mariana<\/a>.<\/p>\n<p>Este \u00e9 um texto que eu n\u00e3o gostaria de estar escrevendo. Essa n\u00e3o \u00e9 a Brumadinho que eu gostaria de estar retratando. Mas enquanto houver casos de impunidade e injusti\u00e7a social, seguiremos denunciando e fazendo press\u00e3o para que os culpados sejam devidamente punidos e as v\u00edtimas, reparadas. E para que o meio ambiente seja, de uma vez por todas, respeitado.<\/p>\n<p><strong><a href=\"https:\/\/www.greenpeace.org.br\/parem-a-vale\">Assine agora o abaixo-assinado: #ParemAVale<\/a><\/strong><\/p>\n","protected":false},"excerpt":{"rendered":"<p>Equipe do Greenpeace est\u00e1 em Brumadinho documentando a trag\u00e9dia e cobrando justi\u00e7a para as pessoas e o meio ambiente<\/p>\n","protected":false},"author":19,"featured_media":7347,"comment_status":"open","ping_status":"closed","sticky":false,"template":"","format":"standard","meta":{"ep_exclude_from_search":false,"p4_og_title":"","p4_og_description":"","p4_og_image":"","p4_og_image_id":"","p4_seo_canonical_url":"","p4_campaign_name":"","p4_local_project":"","p4_basket_name":"","p4_department":"","footnotes":""},"categories":[2],"tags":[23],"p4-page-type":[16],"class_list":["post-7343","post","type-post","status-publish","format-standard","has-post-thumbnail","hentry","category-transforme-a-sociedade","tag-mobilizacao","p4-page-type-blog"],"_links":{"self":[{"href":"https:\/\/www.greenpeace.org\/brasil\/wp-json\/wp\/v2\/posts\/7343","targetHints":{"allow":["GET"]}}],"collection":[{"href":"https:\/\/www.greenpeace.org\/brasil\/wp-json\/wp\/v2\/posts"}],"about":[{"href":"https:\/\/www.greenpeace.org\/brasil\/wp-json\/wp\/v2\/types\/post"}],"author":[{"embeddable":true,"href":"https:\/\/www.greenpeace.org\/brasil\/wp-json\/wp\/v2\/users\/19"}],"replies":[{"embeddable":true,"href":"https:\/\/www.greenpeace.org\/brasil\/wp-json\/wp\/v2\/comments?post=7343"}],"version-history":[{"count":15,"href":"https:\/\/www.greenpeace.org\/brasil\/wp-json\/wp\/v2\/posts\/7343\/revisions"}],"predecessor-version":[{"id":7982,"href":"https:\/\/www.greenpeace.org\/brasil\/wp-json\/wp\/v2\/posts\/7343\/revisions\/7982"}],"wp:featuredmedia":[{"embeddable":true,"href":"https:\/\/www.greenpeace.org\/brasil\/wp-json\/wp\/v2\/media\/7347"}],"wp:attachment":[{"href":"https:\/\/www.greenpeace.org\/brasil\/wp-json\/wp\/v2\/media?parent=7343"}],"wp:term":[{"taxonomy":"category","embeddable":true,"href":"https:\/\/www.greenpeace.org\/brasil\/wp-json\/wp\/v2\/categories?post=7343"},{"taxonomy":"post_tag","embeddable":true,"href":"https:\/\/www.greenpeace.org\/brasil\/wp-json\/wp\/v2\/tags?post=7343"},{"taxonomy":"p4-page-type","embeddable":true,"href":"https:\/\/www.greenpeace.org\/brasil\/wp-json\/wp\/v2\/p4-page-type?post=7343"}],"curies":[{"name":"wp","href":"https:\/\/api.w.org\/{rel}","templated":true}]}}