{"id":7558,"date":"2019-02-13T19:23:20","date_gmt":"2019-02-13T21:23:20","guid":{"rendered":"https:\/\/www.greenpeace.org\/brasil\/?p=7558"},"modified":"2019-11-06T05:19:55","modified_gmt":"2019-11-06T08:19:55","slug":"um-olhar-diferente-para-os-povos-indigenas","status":"publish","type":"post","link":"https:\/\/www.greenpeace.org\/brasil\/blog\/um-olhar-diferente-para-os-povos-indigenas\/","title":{"rendered":"Um olhar diferente para os povos ind\u00edgenas"},"content":{"rendered":"<h4>A a\u00e7\u00e3o pioneira de um grupo de jovens ligados \u00e0 Igreja Cat\u00f3lica deu origem \u00e0 organiza\u00e7\u00e3o n\u00e3o-governamental Opera\u00e7\u00e3o Amaz\u00f4nia Nativa (OPAN), que agora completa 50 anos trabalhando em defesa dos povos ind\u00edgenas<\/h4>\n<p>Na d\u00e9cada de 70, a sobreviv\u00eancia f\u00edsica e cultural de muitos povos ind\u00edgenas estava seriamente amea\u00e7ada por grandes projetos governamentais que avan\u00e7avam sobre a Amaz\u00f4nia e o centro-oeste do Brasil. Empreendimentos como rodovias, hidrel\u00e9tricas e a expans\u00e3o da fronteira agropecu\u00e1ria atropelavam os territ\u00f3rios ind\u00edgenas em nome de um modelo econ\u00f4mico que desrespeitava as pessoas que viviam ali e muitas vezes matava quem estivesse em seu caminho, resultando em um cen\u00e1rio arrasador para os povos ind\u00edgenas.<\/p>\n<p>Nessa mesma \u00e9poca, um grupo de jovens volunt\u00e1rios saiu do sul do Brasil rumo ao Mato Grosso com a miss\u00e3o de fazer diferente. Chamados por padres da Igreja Cat\u00f3lica que queriam mudar a forma de atua\u00e7\u00e3o com os povos ind\u00edgenas, eles deixaram o conforto de suas casas para viver nas aldeias. Em vez de buscar assimilar os \u00edndios e integr\u00e1-los \u00e0 sociedade nacional, tinham em mente o respeito ao modo de vida e a autonomia desses grupos. Queriam aprender com eles, entender suas realidades e s\u00f3 ent\u00e3o desenvolver propostas para apoi\u00e1-los na conquista e garantia de suas terras e direitos.<\/p>\n<p>Assim teve origem, h\u00e1 50 anos, a Opera\u00e7\u00e3o Amaz\u00f4nia Nativa (OPAN), uma organiza\u00e7\u00e3o n\u00e3o governamental sediada em Cuiab\u00e1 que atua no fortalecimento do protagonismo ind\u00edgena e na defesa de seus direitos. Eles come\u00e7aram em poucos, conforme contou Ivar Busatto, coordenador geral da OPAN, no semin\u00e1rio que comemorou os 50 anos da organiza\u00e7\u00e3o, mas plantaram sementes que se multiplicaram e deram frutos. Durante o evento, Ivar emocionou o p\u00fablico ao relembrar a hist\u00f3ria de origem da ONG, ao lado dos fundadores Egidio Schwade e Thomaz de Aquino Lisboa.<\/p>\n<p>Em vez de integrar ou assimilar os \u00edndios \u00e0 sociedade hegem\u00f4nica, como se fazia na \u00e9poca, o objetivo da OPAN era realizar uma imers\u00e3o nas aldeias para vivenciar o dia a dia desses povos. Foi uma proposta que mudou profundamente a forma de se relacionar com os povos ind\u00edgenas e influenciou o surgimento de in\u00fameras organiza\u00e7\u00f5es que hoje atuam ao lado desses povos.<\/p>\n<div id=\"attachment_7560\" style=\"width: 1034px\" class=\"wp-caption alignnone\"><img loading=\"lazy\" decoding=\"async\" aria-describedby=\"caption-attachment-7560\" class=\"size-large wp-image-7560\" src=\"https:\/\/www.greenpeace.org\/static\/planet4-brasil-stateless\/2019\/02\/5e7dee11-opan-50-anos-06_02-012-1024x684.jpg\" alt=\"\" width=\"1024\" height=\"684\" srcset=\"https:\/\/www.greenpeace.org\/static\/planet4-brasil-stateless\/2019\/02\/5e7dee11-opan-50-anos-06_02-012-1024x684.jpg 1024w, https:\/\/www.greenpeace.org\/static\/planet4-brasil-stateless\/2019\/02\/5e7dee11-opan-50-anos-06_02-012-300x200.jpg 300w, https:\/\/www.greenpeace.org\/static\/planet4-brasil-stateless\/2019\/02\/5e7dee11-opan-50-anos-06_02-012-768x513.jpg 768w, https:\/\/www.greenpeace.org\/static\/planet4-brasil-stateless\/2019\/02\/5e7dee11-opan-50-anos-06_02-012-510x340.jpg 510w, https:\/\/www.greenpeace.org\/static\/planet4-brasil-stateless\/2019\/02\/5e7dee11-opan-50-anos-06_02-012.jpg 1766w\" sizes=\"auto, (max-width: 1024px) 100vw, 1024px\" \/><p id=\"caption-attachment-7560\" class=\"wp-caption-text\">Primeiro dia do semin\u00e1rio que comemorou os 50 anos da OPAN.<\/p><\/div>\n<h2>Os desafios ind\u00edgenas na conjuntura atual<\/h2>\n<p>Durante o evento, Nara Bar\u00e9, coordenadora da Coiab (Coordena\u00e7\u00e3o das Organiza\u00e7\u00f5es Ind\u00edgenas da Amaz\u00f4nia Brasileira), falou sobre os desafios que est\u00e3o sendo enfrentados pelos povos ind\u00edgenas no atual governo. Em janeiro, o presidente <a href=\"https:\/\/www.greenpeace.org\/brasil\/blog\/sinal-de-alerta-para-os-povos-da-floresta\/\">Jair Bolsonaro transferiu<\/a> para o Minist\u00e9rio da Agricultura a identifica\u00e7\u00e3o, a delimita\u00e7\u00e3o, a demarca\u00e7\u00e3o e os registros das terras tradicionalmente ocupadas por ind\u00edgenas, esvaziando e enfraquecendo a Funda\u00e7\u00e3o Nacional do \u00cdndio (Funai). Al\u00e9m disso, o atual governo vem demonstrando uma <a href=\"https:\/\/www1.folha.uol.com.br\/poder\/2019\/01\/em-carta-a-bolsonaro-liderancas-indigenas-pedem-dialogo-e-criticam-medidas.shtml\">vis\u00e3o que n\u00e3o compreende<\/a> a realidade dos povos ind\u00edgenas e lembra aquela colocada em pr\u00e1tica durante o regime militar, com consequ\u00eancias potencialmente desastrosas.<br \/>\nHoje no regime democr\u00e1tico, a Constitui\u00e7\u00e3o garante, principalmente nos artigos 231 e 232, os direitos dos povos ind\u00edgenas, mas os retrocessos que est\u00e3o tentando impor sobre eles s\u00e3o muitos. \u201cN\u00f3s somos maiores do que qualquer governo que venha tentar nos denegrir, que venha tentar nos massacrar, qualquer governo que venha tentar tamb\u00e9m nos impor algo de doutrina\u00e7\u00e3o que n\u00f3s n\u00e3o aceitamos mais\u201d, afirmou Nara. \u201cJuntos, n\u00e3o vamos permitir que seja dado nenhum passo atr\u00e1s. A gente segura e vai caminhando para frente\u201d, finalizou ela.<\/p>\n","protected":false},"excerpt":{"rendered":"<p>A a\u00e7\u00e3o pioneira de um grupo de jovens ligados \u00e0 Igreja Cat\u00f3lica deu origem \u00e0 organiza\u00e7\u00e3o n\u00e3o-governamental Opera\u00e7\u00e3o Amaz\u00f4nia Nativa (Opan), que agora completa 50 anos trabalhando em defesa dos povos ind\u00edgenas.<\/p>\n","protected":false},"author":18,"featured_media":7560,"comment_status":"open","ping_status":"closed","sticky":false,"template":"","format":"standard","meta":{"ep_exclude_from_search":false,"p4_og_title":"","p4_og_description":"","p4_og_image":"","p4_og_image_id":"","p4_seo_canonical_url":"","p4_campaign_name":"","p4_local_project":"","p4_basket_name":"","p4_department":"","footnotes":""},"categories":[2],"tags":[22],"p4-page-type":[16],"class_list":["post-7558","post","type-post","status-publish","format-standard","has-post-thumbnail","hentry","category-transforme-a-sociedade","tag-florestas","p4-page-type-blog"],"_links":{"self":[{"href":"https:\/\/www.greenpeace.org\/brasil\/wp-json\/wp\/v2\/posts\/7558","targetHints":{"allow":["GET"]}}],"collection":[{"href":"https:\/\/www.greenpeace.org\/brasil\/wp-json\/wp\/v2\/posts"}],"about":[{"href":"https:\/\/www.greenpeace.org\/brasil\/wp-json\/wp\/v2\/types\/post"}],"author":[{"embeddable":true,"href":"https:\/\/www.greenpeace.org\/brasil\/wp-json\/wp\/v2\/users\/18"}],"replies":[{"embeddable":true,"href":"https:\/\/www.greenpeace.org\/brasil\/wp-json\/wp\/v2\/comments?post=7558"}],"version-history":[{"count":10,"href":"https:\/\/www.greenpeace.org\/brasil\/wp-json\/wp\/v2\/posts\/7558\/revisions"}],"predecessor-version":[{"id":7623,"href":"https:\/\/www.greenpeace.org\/brasil\/wp-json\/wp\/v2\/posts\/7558\/revisions\/7623"}],"wp:featuredmedia":[{"embeddable":true,"href":"https:\/\/www.greenpeace.org\/brasil\/wp-json\/wp\/v2\/media\/7560"}],"wp:attachment":[{"href":"https:\/\/www.greenpeace.org\/brasil\/wp-json\/wp\/v2\/media?parent=7558"}],"wp:term":[{"taxonomy":"category","embeddable":true,"href":"https:\/\/www.greenpeace.org\/brasil\/wp-json\/wp\/v2\/categories?post=7558"},{"taxonomy":"post_tag","embeddable":true,"href":"https:\/\/www.greenpeace.org\/brasil\/wp-json\/wp\/v2\/tags?post=7558"},{"taxonomy":"p4-page-type","embeddable":true,"href":"https:\/\/www.greenpeace.org\/brasil\/wp-json\/wp\/v2\/p4-page-type?post=7558"}],"curies":[{"name":"wp","href":"https:\/\/api.w.org\/{rel}","templated":true}]}}