{"id":7635,"date":"2019-02-19T16:35:41","date_gmt":"2019-02-19T19:35:41","guid":{"rendered":"https:\/\/www.greenpeace.org\/brasil\/?p=7635"},"modified":"2021-12-01T09:32:42","modified_gmt":"2021-12-01T12:32:42","slug":"quantas-vidas-valem-as-acoes-da-vale","status":"publish","type":"post","link":"https:\/\/www.greenpeace.org\/brasil\/blog\/quantas-vidas-valem-as-acoes-da-vale\/","title":{"rendered":"Quantas vidas valem as a\u00e7\u00f5es da Vale?"},"content":{"rendered":"<h4>Carolina de Moura Campos \u00e9 ambientalista e comprou a\u00e7\u00f5es da Vale para poder levar a voz da sociedade civil para dentro de uma das maiores empresas do Brasil.<\/h4>\n<p>Abrir um di\u00e1logo e se opor a uma grande empresa n\u00e3o \u00e9 tarefa f\u00e1cil. Mas um grupo de pessoas encontrou uma estrat\u00e9gia para ter voz dentro da mineradora Vale: Membros da Articula\u00e7\u00e3o Internacional dos Atingidos pela Vale compraram a\u00e7\u00f5es da companhia e, assim, participam de reuni\u00f5es, opinam e podem influenciar decis\u00f5es.<\/p>\n<p>Uma dessas acionistas \u00e9 Carolina de Moura Campos. Ela \u00e9 mineira, jornalista, ambientalista e mora no distrito de Casa Branca, em <a href=\"https:\/\/www.greenpeace.org\/brasil\/blog\/brumadinho-chora-e-se-ajuda\/\" target=\"_blank\" rel=\"noopener noreferrer\">Brumadinho<\/a>. Ao inv\u00e9s de buscar o lucro, ela e os acionistas da Articula\u00e7\u00e3o est\u00e3o l\u00e1 levando a voz da sociedade civil para dentro de uma das maiores empresas do Brasil. Eles questionam projetos e tentam evitar opera\u00e7\u00f5es que coloquem em risco as pessoas que moram perto das minas e barragens, os trabalhadores e o meio ambiente.<\/p>\n<p>Infelizmente, no caso da Mina do C\u00f3rrego do Feij\u00e3o, eles n\u00e3o puderam <a href=\"https:\/\/www.greenpeace.org\/brasil\/blog\/vale-faz-nova-vitima-brumadinho\/\" target=\"_blank\" rel=\"noopener noreferrer\">evitar a trag\u00e9dia<\/a>, ainda que tenham alertado sobre a seguran\u00e7a da barragem poucos meses atr\u00e1s. Na semana seguinte ao rompimento da barragem, ela falou com a equipe do Greenpeace em Brumadinho. Ainda estava muito abalada e trabalhando para que a Vale seja responsabilizada. \u201cUm massacre coletivo dessa magnitude n\u00e3o pode ficar impune, n\u00e3o. J\u00e1 basta toda a impunidade de Mariana.\u201d disse.<\/p>\n<lite-youtube style=\"background-image: url('https:\/\/i.ytimg.com\/vi\/RzqloUWQ-NQ\/hqdefault.jpg');\" videoid=\"RzqloUWQ-NQ\" params=\"rel=0\"><\/lite-youtube>\n<p>Em abril de 2018, ela reprovou um relat\u00f3rio da administra\u00e7\u00e3o da Vale durante a Assembleia Geral dos Acionistas. E destacou que documentos provavam que a Vale havia negligenciado as informa\u00e7\u00f5es sobre a inseguran\u00e7a da barragem da Mina do C\u00f3rrego do Fund\u00e3o, que rompeu em dezembro de 2015, em Mariana.<\/p>\n<p>Nessa mesma reuni\u00e3o, com apoio de outros acionistas, ela se op\u00f4s \u00e0 aprova\u00e7\u00e3o de um novo licenciamento no Complexo Paraopeba, que inclu\u00eda a mina C\u00f3rrego do Feij\u00e3o e chamou aten\u00e7\u00e3o sobre os riscos de seguran\u00e7a na barragem, sem ser ouvida. O licenciamento foi dado permitindo que a Vale pudesse expandir as opera\u00e7\u00f5es na mina. Depois do rompimento da barragem, a not\u00edcia dessa oposi\u00e7\u00e3o ganhou destaque na imprensa.<\/p>\n<p>Agora, esses acionistas da Articula\u00e7\u00e3o est\u00e3o com outra estrat\u00e9gia de responsabiliza\u00e7\u00e3o: eles denunciaram a Vale para a Comiss\u00e3o de Valores Imobili\u00e1rios, pediram uma investiga\u00e7\u00e3o e a destitui\u00e7\u00e3o da diretoria da empresa. \u201cEsses caras s\u00e3o respons\u00e1veis. Eles t\u00eam que sair da empresa e ser presos&#8221;, disse.<\/p>\n<p>Segundo Carolina, as reuni\u00f5es dos acionistas eram ambientes muito hostis \u00e0s pessoas que se op\u00f5e \u00e0 Vale. \u201cVoc\u00ea tem que lutar pra falar. E eles cortavam o nosso microfone. A gente continuava falando no grito, tremendo\u201d.<\/p>\n<p>Desde que virou acionista e mesmo estando junto a um grupo organizado, ela conta que muitas vezes pensava em desistir. Estar l\u00e1 para mostrar o posicionamento da sociedade civil acabou valendo a pena. \u201cN\u00f3s da Articula\u00e7\u00e3o sent\u00edamos pouco efeito estando na Assembleia dos Acionistas. Mas nos mantivemos firmes nessa estrat\u00e9gia. E foi bem relevante porque hoje o presidente e o alto escal\u00e3o da empresa n\u00e3o podem dizer que n\u00e3o sabiam. N\u00f3s falamos sobre os problemas das barragens de rejeitos em Minas Gerais e v\u00e1rios outros problemas\u201d, diz.<\/p>\n<p>Um deles, por exemplo, foi o Projeto Barragem Zero. Apresentado em 2009, ele previa a recupera\u00e7\u00e3o e o aproveitamento das sobras do processo de minera\u00e7\u00e3o, chamados finos e ultrafinos, que s\u00e3o depositados nas barragens. Reaproveitar isso \u00e9 uma forma de diminuir o impacto ambiental do ac\u00famulo de materiais nas barragens. Carolina, no entanto, acredita que a Vale estava mais interessada nos benef\u00edcios econ\u00f4micos do projeto do que nos benef\u00edcios ambientais. &#8220;Ela ia fazer [<i>o projeto<\/i>] porque o pre\u00e7o do min\u00e9rio estava quase 180 d\u00f3lares a tonelada. Naquela ocasi\u00e3o, recuperar rejeito valia a pena economicamente. Mas o pre\u00e7o do min\u00e9rio despencou e esse Projeto Barragem Zero ficou na gaveta\u201d, conta.<\/p>\n<p>Carolina questiona a escolha das barragens para o projeto. \u201cDas oito barragens selecionadas, uma era a de Fund\u00e3o, que rompeu em Mariana. A outra era a do C\u00f3rrego do Feij\u00e3o, que acaba de romper. Por que ela selecionou essas oito? S\u00e3o as maiores? As mais perigosas? As com menos seguran\u00e7a? As com gente morando debaixo? A com refeit\u00f3rio logo embaixo? Que crit\u00e9rio ela usou para selecionar essas oito? Tem dez anos que a empresa sabe do risco delas. Tomara a Deus que n\u00e3o rompa mais nenhuma barragem&#8230; Tomara a deus n\u00e3o. Tomara o Estado e tomara que a empresa se responsabilize e pare com essa conduta irrespons\u00e1vel e violenta.&#8221;<\/p>\n<lite-youtube style=\"background-image: url('https:\/\/i.ytimg.com\/vi\/2jYUS4Es80Y\/hqdefault.jpg');\" videoid=\"2jYUS4Es80Y\" params=\"rel=0\"><\/lite-youtube>\n<p>Sobre o futuro de Brumadinho, onde vive, Carolina est\u00e1 preocupada, mas est\u00e1 disposta a continuar trabalhando sempre para que a impunidade n\u00e3o prevale\u00e7a mais uma vez nessa hist\u00f3ria. &#8220;Quanto mais ter\u00e3o que morrer, gente? Minera\u00e7\u00e3o \u00e9 um horror. Destr\u00f3i a vida, a natureza e o amor\u201d.<\/p>\n<p><span id=\"hs-cta-wrapper-42c8fb82-40c6-4e62-b2c1-507f9628a3f2\" class=\"hs-cta-wrapper\"><span id=\"hs-cta-42c8fb82-40c6-4e62-b2c1-507f9628a3f2\" class=\"hs-cta-node hs-cta-42c8fb82-40c6-4e62-b2c1-507f9628a3f2\"><a href=\"https:\/\/cta-redirect.hubspot.com\/cta\/redirect\/537105\/42c8fb82-40c6-4e62-b2c1-507f9628a3f2\" target=\"_blank\" rel=\"noopener noreferrer\"><img decoding=\"async\" id=\"hs-cta-img-42c8fb82-40c6-4e62-b2c1-507f9628a3f2\" class=\"hs-cta-img aligncenter\" style=\"border-width: 0px;\" src=\"https:\/\/no-cache.hubspot.com\/cta\/default\/537105\/42c8fb82-40c6-4e62-b2c1-507f9628a3f2.png\" alt=\"ASSINE A PETI\u00c7\u00c3O\" \/><\/a><\/span><br \/>\n<\/span><\/p>\n<div class=\"EmptyMessage\">Block content is empty. Check the block&#8217;s settings or remove it.<\/div>","protected":false},"excerpt":{"rendered":"<p>Carolina de Moura Campos \u00e9 ambientalista e comprou a\u00e7\u00f5es da Vale para poder levar a voz da sociedade civil para dentro de uma das maiores empresas do Brasil. <\/p>\n","protected":false},"author":25,"featured_media":7644,"comment_status":"open","ping_status":"closed","sticky":false,"template":"","format":"standard","meta":{"ep_exclude_from_search":false,"p4_og_title":"","p4_og_description":"","p4_og_image":"","p4_og_image_id":"","p4_seo_canonical_url":"","p4_campaign_name":"","p4_local_project":"","p4_basket_name":"","p4_department":"","footnotes":""},"categories":[2],"tags":[8],"p4-page-type":[16],"class_list":["post-7635","post","type-post","status-publish","format-standard","has-post-thumbnail","hentry","category-transforme-a-sociedade","tag-resista","p4-page-type-blog"],"_links":{"self":[{"href":"https:\/\/www.greenpeace.org\/brasil\/wp-json\/wp\/v2\/posts\/7635","targetHints":{"allow":["GET"]}}],"collection":[{"href":"https:\/\/www.greenpeace.org\/brasil\/wp-json\/wp\/v2\/posts"}],"about":[{"href":"https:\/\/www.greenpeace.org\/brasil\/wp-json\/wp\/v2\/types\/post"}],"author":[{"embeddable":true,"href":"https:\/\/www.greenpeace.org\/brasil\/wp-json\/wp\/v2\/users\/25"}],"replies":[{"embeddable":true,"href":"https:\/\/www.greenpeace.org\/brasil\/wp-json\/wp\/v2\/comments?post=7635"}],"version-history":[{"count":20,"href":"https:\/\/www.greenpeace.org\/brasil\/wp-json\/wp\/v2\/posts\/7635\/revisions"}],"predecessor-version":[{"id":35444,"href":"https:\/\/www.greenpeace.org\/brasil\/wp-json\/wp\/v2\/posts\/7635\/revisions\/35444"}],"wp:featuredmedia":[{"embeddable":true,"href":"https:\/\/www.greenpeace.org\/brasil\/wp-json\/wp\/v2\/media\/7644"}],"wp:attachment":[{"href":"https:\/\/www.greenpeace.org\/brasil\/wp-json\/wp\/v2\/media?parent=7635"}],"wp:term":[{"taxonomy":"category","embeddable":true,"href":"https:\/\/www.greenpeace.org\/brasil\/wp-json\/wp\/v2\/categories?post=7635"},{"taxonomy":"post_tag","embeddable":true,"href":"https:\/\/www.greenpeace.org\/brasil\/wp-json\/wp\/v2\/tags?post=7635"},{"taxonomy":"p4-page-type","embeddable":true,"href":"https:\/\/www.greenpeace.org\/brasil\/wp-json\/wp\/v2\/p4-page-type?post=7635"}],"curies":[{"name":"wp","href":"https:\/\/api.w.org\/{rel}","templated":true}]}}