{"id":7705,"date":"2019-02-22T16:39:08","date_gmt":"2019-02-22T19:39:08","guid":{"rendered":"https:\/\/www.greenpeace.org\/brasil\/?p=7705"},"modified":"2021-01-22T14:20:35","modified_gmt":"2021-01-22T17:20:35","slug":"as-arvores-somos-nozes-10-como-nao-entulhar-o-planeta-nesse-carnaval","status":"publish","type":"post","link":"https:\/\/www.greenpeace.org\/brasil\/podcast\/as-arvores-somos-nozes-10-como-nao-entulhar-o-planeta-nesse-carnaval\/","title":{"rendered":"As \u00c1rvores Somos Nozes 10 &#8211; Como n\u00e3o entulhar o planeta nesse Carnaval"},"content":{"rendered":"\n<iframe loading=\"lazy\" src=\"https:\/\/anchor.fm\/as-arvores\/embed\/episodes\/10---Como-no-entulhar-o-planeta-nesse-Carnaval-ep7s1g\" height=\"120px\" width=\"700px\" frameborder=\"0\" scrolling=\"no\"><\/iframe>\n\n<p><a href=\"https:\/\/api.soundcloud.com\/tracks\/579676416\/download?client_id=LBCcHmRB8XSStWL6wKH2HPACspQlXg2P\">Baixe o epis\u00f3dio<\/a> | <a href=\"http:\/\/feeds.feedburner.com\/asarvores\">Assine o feed<\/a> | <a href=\"https:\/\/open.spotify.com\/show\/51FYxkzZ0DPPUtd87T01ny\">Ou\u00e7a no Spotify<\/a> | <a href=\"https:\/\/itunes.apple.com\/br\/podcast\/as-%C3%A1rvores-somos-nozes\/id1436750884?mt=2#\">Ou\u00e7a no iOS<\/a> | <a href=\"https:\/\/subscribeonandroid.com\/feeds.feedburner.com\/asarvores\">Ou\u00e7a no Android<\/a><\/p>\n\n<p>Todos os dias produzimos toneladas e mais toneladas de lixo. E a maior parte desse lixo n\u00e3o \u00e9 tratado como deveria. Boa parte dele vai para os mares, os lix\u00f5es clandestinos e pa\u00edses menos desenvolvidos. A chegada do Carnaval \u00e9 ainda mais preocupante: mais de 600 toneladas de lixo foram geradas no ano passado apenas no Rio de Janeiro nesse per\u00edodo. O que fazer ent\u00e3o?<\/p>\n\n<p>Para mostrar como voc\u00ea consegue reduzir sua produ\u00e7\u00e3o de lixo, reutilizar e reciclar para ajudar o planeta, convidamos a <strong>Cristal Muniz<\/strong>, autora do blog e livro de mesmo nome <a href=\"https:\/\/www.umanosemlixo.com\">Um Ano Sem Lixo<\/a>, junto com a microbiologista e podcaster <strong>Bel<\/strong>, que est\u00e1 seguindo as dicas da Cristal h\u00e1 um ano. Elas d\u00e3o os caminhos para quem quiser colaborar reduzindo seus res\u00edduos tamb\u00e9m.<\/p>\n\n<h3 class=\"wp-block-heading\">Cr\u00e9ditos<\/h3>\n\n<ul class=\"wp-block-list\"><li>Apresenta\u00e7\u00e3o: Rafael Silva;<\/li><li>Bancada: Felipe Souza, Rosana Villar;<\/li><li>Sound Design: Compasso Coolab;<\/li><li>Trilha original: Marcellus Meirelles e Alexandre Luppi;<\/li><li>Edi\u00e7\u00e3o: Marlon Marinho.<\/li><\/ul>\n","protected":false},"excerpt":{"rendered":"<p>Baixe o epis\u00f3dio | Assine o feed | Ou\u00e7a no Spotify | Ou\u00e7a no iOS | Ou\u00e7a no Android Todos os dias produzimos toneladas e mais toneladas de lixo. Para&hellip;<\/p>\n","protected":false},"author":28,"featured_media":7722,"comment_status":"open","ping_status":"closed","sticky":false,"template":"","format":"standard","meta":{"ep_exclude_from_search":false,"p4_og_title":"","p4_og_description":"","p4_og_image":"","p4_og_image_id":"","p4_seo_canonical_url":"","p4_campaign_name":"not set","p4_local_project":"not set","p4_basket_name":"not set","p4_department":"","footnotes":""},"categories":[2],"tags":[23],"p4-page-type":[28],"class_list":["post-7705","post","type-post","status-publish","format-standard","has-post-thumbnail","hentry","category-transforme-a-sociedade","tag-mobilizacao","p4-page-type-podcast"],"_links":{"self":[{"href":"https:\/\/www.greenpeace.org\/brasil\/wp-json\/wp\/v2\/posts\/7705","targetHints":{"allow":["GET"]}}],"collection":[{"href":"https:\/\/www.greenpeace.org\/brasil\/wp-json\/wp\/v2\/posts"}],"about":[{"href":"https:\/\/www.greenpeace.org\/brasil\/wp-json\/wp\/v2\/types\/post"}],"author":[{"embeddable":true,"href":"https:\/\/www.greenpeace.org\/brasil\/wp-json\/wp\/v2\/users\/28"}],"replies":[{"embeddable":true,"href":"https:\/\/www.greenpeace.org\/brasil\/wp-json\/wp\/v2\/comments?post=7705"}],"version-history":[{"count":9,"href":"https:\/\/www.greenpeace.org\/brasil\/wp-json\/wp\/v2\/posts\/7705\/revisions"}],"predecessor-version":[{"id":29352,"href":"https:\/\/www.greenpeace.org\/brasil\/wp-json\/wp\/v2\/posts\/7705\/revisions\/29352"}],"wp:featuredmedia":[{"embeddable":true,"href":"https:\/\/www.greenpeace.org\/brasil\/wp-json\/wp\/v2\/media\/7722"}],"wp:attachment":[{"href":"https:\/\/www.greenpeace.org\/brasil\/wp-json\/wp\/v2\/media?parent=7705"}],"wp:term":[{"taxonomy":"category","embeddable":true,"href":"https:\/\/www.greenpeace.org\/brasil\/wp-json\/wp\/v2\/categories?post=7705"},{"taxonomy":"post_tag","embeddable":true,"href":"https:\/\/www.greenpeace.org\/brasil\/wp-json\/wp\/v2\/tags?post=7705"},{"taxonomy":"p4-page-type","embeddable":true,"href":"https:\/\/www.greenpeace.org\/brasil\/wp-json\/wp\/v2\/p4-page-type?post=7705"}],"curies":[{"name":"wp","href":"https:\/\/api.w.org\/{rel}","templated":true}]}}