{"id":7970,"date":"2019-03-22T16:23:06","date_gmt":"2019-03-22T19:23:06","guid":{"rendered":"https:\/\/www.greenpeace.org\/brasil\/?p=7970"},"modified":"2024-04-01T13:29:50","modified_gmt":"2024-04-01T16:29:50","slug":"as-arvores-somos-nozes-12-precisamos-falar-do-consumo-de-carne","status":"publish","type":"post","link":"https:\/\/www.greenpeace.org\/brasil\/podcast\/as-arvores-somos-nozes-12-precisamos-falar-do-consumo-de-carne\/","title":{"rendered":"As \u00c1rvores Somos Nozes 12 &#8211; Precisamos falar do consumo de carne"},"content":{"rendered":"\n<iframe loading=\"lazy\" src=\"https:\/\/anchor.fm\/as-arvores\/embed\/episodes\/12--Precisamos-falar-do-consumo-de-carne-ep7s1s\" height=\"120px\" width=\"700px\" frameborder=\"0\" scrolling=\"no\"><\/iframe>\n\n<p><a href=\"https:\/\/api.soundcloud.com\/tracks\/594247578\/download?client_id=LBCcHmRB8XSStWL6wKH2HPACspQlXg2P\">Baixe o epis\u00f3dio<\/a> | <a href=\"http:\/\/feeds.feedburner.com\/asarvores\">Assine o feed<\/a> | <a href=\"https:\/\/open.spotify.com\/show\/51FYxkzZ0DPPUtd87T01ny\">Ou\u00e7a no Spotify<\/a> | <a href=\"https:\/\/itunes.apple.com\/br\/podcast\/as-%C3%A1rvores-somos-nozes\/id1436750884?mt=2#\">Ou\u00e7a no iOS<\/a> | <a href=\"https:\/\/subscribeonandroid.com\/feeds.feedburner.com\/asarvores\">Ou\u00e7a no Android<\/a><\/p>\n\n<p>A produ\u00e7\u00e3o agropecu\u00e1ria emite atualmente mais gases do efeito estufa do que todos os carros, avi\u00f5es e barcos do mundo combinados. H\u00e1 dez anos o Greenpeace Brasil <a href=\"https:\/\/www.greenpeace.org\/brasil\/blog\/o-combate-ao-avanco-da-pecuaria-na-amazonia\/\">vem investigando<\/a> e denunciando os problemas relacionados a este sistema doente de produ\u00e7\u00e3o e, no ano passado, lan\u00e7amos um relat\u00f3rio internacional que explica a import\u00e2ncia da redu\u00e7\u00e3o do consumo para o futuro clim\u00e1tico e a seguran\u00e7a alimentar no mundo.<\/p>\n\n<p>Para conversar com a gente sobre esse tema, chamamos <strong>Monica Buava<\/strong>, gerente de campanhas da Sociedade Vegetariana Brasileira, que junto com Adriana Charoux e Rosana Villar, da campanha de Amaz\u00f4nia do Greenpeace, discutem o impacto da pecu\u00e1ria no Brasil e como \u00e9 poss\u00edvel reduzir o consumo de carne na sua vida.<\/p>\n\n<h3 class=\"wp-block-heading\">Refer\u00eancias<\/h3>\n\n<ul class=\"wp-block-list\">\n<li><a href=\"https:\/\/www.greenpeace.org\/brasil\/blog\/pesquisa-aponta-que-humanidade-consome-carne-demais\/\">Pesquisa aponta que humanidade consome carne demais<\/a><\/li>\n\n\n\n<li><a href=\"https:\/\/www.greenpeace.org\/brasil\/blog\/o-que-o-greenpeace-acha-sobre-comer-carne\/\">Reduza seu consumo de carne<\/a><\/li>\n\n\n\n<li><a href=\"https:\/\/www.greenpeace.org\/brasil\/blog\/quando-descobri-que-comer-e-um-ato-politico\/\">Quando descobri que comer \u00e9 um ato pol\u00edtico<\/a><\/li>\n\n\n\n<li><a href=\"https:\/\/www.svb.org.br\/\">Sociedade Vegetariana Brasileira<\/a><\/li>\n<\/ul>\n\n<h3 class=\"wp-block-heading\">Cr\u00e9ditos<\/h3>\n\n<ul class=\"wp-block-list\">\n<li>Apresenta\u00e7\u00e3o: Rafael Silva<\/li>\n\n\n\n<li>Bancada: Monica Buava, Adriana Charoux, Rosana Villar e Felipe Souza<\/li>\n\n\n\n<li>Sound Design: Compasso Coolab;<\/li>\n\n\n\n<li>Trilha original: Marcellus Meirelles e Alexandre Luppi;<\/li>\n\n\n\n<li>Edi\u00e7\u00e3o: Marlon Marinho.<\/li>\n<\/ul>\n","protected":false},"excerpt":{"rendered":"<p>O brasileiro \u00e9 um dos maiores consumidores de carne do mundo. Como mudar essa realidade? <\/p>\n","protected":false},"author":28,"featured_media":7972,"comment_status":"open","ping_status":"closed","sticky":false,"template":"","format":"standard","meta":{"ep_exclude_from_search":false,"p4_og_title":"","p4_og_description":"","p4_og_image":"","p4_og_image_id":"","p4_seo_canonical_url":"","p4_campaign_name":"not set","p4_local_project":"not set","p4_basket_name":"not set","p4_department":"","footnotes":""},"categories":[4],"tags":[18,22],"p4-page-type":[28],"class_list":["post-7970","post","type-post","status-publish","format-standard","has-post-thumbnail","hentry","category-ativismo","tag-agroecologia","tag-florestas","p4-page-type-podcast"],"_links":{"self":[{"href":"https:\/\/www.greenpeace.org\/brasil\/wp-json\/wp\/v2\/posts\/7970","targetHints":{"allow":["GET"]}}],"collection":[{"href":"https:\/\/www.greenpeace.org\/brasil\/wp-json\/wp\/v2\/posts"}],"about":[{"href":"https:\/\/www.greenpeace.org\/brasil\/wp-json\/wp\/v2\/types\/post"}],"author":[{"embeddable":true,"href":"https:\/\/www.greenpeace.org\/brasil\/wp-json\/wp\/v2\/users\/28"}],"replies":[{"embeddable":true,"href":"https:\/\/www.greenpeace.org\/brasil\/wp-json\/wp\/v2\/comments?post=7970"}],"version-history":[{"count":11,"href":"https:\/\/www.greenpeace.org\/brasil\/wp-json\/wp\/v2\/posts\/7970\/revisions"}],"predecessor-version":[{"id":51909,"href":"https:\/\/www.greenpeace.org\/brasil\/wp-json\/wp\/v2\/posts\/7970\/revisions\/51909"}],"wp:featuredmedia":[{"embeddable":true,"href":"https:\/\/www.greenpeace.org\/brasil\/wp-json\/wp\/v2\/media\/7972"}],"wp:attachment":[{"href":"https:\/\/www.greenpeace.org\/brasil\/wp-json\/wp\/v2\/media?parent=7970"}],"wp:term":[{"taxonomy":"category","embeddable":true,"href":"https:\/\/www.greenpeace.org\/brasil\/wp-json\/wp\/v2\/categories?post=7970"},{"taxonomy":"post_tag","embeddable":true,"href":"https:\/\/www.greenpeace.org\/brasil\/wp-json\/wp\/v2\/tags?post=7970"},{"taxonomy":"p4-page-type","embeddable":true,"href":"https:\/\/www.greenpeace.org\/brasil\/wp-json\/wp\/v2\/p4-page-type?post=7970"}],"curies":[{"name":"wp","href":"https:\/\/api.w.org\/{rel}","templated":true}]}}