{"id":8031,"date":"2019-04-01T03:48:02","date_gmt":"2019-04-01T06:48:02","guid":{"rendered":"https:\/\/www.greenpeace.org\/brasil\/?p=8031"},"modified":"2022-06-30T17:28:37","modified_gmt":"2022-06-30T20:28:37","slug":"em-israel-greenpeace-pede-urgencia-na-protecao-da-amazonia-a-bolsonaro","status":"publish","type":"post","link":"https:\/\/www.greenpeace.org\/brasil\/imprensa\/em-israel-greenpeace-pede-urgencia-na-protecao-da-amazonia-a-bolsonaro\/","title":{"rendered":"Em Israel, Greenpeace pede urg\u00eancia na prote\u00e7\u00e3o da Amaz\u00f4nia a Bolsonaro"},"content":{"rendered":"<p><img loading=\"lazy\" decoding=\"async\" class=\"alignnone size-large wp-image-8044\" src=\"https:\/\/www.greenpeace.org\/static\/planet4-brasil-stateless\/2019\/04\/9d557b53-gp0stt62s_medium_res-1024x683.jpg\" alt=\"\" width=\"1024\" height=\"683\" srcset=\"https:\/\/www.greenpeace.org\/static\/planet4-brasil-stateless\/2019\/04\/9d557b53-gp0stt62s_medium_res-1024x683.jpg 1024w, https:\/\/www.greenpeace.org\/static\/planet4-brasil-stateless\/2019\/04\/9d557b53-gp0stt62s_medium_res-300x200.jpg 300w, https:\/\/www.greenpeace.org\/static\/planet4-brasil-stateless\/2019\/04\/9d557b53-gp0stt62s_medium_res-768x512.jpg 768w, https:\/\/www.greenpeace.org\/static\/planet4-brasil-stateless\/2019\/04\/9d557b53-gp0stt62s_medium_res-510x340.jpg 510w, https:\/\/www.greenpeace.org\/static\/planet4-brasil-stateless\/2019\/04\/9d557b53-gp0stt62s_medium_res.jpg 1200w\" sizes=\"auto, (max-width: 1024px) 100vw, 1024px\" \/><\/p>\n<p>Jerusal\u00e9m (Israel), 1\u00ba de abril de 2019 &#8211; Em sua primeira visita a Israel, ativistas do Greenpeace recepcionaram o presidente Jair Bolsonaro com um grande banner de 140m2, em frente ao hotel onde est\u00e1 hospedado, com a mensagem, em ingl\u00eas: \u201cBolsonaro, pare com a destrui\u00e7\u00e3o da Amaz\u00f4nia\u201d.<\/p>\n<p>M\u00e1rcio Astrini, coordenador de Pol\u00edticas P\u00fablicas do Greenpeace Brasil, afirma: \u201cN\u00f3s vamos lembrar o Presidente da import\u00e2ncia da Amaz\u00f4nia a todo momento, sem descanso. Uma \u00e1rea correspondente a dois campos de futebol da floresta amaz\u00f4nica brasileira \u00e9 desmatada a cada minuto. Trata-se de um patrim\u00f4nio de todos os brasileiros que est\u00e1 sendo destru\u00eddo. Isso \u00e9 inaceit\u00e1vel e precisa ter um fim\u201d.<\/p>\n<p>Entre agosto de 2017 a julho de 2018, a <a href=\"https:\/\/www.greenpeace.org\/brasil\/blog\/desmatamento-na-amazonia-cresce-137\/\">floresta perdeu<\/a> cerca de 1.185.000.000 (um bilh\u00e3o, cento e oitenta e cinco milh\u00f5es) de \u00e1rvores. As primeiras medidas do novo governo para o meio ambiente representam um aumento do risco para a Amaz\u00f4nia e para os povos ind\u00edgenas &#8211; comprovadamente, os maiores guardi\u00f5es da floresta. Dentre elas, est\u00e3o a concess\u00e3o ao Minist\u00e9rio da Agricultura da demarca\u00e7\u00e3o de terras ind\u00edgenas, o desmonte orquestrado do Minist\u00e9rio do Meio Ambiente, os ataques \u00e0s a\u00e7\u00f5es de fiscaliza\u00e7\u00e3o do Ibama para combater o crime, as constantes amea\u00e7as de libera\u00e7\u00e3o de \u00e1reas protegidas da Amaz\u00f4nia para a minera\u00e7\u00e3o, o ataque deliberado aos direitos dos povos ind\u00edgenas e a promessa de abertura de suas terras para produ\u00e7\u00e3o agr\u00edcola, entre outras.<\/p>\n<p>\u201cComprometer o poder de atua\u00e7\u00e3o do Ibama e amea\u00e7ar a exist\u00eancia de \u00e1reas protegidas, como terras ind\u00edgenas e unidades de conserva\u00e7\u00e3o, diminui o poder de atua\u00e7\u00e3o do Estado e sabota a\u00e7\u00f5es que s\u00e3o fundamentais no combate ao desmatamento. Al\u00e9m disso, passa um recado de que a destrui\u00e7\u00e3o da floresta, que ocorre em sua maioria de forma criminosa, n\u00e3o s\u00f3 continuar\u00e1, como ter\u00e1 ainda mais espa\u00e7o. O desmatamento da floresta est\u00e1 perto de atingir <a href=\"http:\/\/agencia.fapesp.br\/desmatamento-na-amazonia-esta-prestes-a-atingir-limite-irreversivel\/27180\/\">um limite irrevers\u00edvel<\/a>, comprometendo o futuro de todos n\u00f3s. Portanto, n\u00f3s n\u00e3o temos tempo a perder!\u201d, defende Astrini.<\/p>\n<p>Para o Greenpeace, ao inv\u00e9s de promover uma agenda de retrocessos, o Governo Bolsonaro deveria assegurar a prote\u00e7\u00e3o da Amaz\u00f4nia, pois ela \u00e9 fundamental n\u00e3o s\u00f3 para o equil\u00edbrio clim\u00e1tico global, assegurando as chuvas que garantem a produ\u00e7\u00e3o de alimentos, como tamb\u00e9m \u00e9 importante para nossa economia. Consumidores de todo o mundo, empresas e governos j\u00e1 deixaram bem claro que n\u00e3o querem produtos contaminados por desmatamento. Proteger a floresta, portanto, \u00e9 proteger a vida, o clima, a economia e o emprego de milh\u00f5es de brasileiros.<\/p>\n<p><strong>Galeria de imagens<\/strong><br \/>\n<a href=\"https:\/\/media.greenpeace.org\/shoot\/27MZIFJWGVHAY\">Acesse aqui<\/a>. Uso apenas editorial. Cr\u00e9ditos obrigat\u00f3rios.<\/p>\n<p><strong>Assessoria de Imprensa<\/strong><br \/>\nCamila Rossi<br \/>\ncamila.rossi@greenpeace.org<br \/>\n+55 (11) 97252-6867<br \/>\n+55 (11) 98152-8476<\/p>\n","protected":false},"excerpt":{"rendered":"<p>Em sua primeira visita a Israel, ativistas do Greenpeace recepcionaram o presidente Jair Bolsonaro com um grande banner de 140m2, em frente ao hotel onde est\u00e1 hospedado<\/p>\n","protected":false},"author":28,"featured_media":8044,"comment_status":"closed","ping_status":"closed","sticky":false,"template":"","format":"standard","meta":{"ep_exclude_from_search":false,"p4_og_title":"","p4_og_description":"","p4_og_image":"","p4_og_image_id":"","p4_seo_canonical_url":"","p4_campaign_name":"","p4_local_project":"","p4_basket_name":"","p4_department":"","footnotes":""},"categories":[3],"tags":[22,55],"p4-page-type":[14],"class_list":["post-8031","post","type-post","status-publish","format-standard","has-post-thumbnail","hentry","category-proteja-a-natureza","tag-florestas","tag-imprensa","p4-page-type-imprensa"],"_links":{"self":[{"href":"https:\/\/www.greenpeace.org\/brasil\/wp-json\/wp\/v2\/posts\/8031","targetHints":{"allow":["GET"]}}],"collection":[{"href":"https:\/\/www.greenpeace.org\/brasil\/wp-json\/wp\/v2\/posts"}],"about":[{"href":"https:\/\/www.greenpeace.org\/brasil\/wp-json\/wp\/v2\/types\/post"}],"author":[{"embeddable":true,"href":"https:\/\/www.greenpeace.org\/brasil\/wp-json\/wp\/v2\/users\/28"}],"replies":[{"embeddable":true,"href":"https:\/\/www.greenpeace.org\/brasil\/wp-json\/wp\/v2\/comments?post=8031"}],"version-history":[{"count":10,"href":"https:\/\/www.greenpeace.org\/brasil\/wp-json\/wp\/v2\/posts\/8031\/revisions"}],"predecessor-version":[{"id":8047,"href":"https:\/\/www.greenpeace.org\/brasil\/wp-json\/wp\/v2\/posts\/8031\/revisions\/8047"}],"wp:featuredmedia":[{"embeddable":true,"href":"https:\/\/www.greenpeace.org\/brasil\/wp-json\/wp\/v2\/media\/8044"}],"wp:attachment":[{"href":"https:\/\/www.greenpeace.org\/brasil\/wp-json\/wp\/v2\/media?parent=8031"}],"wp:term":[{"taxonomy":"category","embeddable":true,"href":"https:\/\/www.greenpeace.org\/brasil\/wp-json\/wp\/v2\/categories?post=8031"},{"taxonomy":"post_tag","embeddable":true,"href":"https:\/\/www.greenpeace.org\/brasil\/wp-json\/wp\/v2\/tags?post=8031"},{"taxonomy":"p4-page-type","embeddable":true,"href":"https:\/\/www.greenpeace.org\/brasil\/wp-json\/wp\/v2\/p4-page-type?post=8031"}],"curies":[{"name":"wp","href":"https:\/\/api.w.org\/{rel}","templated":true}]}}