{"id":8054,"date":"2019-04-02T16:27:15","date_gmt":"2019-04-02T19:27:15","guid":{"rendered":"https:\/\/www.greenpeace.org\/brasil\/?p=8054"},"modified":"2019-11-06T05:19:50","modified_gmt":"2019-11-06T08:19:50","slug":"tres-meses-de-veneno","status":"publish","type":"post","link":"https:\/\/www.greenpeace.org\/brasil\/blog\/tres-meses-de-veneno\/","title":{"rendered":"Tr\u00eas meses de veneno"},"content":{"rendered":"<h4><strong>Libera\u00e7\u00e3o de agrot\u00f3xicos em ritmo in\u00e9dito mant\u00e9m pa\u00eds na trilha do veneno<\/strong><\/h4>\n<p><span style=\"font-weight: 400;\">Em menos de 100 dias do novo governo, a libera\u00e7\u00e3o de agrot\u00f3xicos j\u00e1 t\u00eam espa\u00e7o garantido e in\u00e9dito no executivo brasileiro. At\u00e9 o momento, 121 novos produtos foram aprovados e 241 novos pedidos de registro acatados. Apesar de se apoiar em um discurso de que o setor busca modernidade e prioriza\u00e7\u00e3o da seguran\u00e7a, os fatos mostram o contr\u00e1rio: cerca de 41% dos novos produtos s\u00e3o classificados como altamente ou extremamente t\u00f3xicos.<\/span><\/p>\n<p><b>Em apenas 3 meses, o governo Bolsonaro libera mais agrot\u00f3xicos do que qualquer outro na \u00faltima d\u00e9cada<\/b><span style=\"font-weight: 400;\">, como mostra a compara\u00e7\u00e3o abaixo apurada pelo Greenpeace:<\/span><\/p>\n<p><img loading=\"lazy\" decoding=\"async\" class=\"aligncenter size-full wp-image-8055\" src=\"https:\/\/www.greenpeace.org\/static\/planet4-brasil-stateless\/2019\/04\/48787177-governo_do_veneno.png\" alt=\"\" width=\"1500\" height=\"1500\" srcset=\"https:\/\/www.greenpeace.org\/static\/planet4-brasil-stateless\/2019\/04\/48787177-governo_do_veneno.png 1500w, https:\/\/www.greenpeace.org\/static\/planet4-brasil-stateless\/2019\/04\/48787177-governo_do_veneno-150x150.png 150w, https:\/\/www.greenpeace.org\/static\/planet4-brasil-stateless\/2019\/04\/48787177-governo_do_veneno-300x300.png 300w, https:\/\/www.greenpeace.org\/static\/planet4-brasil-stateless\/2019\/04\/48787177-governo_do_veneno-768x768.png 768w, https:\/\/www.greenpeace.org\/static\/planet4-brasil-stateless\/2019\/04\/48787177-governo_do_veneno-1024x1024.png 1024w, https:\/\/www.greenpeace.org\/static\/planet4-brasil-stateless\/2019\/04\/48787177-governo_do_veneno-1366x1366.png 1366w, https:\/\/www.greenpeace.org\/static\/planet4-brasil-stateless\/2019\/04\/48787177-governo_do_veneno-340x340.png 340w\" sizes=\"auto, (max-width: 1500px) 100vw, 1500px\" \/><\/p>\n<p><span style=\"font-weight: 400;\">Apesar de pouca novidade no card\u00e1pio dos novos produtos, ele \u00e9 vasto, bem como os impactos que pode causar. H\u00e1 novos produtos contendo <\/span><b>glifosato<\/b><span style=\"font-weight: 400;\">, que segue como o veneno mais utilizado no pa\u00eds e que tem sido ligado \u00e0 casos de c\u00e2ncer na Corte Americana. O <\/span><b>glufosinato de am\u00f4nio<\/b><span style=\"font-weight: 400;\"> tamb\u00e9m \u00e9 um dos ingredientes presentes em alguns dos novos produtos e\u00a0<\/span>e em alguns pa\u00edses \u00e9 considerado como t\u00f3xico para reprodu\u00e7\u00e3o humana.<\/p>\n<p><b>Atrazina e acefato<\/b><span style=\"font-weight: 400;\">, que s\u00e3o banidos na Europa, tamb\u00e9m est\u00e3o entre as autoriza\u00e7\u00f5es &#8211; o primeiro foi associado a impactos no sistema reprodutivo em popula\u00e7\u00e3o de sapos, e o segundo foi associado \u00e0 impactos na fertilidade masculina. Ingredientes que podem amea\u00e7ar as abelhas, como o <\/span><b>Sulfoxaflor, Fipronil e neonicotin\u00f3ides<\/b><span style=\"font-weight: 400;\">, tamb\u00e9m fazem parte do pacote. \u00a0<\/span><\/p>\n<p><span style=\"font-weight: 400;\">Nomear como Ministra da Agricultura Tereza Cristina, antiga presidente da Frente Parlamentar da Agropecu\u00e1ria, membro da Bancada Ruralista e conhecida como \u201cmusa do veneno\u201d por ter liderado a aprova\u00e7\u00e3o do chamado Pacote do Veneno (PL n\u00ba 6.299\/2002) na Comiss\u00e3o Especial da C\u00e2mara dos Deputados, mostra que o novo governo fez sua escolha: envenenar mais ainda o Brasil e nos deixar cada vez mais distantes de uma agricultura mais saud\u00e1vel e sustent\u00e1vel para as pessoas e para o pa\u00eds, como provam os n\u00fameros.<\/span><\/p>\n<p><span style=\"font-weight: 400;\">Ao inv\u00e9s de intoxicar ainda mais a popula\u00e7\u00e3o brasileira, o governo deveria ouvi-la. Em 2018, a sociedade se mobilizou contra o Pacote do Veneno. Com a impopularidade do projeto, a hoje ministra da Agricultura tem encontrado outros caminhos, via Poder Executivo, para enfiar goela abaixo o PL, repartindo-o em \u201cp\u00edlulas\u201d. Atualmente, s\u00e3o mais de 1,5 milh\u00e3o de pessoas dizendo n\u00e3o ao PL e apoiando a Pol\u00edtica Nacional de Redu\u00e7\u00e3o dos Agrot\u00f3xicos (PNaRA, PL n\u00ba 6.670\/2016). A PNaRA, que tamb\u00e9m tramita na casa, pode ser entendida como um primeiro passo de uma transi\u00e7\u00e3o para uma agricultura mais saud\u00e1vel, diminuindo a quantidade de veneno no campo de forma gradual e respons\u00e1vel, promovendo uma agricultura mais justa pra quem planta e para quem consome e democratizando o acesso \u00e0 alimenta\u00e7\u00e3o saud\u00e1vel.<\/span><\/p>\n<p>#ChegaDeAgrot\u00f3xicos<\/p>\n","protected":false},"excerpt":{"rendered":"<p>Libera\u00e7\u00e3o de agrot\u00f3xicos em ritmo in\u00e9dito mant\u00e9m pa\u00eds na trilha do veneno<\/p>\n","protected":false},"author":19,"featured_media":8060,"comment_status":"open","ping_status":"closed","sticky":false,"template":"","format":"standard","meta":{"ep_exclude_from_search":false,"p4_og_title":"","p4_og_description":"","p4_og_image":"","p4_og_image_id":"","p4_seo_canonical_url":"","p4_campaign_name":"","p4_local_project":"","p4_basket_name":"","p4_department":"","footnotes":""},"categories":[2],"tags":[8,18],"p4-page-type":[16],"class_list":["post-8054","post","type-post","status-publish","format-standard","has-post-thumbnail","hentry","category-transforme-a-sociedade","tag-resista","tag-agroecologia","p4-page-type-blog"],"_links":{"self":[{"href":"https:\/\/www.greenpeace.org\/brasil\/wp-json\/wp\/v2\/posts\/8054","targetHints":{"allow":["GET"]}}],"collection":[{"href":"https:\/\/www.greenpeace.org\/brasil\/wp-json\/wp\/v2\/posts"}],"about":[{"href":"https:\/\/www.greenpeace.org\/brasil\/wp-json\/wp\/v2\/types\/post"}],"author":[{"embeddable":true,"href":"https:\/\/www.greenpeace.org\/brasil\/wp-json\/wp\/v2\/users\/19"}],"replies":[{"embeddable":true,"href":"https:\/\/www.greenpeace.org\/brasil\/wp-json\/wp\/v2\/comments?post=8054"}],"version-history":[{"count":7,"href":"https:\/\/www.greenpeace.org\/brasil\/wp-json\/wp\/v2\/posts\/8054\/revisions"}],"predecessor-version":[{"id":8095,"href":"https:\/\/www.greenpeace.org\/brasil\/wp-json\/wp\/v2\/posts\/8054\/revisions\/8095"}],"wp:featuredmedia":[{"embeddable":true,"href":"https:\/\/www.greenpeace.org\/brasil\/wp-json\/wp\/v2\/media\/8060"}],"wp:attachment":[{"href":"https:\/\/www.greenpeace.org\/brasil\/wp-json\/wp\/v2\/media?parent=8054"}],"wp:term":[{"taxonomy":"category","embeddable":true,"href":"https:\/\/www.greenpeace.org\/brasil\/wp-json\/wp\/v2\/categories?post=8054"},{"taxonomy":"post_tag","embeddable":true,"href":"https:\/\/www.greenpeace.org\/brasil\/wp-json\/wp\/v2\/tags?post=8054"},{"taxonomy":"p4-page-type","embeddable":true,"href":"https:\/\/www.greenpeace.org\/brasil\/wp-json\/wp\/v2\/p4-page-type?post=8054"}],"curies":[{"name":"wp","href":"https:\/\/api.w.org\/{rel}","templated":true}]}}