{"id":809,"date":"2016-08-04T00:00:00","date_gmt":"2016-08-04T00:00:00","guid":{"rendered":"https:\/\/www.greenpeace.org\/brasil\/blog\/hidreletrica-no-tapajos-esta-cancelada\/"},"modified":"2019-11-06T05:21:13","modified_gmt":"2019-11-06T08:21:13","slug":"hidreletrica-no-tapajos-esta-cancelada","status":"publish","type":"post","link":"https:\/\/www.greenpeace.org\/brasil\/blog\/hidreletrica-no-tapajos-esta-cancelada\/","title":{"rendered":"Hidrel\u00e9trica no Tapaj\u00f3s est\u00e1 cancelada"},"content":{"rendered":"<h4 class=\"leader\"><em>Decis\u00e3o do Ibama de cancelar o processo de licenciamento inviabiliza a constru\u00e7\u00e3o da usina<\/em><\/h4>\n<div>\n<div class=\"events-box small-box left\">\n<div class=\"frame\">\n<div id=\"attachment_3331\" style=\"width: 1034px\" class=\"wp-caption alignnone\"><img loading=\"lazy\" decoding=\"async\" aria-describedby=\"caption-attachment-3331\" class=\"wp-image-3331 size-large\" src=\"https:\/\/www.greenpeace.org\/static\/planet4-brasil-stateless\/2016\/08\/GP0STPY4U_Medium_res-1024x667.jpg\" alt=\"Crian\u00e7as Munduruku brincam no rio Tapaj\u00f3s. \" width=\"1024\" height=\"667\" srcset=\"https:\/\/www.greenpeace.org\/static\/planet4-brasil-stateless\/2016\/08\/GP0STPY4U_Medium_res-1024x667.jpg 1024w, https:\/\/www.greenpeace.org\/static\/planet4-brasil-stateless\/2016\/08\/GP0STPY4U_Medium_res-300x195.jpg 300w, https:\/\/www.greenpeace.org\/static\/planet4-brasil-stateless\/2016\/08\/GP0STPY4U_Medium_res-768x500.jpg 768w, https:\/\/www.greenpeace.org\/static\/planet4-brasil-stateless\/2016\/08\/GP0STPY4U_Medium_res-510x332.jpg 510w, https:\/\/www.greenpeace.org\/static\/planet4-brasil-stateless\/2016\/08\/GP0STPY4U_Medium_res.jpg 1199w\" sizes=\"auto, (max-width: 1024px) 100vw, 1024px\" \/><p id=\"caption-attachment-3331\" class=\"wp-caption-text\">Crian\u00e7as Munduruku brincam no rio Tapaj\u00f3s.<\/p><\/div>\n<p>O Ibama cancelou o processo de licenciamento da hidrel\u00e9trica de S\u00e3o Luiz do Tapaj\u00f3s, que estava prevista para ser constru\u00edda no cora\u00e7\u00e3o da Amaz\u00f4nia, no Par\u00e1. O ato \u00e9 um reconhecimento da inviabilidade ambiental do empreendimento. Sem a licen\u00e7a ambiental \u00e9 imposs\u00edvel realizar o leil\u00e3o da usina.<\/p>\n<\/div>\n<\/div>\n<p>\u201cN\u00f3s, Munduruku, estamos muito felizes com o cancelamento da usina. Isso \u00e9 muito importante para o nosso povo. Agora vamos continuar lutando contra as outras usinas no nosso rio\u201d, afirma Arnaldo Kab\u00e1 Munduruku, cacique-geral do povo.<\/p>\n<p>Ainda existem outros 42 projetos de hidrel\u00e9tricas apenas na bacia do rio Tapaj\u00f3s e dezenas na Amaz\u00f4nia. Recentemente, mais de 1,2 milh\u00e3o de pessoas ao redor do mundo se juntaram \u00e0 luta dos Munduruku contra as hidrel\u00e9tricas.<\/p>\n<p>Al\u00e9m de alagar a terra ind\u00edgena Sawr\u00e9 Muybu, do povo Munduruku, e impactar dezenas de comunidades ribeirinhas, a obra causaria impactos ambientais irrevers\u00edveis. No ano passado, uma <a href=\"https:\/\/www.greenpeace.org\/static\/planet4-brasil-stateless\/2018\/07\/a_luta_pelo_rio_da_vida.pdf\" target=\"_blank\" rel=\"noopener noreferrer\">an\u00e1lise<\/a> do Estudo de Impacto Ambiental da hidrel\u00e9trica, produzida pelo Greenpeace e realizada por pesquisadores renomados, j\u00e1 havia mostrado a inviabilidade do empreendimento.<\/p>\n<p>&#8220;Al\u00e9m de uma grande vit\u00f3ria das popula\u00e7\u00f5es tradicionais e ind\u00edgenas do Tapaj\u00f3s, a decis\u00e3o de cancelar o processo de licenciamento desta usina tamb\u00e9m refor\u00e7a a necessidade do Brasil reavaliar sua pol\u00edtica de expans\u00e3o da matriz de hidrel\u00e9tricas na Amaz\u00f4nia, devido aos impactos inaceit\u00e1veis que este tipo de obra gera sobre o bioma&#8221;, \u00a0afirma Danicley de Aguiar, da campanha da Amaz\u00f4nia do Greenpeace.<\/p>\n<p>No in\u00edcio desta semana, o Minist\u00e9rio P\u00fablico Federal do Par\u00e1 (MPF) havia recomendado ao Ibama que cancelasse o licenciamento ambiental da usina em fun\u00e7\u00e3o da inconstitucionalidade do projeto devido \u00e0 necessidade de remo\u00e7\u00e3o permanente dos ind\u00edgenas. A terra ind\u00edgena Sawr\u00e9 Muybu, que teria parte de sua \u00e1rea alagada pelo empreendimento, est\u00e1 em processo de demarca\u00e7\u00e3o e foi reconhecida em abril deste ano pela Funai. A Constitui\u00e7\u00e3o de 1988 veda a remo\u00e7\u00e3o de povos ind\u00edgenas de suas terras.<\/p>\n<p>&#8220;Diante da realidade imposta, o governo acertou na decis\u00e3o que garante a prote\u00e7\u00e3o da floresta e seus povos. Agora esperamos que o Minist\u00e9rio da Justi\u00e7a reconhe\u00e7a o direito origin\u00e1rio do povo Munduruku e realize a demarca\u00e7\u00e3o da TI Sawr\u00e9 Muybu&#8221;, conclui Danicley.<\/p>\n<p>Em declara\u00e7\u00f5es \u00e0 imprensa, o governo demonstrou preocupa\u00e7\u00e3o com os graves impactos socioambientais do empreendimento. O ministro do Meio Ambiente, Jos\u00e9 Sarney Filho (PV-MA) afirmou ao jornal Valor Econ\u00f4mico que a \u201cobra \u00e9 inteiramente dispens\u00e1vel\u201d. Ele acredita que fontes renov\u00e1veis podem suprir a demanda de energia de S\u00e3o Luiz do Tapaj\u00f3s.<\/p>\n<p>Esse cancelamento traz a oportunidade de repensar o modelo de gera\u00e7\u00e3o de energia no Brasil. Fontes renov\u00e1veis e verdadeiramente limpas, como a e\u00f3lica e a solar, j\u00e1 s\u00e3o uma realidade e podem suprir a demanda do pa\u00eds, que tem plenas condi\u00e7\u00f5es de escolher outros caminhos.<\/p>\n<p>Conforme mostrou um <a href=\"https:\/\/www.greenpeace.org\/static\/planet4-brasil-stateless\/2018\/07\/relatorio_hidreletricas_na_amazonia.pdf\" target=\"_blank\" rel=\"noopener noreferrer\">estudo<\/a> realizado pelo Greenpeace, \u00e9 poss\u00edvel produzir a mesma energia esperada por S\u00e3o Luiz do Tapaj\u00f3s com o uso dessas fontes.<\/p>\n<lite-youtube style=\"background-image: url('https:\/\/i.ytimg.com\/vi\/lepqEjOLr4o\/hqdefault.jpg');\" videoid=\"lepqEjOLr4o\" params=\"rel=0\"><\/lite-youtube>\n<\/div>\n","protected":false},"excerpt":{"rendered":"<p>Decis\u00e3o do Ibama de cancelar o processo de licenciamento inviabiliza a constru\u00e7\u00e3o da usina.<\/p>\n","protected":false},"author":28,"featured_media":3331,"comment_status":"open","ping_status":"open","sticky":false,"template":"","format":"standard","meta":{"ep_exclude_from_search":false,"p4_og_title":"","p4_og_description":"","p4_og_image":"","p4_og_image_id":"","p4_seo_canonical_url":"","p4_campaign_name":"","p4_local_project":"","p4_basket_name":"","p4_department":"","footnotes":""},"categories":[3],"tags":[22,8],"p4-page-type":[16],"class_list":["post-809","post","type-post","status-publish","format-standard","has-post-thumbnail","hentry","category-proteja-a-natureza","tag-florestas","tag-resista","p4-page-type-blog"],"_links":{"self":[{"href":"https:\/\/www.greenpeace.org\/brasil\/wp-json\/wp\/v2\/posts\/809","targetHints":{"allow":["GET"]}}],"collection":[{"href":"https:\/\/www.greenpeace.org\/brasil\/wp-json\/wp\/v2\/posts"}],"about":[{"href":"https:\/\/www.greenpeace.org\/brasil\/wp-json\/wp\/v2\/types\/post"}],"author":[{"embeddable":true,"href":"https:\/\/www.greenpeace.org\/brasil\/wp-json\/wp\/v2\/users\/28"}],"replies":[{"embeddable":true,"href":"https:\/\/www.greenpeace.org\/brasil\/wp-json\/wp\/v2\/comments?post=809"}],"version-history":[{"count":5,"href":"https:\/\/www.greenpeace.org\/brasil\/wp-json\/wp\/v2\/posts\/809\/revisions"}],"predecessor-version":[{"id":12969,"href":"https:\/\/www.greenpeace.org\/brasil\/wp-json\/wp\/v2\/posts\/809\/revisions\/12969"}],"wp:featuredmedia":[{"embeddable":true,"href":"https:\/\/www.greenpeace.org\/brasil\/wp-json\/wp\/v2\/media\/3331"}],"wp:attachment":[{"href":"https:\/\/www.greenpeace.org\/brasil\/wp-json\/wp\/v2\/media?parent=809"}],"wp:term":[{"taxonomy":"category","embeddable":true,"href":"https:\/\/www.greenpeace.org\/brasil\/wp-json\/wp\/v2\/categories?post=809"},{"taxonomy":"post_tag","embeddable":true,"href":"https:\/\/www.greenpeace.org\/brasil\/wp-json\/wp\/v2\/tags?post=809"},{"taxonomy":"p4-page-type","embeddable":true,"href":"https:\/\/www.greenpeace.org\/brasil\/wp-json\/wp\/v2\/p4-page-type?post=809"}],"curies":[{"name":"wp","href":"https:\/\/api.w.org\/{rel}","templated":true}]}}