{"id":8151,"date":"2019-04-09T16:20:55","date_gmt":"2019-04-09T19:20:55","guid":{"rendered":"https:\/\/www.greenpeace.org\/brasil\/?p=8151"},"modified":"2019-11-06T05:19:49","modified_gmt":"2019-11-06T08:19:49","slug":"retrocessos-ambientais-marcam-os-100-dias-do-governo-bolsonaro","status":"publish","type":"post","link":"https:\/\/www.greenpeace.org\/brasil\/blog\/retrocessos-ambientais-marcam-os-100-dias-do-governo-bolsonaro\/","title":{"rendered":"Retrocessos ambientais marcam os 100 dias do governo Bolsonaro"},"content":{"rendered":"<h4><strong>Apoiado pelos ruralistas desde a sua campanha, Jair Bolsonaro elege a agenda ambiental como inimiga do governo e promove uma avalanche de retrocessos<\/strong><\/h4>\n<div id=\"attachment_8163\" style=\"width: 810px\" class=\"wp-caption aligncenter\"><img loading=\"lazy\" decoding=\"async\" aria-describedby=\"caption-attachment-8163\" class=\"size-full wp-image-8163\" src=\"https:\/\/www.greenpeace.org\/static\/planet4-brasil-stateless\/2019\/04\/047dd385-gp0stsl79_web_size.jpg\" alt=\"Estrago deixado pelas queimadas criminosas na Amaz\u00f4nia. Iremos cobrar do governo Bolsonaro a necessidade de proteger as florestas e agir para barrar as mudan\u00e7as clim\u00e1ticas. \" width=\"800\" height=\"533\" srcset=\"https:\/\/www.greenpeace.org\/static\/planet4-brasil-stateless\/2019\/04\/047dd385-gp0stsl79_web_size.jpg 800w, https:\/\/www.greenpeace.org\/static\/planet4-brasil-stateless\/2019\/04\/047dd385-gp0stsl79_web_size-300x200.jpg 300w, https:\/\/www.greenpeace.org\/static\/planet4-brasil-stateless\/2019\/04\/047dd385-gp0stsl79_web_size-768x512.jpg 768w, https:\/\/www.greenpeace.org\/static\/planet4-brasil-stateless\/2019\/04\/047dd385-gp0stsl79_web_size-510x340.jpg 510w\" sizes=\"auto, (max-width: 800px) 100vw, 800px\" \/><p id=\"caption-attachment-8163\" class=\"wp-caption-text\">Estrago deixado pelas queimadas criminosas na Amaz\u00f4nia. Iremos cobrar incessantemente que o governo Bolsonaro proteja as florestas e aja para barrar as mudan\u00e7as clim\u00e1ticas.<\/p><\/div>\n<p><span style=\"font-weight: 400;\">Antes mesmo de tomar posse, o novo presidente j\u00e1 anunciava que acabaria com o Minist\u00e9rio do Meio Ambiente (MMA), submetendo-o ao da Agricultura. A forte repercuss\u00e3o negativa fez Jair Bolsonaro voltar atr\u00e1s, mas n\u00e3o desistir de seu objetivo de destruir a pasta. Em pouco tempo, colocou em pr\u00e1tica um \u201cplano B\u201d, nomeando como ministro Ricardo Salles, condenado em primeira inst\u00e2ncia por fraude na elabora\u00e7\u00e3o de plano de manejo em uma \u00c1rea de Prote\u00e7\u00e3o Ambiental em favor de empresas mineradoras. A partir de ent\u00e3o, uma <a href=\"https:\/\/www.greenpeace.org.br\/hubfs\/atos-medidas-bolsonaro-100dias.pdf\" target=\"_blank\" rel=\"noopener noreferrer\">enxurrada de medidas e decretos<\/a><\/span><span style=\"font-weight: 400;\">\u00a0come\u00e7ou a minar o minist\u00e9rio, diminuindo sua capacidade de atua\u00e7\u00e3o, desfazendo conquistas importantes e at\u00e9 mesmo impondo uma lei da morda\u00e7a aos servidores de alguns \u00f3rg\u00e3os. Assim, <strong>ao inv\u00e9s de aniquilar o minist\u00e9rio em uma s\u00f3 canetada, o presidente o faz no varejo<\/strong>.<\/span><\/p>\n<p><span style=\"font-weight: 400;\"><strong>Nesses primeiros 100 dias, o governo tamb\u00e9m adotou medidas e fez promessas que colocam em risco a Amaz\u00f4nia e poder\u00e3o fomentar ainda mais o desmatamento e a viol\u00eancia na regi\u00e3o<\/strong>. Nessa linha, Bolsonaro iniciou um ataque sem precedentes aos povos ind\u00edgenas: transferiu para o Minist\u00e9rio da Agricultura a responsabilidade pela demarca\u00e7\u00e3o de terras, declarou que vai rever todas as demarca\u00e7\u00f5es que puder e prometeu abrir terras ind\u00edgenas para explora\u00e7\u00e3o agropecu\u00e1ria e minera\u00e7\u00e3o. Segundo dados da Articula\u00e7\u00e3o dos Povos Ind\u00edgenas do Brasil (APIB), tais sinaliza\u00e7\u00f5es j\u00e1 foram suficientes para estimular mais invas\u00f5es e viol\u00eancia no campo.<\/span><\/p>\n<p><span style=\"font-weight: 400;\">O desejo de entregar a Amaz\u00f4nia ficou evidente durante miss\u00f5es governamentais internacionais, em falas de ministros e do pr\u00f3prio presidente que, em conversa com Donald Trump, prop\u00f4s a <\/span><a href=\"https:\/\/www.dw.com\/pt-br\/bolsonaro-quer-explorar-amaz%C3%B4nia-com-os-estados-unidos\/a-48257906?maca=pt-BR\" target=\"_blank\" rel=\"noopener noreferrer\"><span style=\"font-weight: 400;\">abertura da explora\u00e7\u00e3o da regi\u00e3o em parceria com os Estados Unidos<\/span><\/a><span style=\"font-weight: 400;\">. Al\u00e9m de ilegais, tais atos tamb\u00e9m afrontam a soberania nacional, uma vez que \u00e1reas protegidas e terras ind\u00edgenas, que hoje pertencem \u00e0 Uni\u00e3o, poderiam ir parar nas m\u00e3os de empresas estrangeiras.<\/span><\/p>\n<p><span style=\"font-weight: 400;\">O ataque \u00e0 pauta ambiental n\u00e3o para por a\u00ed. <strong>No Pal\u00e1cio do Planalto, h\u00e1 uma ampla agenda dedicada a encher de veneno a comida da popula\u00e7\u00e3o. Em 100 dias, j\u00e1 foram autorizados para uso 152 novos agrot\u00f3xicos, um recorde se comparado aos \u00faltimos dez anos, considerando o mesmo per\u00edodo<\/strong>. Destas subst\u00e2ncias, <a href=\"https:\/\/www.greenpeace.org.br\/hubfs\/agrotoxicos-bolsonaro-100dias.pdf\" target=\"_blank\" rel=\"noopener noreferrer\">44% s\u00e3o classificadas como altamente ou extremamente t\u00f3xicas<\/a><\/span><span style=\"font-weight: 400;\">, e ao menos quatro produtos s\u00e3o t\u00e3o nocivos \u00e0 sa\u00fade humana que foram banidos em diversos pa\u00edses. H\u00e1 ainda 322 novos pedidos de registro acatados e que podem seguir pelo mesmo caminho.<\/span><\/p>\n<div id=\"attachment_8166\" style=\"width: 810px\" class=\"wp-caption aligncenter\"><img loading=\"lazy\" decoding=\"async\" aria-describedby=\"caption-attachment-8166\" class=\"size-full wp-image-8166\" src=\"https:\/\/www.greenpeace.org\/static\/planet4-brasil-stateless\/2019\/04\/e46d5e29-gp0stsva0_web_size.jpg\" alt=\"Em 100 dias, o governo j\u00e1 autorizou 121 novos agrot\u00f3xicos, um recorde se comparado aos \u00faltimos dez anos, considerando o mesmo per\u00edodo. Destas subst\u00e2ncias, 41% s\u00e3o classificadas como altamente ou extremamente t\u00f3xicas.\" width=\"800\" height=\"533\" srcset=\"https:\/\/www.greenpeace.org\/static\/planet4-brasil-stateless\/2019\/04\/e46d5e29-gp0stsva0_web_size.jpg 800w, https:\/\/www.greenpeace.org\/static\/planet4-brasil-stateless\/2019\/04\/e46d5e29-gp0stsva0_web_size-300x200.jpg 300w, https:\/\/www.greenpeace.org\/static\/planet4-brasil-stateless\/2019\/04\/e46d5e29-gp0stsva0_web_size-768x512.jpg 768w, https:\/\/www.greenpeace.org\/static\/planet4-brasil-stateless\/2019\/04\/e46d5e29-gp0stsva0_web_size-510x340.jpg 510w\" sizes=\"auto, (max-width: 800px) 100vw, 800px\" \/><p id=\"caption-attachment-8166\" class=\"wp-caption-text\">Em 100 dias, o governo j\u00e1 autorizou 152 novos agrot\u00f3xicos, um recorde se comparado aos \u00faltimos dez anos, considerando o mesmo per\u00edodo. Destas subst\u00e2ncias, 44% s\u00e3o classificadas como altamente ou extremamente t\u00f3xicas.<\/p><\/div>\n<p><span style=\"font-weight: 400;\">\u201cNestes primeiros 100 dias, o atual governo empenhou-se apenas numa agenda antiambiental. N\u00e3o h\u00e1, por exemplo, nenhuma nova medida de combate ao desmatamento da Amaz\u00f4nia. Os criminosos que destroem a floresta e roubam nossas riquezas, os vendedores de agrot\u00f3xicos que contaminam nossa comida e os que querem tomar as terras das popula\u00e7\u00f5es ind\u00edgenas s\u00e3o os \u00fanicos que t\u00eam algo a comemorar\u201d, diz Marcio Astrini, coordenador de Pol\u00edticas P\u00fablicas do Greenpeace.<\/span><\/p>\n<p><span style=\"font-weight: 400;\">O atual rumo das pol\u00edticas ambientais pode jogar por terra d\u00e9cadas de esfor\u00e7os no combate ao desmatamento, colocar em risco a sa\u00fade da popula\u00e7\u00e3o e trazer um incalcul\u00e1vel preju\u00edzo econ\u00f4mico e de imagem ao pa\u00eds. Cada vez mais, consumidores do mundo inteiro rejeitam produtos manchados com a destrui\u00e7\u00e3o ambiental. Recentemente, o governo franc\u00eas anunciou que ir\u00e1 bloquear a importa\u00e7\u00e3o de produtos agropecu\u00e1rios e florestais que contribuam com o desmatamento da Amaz\u00f4nia.<\/span><\/p>\n<p><span style=\"font-weight: 400;\">\u201cBolsonaro n\u00e3o ganhou um cheque em branco da sociedade brasileira para destruir nossas riquezas naturais. Ele deve governar para o bem de toda a popula\u00e7\u00e3o, e n\u00e3o apenas de acordo com seus interesses ou grupos aliados. Iremos cobr\u00e1-lo 24 horas por dia da necessidade de proteger as florestas, assegurar a sa\u00fade da popula\u00e7\u00e3o e agir para barrar as mudan\u00e7as clim\u00e1ticas. Continuaremos lutando contra todo retrocesso socioambiental, de forma independente, como tem sido ao longo dos nossos 27 anos de hist\u00f3ria no Brasil, n\u00e3o importando quem encontra-se na cadeira da Presid\u00eancia da Rep\u00fablica\u201d, afirma Astrini.<\/span><\/p>\n<p><span style=\"font-weight: 400;\">Confira <a href=\"https:\/\/www.greenpeace.org.br\/hubfs\/atos-medidas-bolsonaro-100dias.pdf\" target=\"_blank\" rel=\"noopener noreferrer\">aqui<\/a> os atos e promessas do governo que promovem retrocessos na \u00e1rea socioambiental nestes primeiros 100 dias de governo, e <a href=\"https:\/\/www.greenpeace.org.br\/hubfs\/agrotoxicos-bolsonaro-100dias.pdf\" target=\"_blank\" rel=\"noopener noreferrer\">aqui<\/a> a lista dos agrot\u00f3xicos liberados.\u00a0<\/span><\/p>\n<p><!--HubSpot Call-to-Action Code --><span id=\"hs-cta-wrapper-fc9ea52d-e1e5-4726-8ab4-58b058b36d83\" class=\"hs-cta-wrapper\"><span id=\"hs-cta-fc9ea52d-e1e5-4726-8ab4-58b058b36d83\" class=\"hs-cta-node hs-cta-fc9ea52d-e1e5-4726-8ab4-58b058b36d83\"><!-- [if lte IE 8]>\n\n\n\n\n<div id=\"hs-cta-ie-element\"><\/div>\n\n\n\n\n<![endif]--><a href=\"https:\/\/cta-redirect.hubspot.com\/cta\/redirect\/537105\/fc9ea52d-e1e5-4726-8ab4-58b058b36d83\"><img decoding=\"async\" id=\"hs-cta-img-fc9ea52d-e1e5-4726-8ab4-58b058b36d83\" class=\"hs-cta-img\" style=\"border-width: 0px;\" src=\"https:\/\/no-cache.hubspot.com\/cta\/default\/537105\/fc9ea52d-e1e5-4726-8ab4-58b058b36d83.png\" alt=\"PARTICIPE DO ABAIXO-ASSINADO\" \/><\/a><\/span><script charset=\"utf-8\" src=\"https:\/\/js.hscta.net\/cta\/current.js\"><\/script><\/span><!-- end HubSpot Call-to-Action Code --><\/p>\n","protected":false},"excerpt":{"rendered":"<p>Apoiado pelos ruralistas desde a sua campanha, Jair Bolsonaro elege a agenda ambiental como inimiga do governo e promove uma avalanche de retrocessos<\/p>\n","protected":false},"author":19,"featured_media":8163,"comment_status":"open","ping_status":"closed","sticky":false,"template":"","format":"standard","meta":{"ep_exclude_from_search":false,"p4_og_title":"","p4_og_description":"","p4_og_image":"","p4_og_image_id":"","p4_seo_canonical_url":"","p4_campaign_name":"","p4_local_project":"","p4_basket_name":"","p4_department":"","footnotes":""},"categories":[3],"tags":[6,8,18,22],"p4-page-type":[16],"class_list":["post-8151","post","type-post","status-publish","format-standard","has-post-thumbnail","hentry","category-proteja-a-natureza","tag-clima","tag-resista","tag-agroecologia","tag-florestas","p4-page-type-blog"],"_links":{"self":[{"href":"https:\/\/www.greenpeace.org\/brasil\/wp-json\/wp\/v2\/posts\/8151","targetHints":{"allow":["GET"]}}],"collection":[{"href":"https:\/\/www.greenpeace.org\/brasil\/wp-json\/wp\/v2\/posts"}],"about":[{"href":"https:\/\/www.greenpeace.org\/brasil\/wp-json\/wp\/v2\/types\/post"}],"author":[{"embeddable":true,"href":"https:\/\/www.greenpeace.org\/brasil\/wp-json\/wp\/v2\/users\/19"}],"replies":[{"embeddable":true,"href":"https:\/\/www.greenpeace.org\/brasil\/wp-json\/wp\/v2\/comments?post=8151"}],"version-history":[{"count":13,"href":"https:\/\/www.greenpeace.org\/brasil\/wp-json\/wp\/v2\/posts\/8151\/revisions"}],"predecessor-version":[{"id":8594,"href":"https:\/\/www.greenpeace.org\/brasil\/wp-json\/wp\/v2\/posts\/8151\/revisions\/8594"}],"wp:featuredmedia":[{"embeddable":true,"href":"https:\/\/www.greenpeace.org\/brasil\/wp-json\/wp\/v2\/media\/8163"}],"wp:attachment":[{"href":"https:\/\/www.greenpeace.org\/brasil\/wp-json\/wp\/v2\/media?parent=8151"}],"wp:term":[{"taxonomy":"category","embeddable":true,"href":"https:\/\/www.greenpeace.org\/brasil\/wp-json\/wp\/v2\/categories?post=8151"},{"taxonomy":"post_tag","embeddable":true,"href":"https:\/\/www.greenpeace.org\/brasil\/wp-json\/wp\/v2\/tags?post=8151"},{"taxonomy":"p4-page-type","embeddable":true,"href":"https:\/\/www.greenpeace.org\/brasil\/wp-json\/wp\/v2\/p4-page-type?post=8151"}],"curies":[{"name":"wp","href":"https:\/\/api.w.org\/{rel}","templated":true}]}}