{"id":8540,"date":"2019-04-16T20:09:59","date_gmt":"2019-04-16T23:09:59","guid":{"rendered":"https:\/\/www.greenpeace.org\/brasil\/?p=8540"},"modified":"2023-08-23T00:06:46","modified_gmt":"2023-08-23T03:06:46","slug":"embarque-em-uma-aventura-do-polo-norte-ao-polo-sul","status":"publish","type":"post","link":"https:\/\/www.greenpeace.org\/brasil\/blog\/embarque-em-uma-aventura-do-polo-norte-ao-polo-sul\/","title":{"rendered":"Embarque em uma aventura do Polo Norte ao Polo Sul"},"content":{"rendered":"<h4><span style=\"font-weight: 400;\">O Greenpeace come\u00e7a agora uma jornada que vai durar um ano cruzando o planeta e mostrando as amea\u00e7as e as maravilhas em nossos oceanos.<\/span><\/h4>\n<div id=\"attachment_8546\" style=\"width: 1034px\" class=\"wp-caption alignnone\"><img loading=\"lazy\" decoding=\"async\" aria-describedby=\"caption-attachment-8546\" class=\"size-large wp-image-8546\" src=\"https:\/\/www.greenpeace.org\/static\/planet4-brasil-stateless\/2019\/04\/a2a2ac80-gp0stpuvm-1024x683.jpg\" alt=\"\" width=\"1024\" height=\"683\" srcset=\"https:\/\/www.greenpeace.org\/static\/planet4-brasil-stateless\/2019\/04\/a2a2ac80-gp0stpuvm-1024x683.jpg 1024w, https:\/\/www.greenpeace.org\/static\/planet4-brasil-stateless\/2019\/04\/a2a2ac80-gp0stpuvm-300x200.jpg 300w, https:\/\/www.greenpeace.org\/static\/planet4-brasil-stateless\/2019\/04\/a2a2ac80-gp0stpuvm-768x512.jpg 768w, https:\/\/www.greenpeace.org\/static\/planet4-brasil-stateless\/2019\/04\/a2a2ac80-gp0stpuvm-510x340.jpg 510w, https:\/\/www.greenpeace.org\/static\/planet4-brasil-stateless\/2019\/04\/a2a2ac80-gp0stpuvm.jpg 1920w\" sizes=\"auto, (max-width: 1024px) 100vw, 1024px\" \/><p id=\"caption-attachment-8546\" class=\"wp-caption-text\">Navio Esperanza navegando pelos mares. Nosso navio vai, agora, viajar do Polo Norte ao Polo Sul.<\/p><\/div>\n<p><span style=\"font-weight: 400;\">Uma nova aventura come\u00e7ou neste m\u00eas de abril: de navio, <strong>cruzaremos o planeta, do Polo Norte ao Polo Sul \u2013 passando pelos Corais da Amaz\u00f4nia<\/strong> \u2013 para expor as amea\u00e7as aos oceanos, confrontar pacificamente os vil\u00f5es e defender nossos mares. Voc\u00ea \u00e9 nosso convidado para fazer parte dessa jornada com nossos corajosos marinheiros e ativistas.<\/span><\/p>\n<p><span style=\"font-weight: 400;\">A centenas de metros de profundidade, h\u00e1 um mundo com seres gigantes e incr\u00edveis e at\u00e9 cidades perdidas. Ali est\u00e3o criaturas ainda mais variadas do que nas florestas tropicais. E elas s\u00e3o donas da maior e mais longa cordilheira do planeta e trincheiras profundas \u2013 t\u00e3o profundas que caberia dentro delas um Monte Everest! <\/span><\/p>\n<p><span style=\"font-weight: 400;\">Da mudan\u00e7a clim\u00e1tica e explora\u00e7\u00e3o de petr\u00f3leo em \u00e1reas sens\u00edveis \u00e0 polui\u00e7\u00e3o dos pl\u00e1sticos, da minera\u00e7\u00e3o submarina e \u00e0 pesca excessiva, as amea\u00e7as que nossos oceanos enfrentam est\u00e3o ficando mais urgentes a cada dia. Mas agora h\u00e1 uma esperan\u00e7a! <\/span><span style=\"font-weight: 400;\">Lan\u00e7amos a nova campanha <\/span><i><span style=\"font-weight: 400;\">Proteja os Oceanos <\/span><\/i><span style=\"font-weight: 400;\">para que pessoas de todo o mundo pressionem nossos governantes para criar um <\/span><b>Tratado Global para os Oceanos. <\/b><span style=\"font-weight: 400;\">Se formos bem-sucedidos, esse tratado vai abrir caminho para criarmos uma rede de \u00e1reas de prote\u00e7\u00e3o marinha.<\/span><\/p>\n<p><strong>Nosso objetivo \u00e9 que at\u00e9 2030, cerca de 30% dos nossos oceanos estejam protegidos e assim ajudem a repovoar outras \u00e1reas impactadas.<\/strong><\/p>\n<p><span style=\"font-weight: 400;\">Para chegar l\u00e1, come\u00e7amos nossa aventura agora. Quer vir com a gente desde o Oceano \u00c1rtico at\u00e9 a Ant\u00e1rtida?<br \/>\n<\/span><\/p>\n<p style=\"text-align: center;\"><a href=\"https:\/\/www.greenpeace.org.br\/proteja-os-oceanos\" target=\"_blank\" rel=\"noopener noreferrer\"><span style=\"font-weight: 400;\">Acesse nosso site e veja o que mais est\u00e1 em jogo nessa expedi\u00e7\u00e3o.<\/span><\/a><\/p>\n<p><span style=\"font-weight: 400;\"><strong>Por onde vamos passar:<\/strong><br \/>\n<img loading=\"lazy\" decoding=\"async\" class=\"alignnone size-large wp-image-8548\" src=\"https:\/\/www.greenpeace.org\/static\/planet4-brasil-stateless\/2019\/04\/b6d18e31-artboard-1@4x-100-1-1024x576.jpg\" alt=\"\" width=\"1024\" height=\"576\" srcset=\"https:\/\/www.greenpeace.org\/static\/planet4-brasil-stateless\/2019\/04\/b6d18e31-artboard-1@4x-100-1-1024x576.jpg 1024w, https:\/\/www.greenpeace.org\/static\/planet4-brasil-stateless\/2019\/04\/b6d18e31-artboard-1@4x-100-1-300x169.jpg 300w, https:\/\/www.greenpeace.org\/static\/planet4-brasil-stateless\/2019\/04\/b6d18e31-artboard-1@4x-100-1-768x432.jpg 768w, https:\/\/www.greenpeace.org\/static\/planet4-brasil-stateless\/2019\/04\/b6d18e31-artboard-1@4x-100-1-510x287.jpg 510w, https:\/\/www.greenpeace.org\/static\/planet4-brasil-stateless\/2019\/04\/b6d18e31-artboard-1@4x-100-1.jpg 1815w\" sizes=\"auto, (max-width: 1024px) 100vw, 1024px\" \/><br \/>\n<\/span><\/p>\n<p><b>Oceano \u00c1rtico<br \/>\n<\/b><span style=\"font-weight: 400;\">As mudan\u00e7as clim\u00e1ticas est\u00e3o derretendo o Polo Norte, aumentando a quantidade de \u00e1gua onde antes era gelo e iceberg. Esse &#8220;novo oceano&#8221; que est\u00e1 surgindo pressiona a vida marinha. Os ursos polares, por exemplo, est\u00e3o perdendo seu habitat e est\u00e3o passando fome porque n\u00e3o conseguem ca\u00e7ar. Quanto mais gelo derrete, mais a ind\u00fastria da pesca predat\u00f3ria e do petr\u00f3leo se beneficiam porque conseguem chegar em novas regi\u00f5es. Elas est\u00e3o de olho no \u00c1rtico e no lucro que podem ter ali. <\/span><span style=\"font-weight: 400;\"><br \/>\n<\/span><span style=\"font-weight: 400;\"><br \/>\n<\/span><b>Cidade Perdida<\/b><b><br \/>\n<\/b><span style=\"font-weight: 400;\">No fundo do mar, uma complexa rede de fontes hidrotermais forma um ecossistema incr\u00edvel. E que d\u00e1 pistas sobre a origem do planeta Terra. S\u00f3 que mineradoras est\u00e3o de olho, querendo explorar min\u00e9rios ali embaixo, colocando em risco esse local sens\u00edvel, antes mesmo que tenhamos mais conhecimento sobre o ecossistema.<\/span><\/p>\n<p><b><\/b><b>Mar dos Sarga\u00e7os<\/b><span style=\"font-weight: 400;\"><br \/>\n<\/span><span style=\"font-weight: 400;\">\u00c9 no Mar dos Sarga\u00e7os que tartarugas-marinhas beb\u00eas se abrigam. Mas elas est\u00e3o perdendo cada vez mais espa\u00e7o para o pl\u00e1stico que n\u00f3s, humanos, consumimos e descartamos. As tartarugas confundem o pl\u00e1stico com comida e acabam morrendo sufocadas. Estamos colocando em risco a sobreviv\u00eancia dessa esp\u00e9cie. <\/span><span style=\"font-weight: 400;\"><br \/>\n<\/span><b><br \/>\n<\/b><b>Corais da Amaz\u00f4nia<br \/>\n<\/b><span style=\"font-weight: 400;\">Esse sistema recifal, que foi revelado ao mundo apenas em 2016, foi pouco estudado e j\u00e1 est\u00e1 amea\u00e7ado pela ind\u00fastria do petr\u00f3leo, que quer explorar sua regi\u00e3o. Um derramamento de \u00f3leo ali pode ser catastr\u00f3fico, matando a vida marinha, como baleias e tartarugas, e destruindo uma regi\u00e3o linda \u2013 tudo em nome do lucro e de uma atividade que vai agravar as mudan\u00e7as clim\u00e1ticas.\u00a0\u00a0<\/span><\/p>\n<p><b>Sudoeste do Atl\u00e2ntico<\/b><b><br \/>\n<\/b><span style=\"font-weight: 400;\">Longe da costa, onde n\u00e3o h\u00e1 leis e regula\u00e7\u00e3o sobre atividades predat\u00f3rias, navios de pesca industrial usam m\u00e9todos devastadores e levam consigo um n\u00famero elevad\u00edssimo de seres marinhos. A regi\u00e3o \u00e9 conhecida pelos piores casos de pesca predat\u00f3ria, ilegal e sem regula\u00e7\u00e3o. <\/span><span style=\"font-weight: 400;\"><br \/>\n<\/span><b><br \/>\n<\/b><b>Montanhas submarinas de Vema<br \/>\n<\/b><span style=\"font-weight: 400;\">Uma montanha submersa nas profundezas no sudeste do Atl\u00e2ntico, perto da \u00c1frica, \u00e9 o habitat de in\u00fameros animais marinhos, incluindo lagostas, que quase desapareceram devido \u00e0 pesca predat\u00f3ria nos \u00faltimos 100 anos. O colapso dessa esp\u00e9cie \u00e9 um exemplo do porqu\u00ea precisamos de um Acordo Global pelos Oceanos.<\/span><\/p>\n<p><b>Oceano Ant\u00e1rtico<\/b><span style=\"font-weight: 400;\"><br \/>\n<\/span><span style=\"font-weight: 400;\">A Ant\u00e1rtida est\u00e1 esquentando at\u00e9 tr\u00eas vezes mais do que outras regi\u00f5es do planeta. Isso causa o derretimento de geleiras e, consequentemente, do aumento do n\u00edvel do mar. O pinguim-imperador, por exemplo, depende das geleiras para ter seus filhotes. E, o krill, um min\u00fasculo camar\u00e3o que \u00e9 base da cadeia alimentar das baleias, tamb\u00e9m dependem das geleiras para p\u00f4r seus ovos. <\/span><\/p>\n<div class=\"EmptyMessage\">Block content is empty. Check the block&#8217;s settings or remove it.<\/div>","protected":false},"excerpt":{"rendered":"<p>O Greenpeace come\u00e7a agora uma jornada que vai durar um ano cruzando o planeta e mostrando as amea\u00e7as e as maravilhas em nossos oceanos.<\/p>\n","protected":false},"author":25,"featured_media":8546,"comment_status":"open","ping_status":"closed","sticky":false,"template":"","format":"standard","meta":{"ep_exclude_from_search":false,"p4_og_title":"","p4_og_description":"","p4_og_image":"","p4_og_image_id":"","p4_seo_canonical_url":"","p4_campaign_name":"","p4_local_project":"","p4_basket_name":"","p4_department":"","footnotes":""},"categories":[17,64,3],"tags":[27],"p4-page-type":[16],"class_list":["post-8540","post","type-post","status-publish","format-standard","has-post-thumbnail","hentry","category-navios","category-oceanos","category-proteja-a-natureza","tag-oceanos","p4-page-type-blog"],"_links":{"self":[{"href":"https:\/\/www.greenpeace.org\/brasil\/wp-json\/wp\/v2\/posts\/8540","targetHints":{"allow":["GET"]}}],"collection":[{"href":"https:\/\/www.greenpeace.org\/brasil\/wp-json\/wp\/v2\/posts"}],"about":[{"href":"https:\/\/www.greenpeace.org\/brasil\/wp-json\/wp\/v2\/types\/post"}],"author":[{"embeddable":true,"href":"https:\/\/www.greenpeace.org\/brasil\/wp-json\/wp\/v2\/users\/25"}],"replies":[{"embeddable":true,"href":"https:\/\/www.greenpeace.org\/brasil\/wp-json\/wp\/v2\/comments?post=8540"}],"version-history":[{"count":13,"href":"https:\/\/www.greenpeace.org\/brasil\/wp-json\/wp\/v2\/posts\/8540\/revisions"}],"predecessor-version":[{"id":35437,"href":"https:\/\/www.greenpeace.org\/brasil\/wp-json\/wp\/v2\/posts\/8540\/revisions\/35437"}],"wp:featuredmedia":[{"embeddable":true,"href":"https:\/\/www.greenpeace.org\/brasil\/wp-json\/wp\/v2\/media\/8546"}],"wp:attachment":[{"href":"https:\/\/www.greenpeace.org\/brasil\/wp-json\/wp\/v2\/media?parent=8540"}],"wp:term":[{"taxonomy":"category","embeddable":true,"href":"https:\/\/www.greenpeace.org\/brasil\/wp-json\/wp\/v2\/categories?post=8540"},{"taxonomy":"post_tag","embeddable":true,"href":"https:\/\/www.greenpeace.org\/brasil\/wp-json\/wp\/v2\/tags?post=8540"},{"taxonomy":"p4-page-type","embeddable":true,"href":"https:\/\/www.greenpeace.org\/brasil\/wp-json\/wp\/v2\/p4-page-type?post=8540"}],"curies":[{"name":"wp","href":"https:\/\/api.w.org\/{rel}","templated":true}]}}