{"id":8617,"date":"2019-04-18T13:51:47","date_gmt":"2019-04-18T16:51:47","guid":{"rendered":"https:\/\/www.greenpeace.org\/brasil\/?p=8617"},"modified":"2021-12-01T09:32:34","modified_gmt":"2021-12-01T12:32:34","slug":"voluntarios-realizam-atividades-e-participam-da-mobilizacao-em-solidariedade-aos-povos-indigenas","status":"publish","type":"post","link":"https:\/\/www.greenpeace.org\/brasil\/voluntarios\/voluntarios-realizam-atividades-e-participam-da-mobilizacao-em-solidariedade-aos-povos-indigenas\/","title":{"rendered":"Volunt\u00e1rios participam da Mobiliza\u00e7\u00e3o em Solidariedade aos Povos Ind\u00edgenas"},"content":{"rendered":"<p><span style=\"font-weight: 400;\">Na \u00faltima semana, nossos volunt\u00e1rios e volunt\u00e1rias realizaram muitas atividades e participaram da <\/span><b>Mobiliza\u00e7\u00e3o em Solidariedade aos Povos Ind\u00edgenas<\/b><span style=\"font-weight: 400;\">, tudo em prol de um mundo justo e melhor para se viver. \u00a0<\/span><\/p>\n<p><span style=\"font-weight: 400;\">No dia 9, os grupos de <\/span><b>Porto Alegre<\/b><span style=\"font-weight: 400;\"> e <\/span><b>Macap\u00e1<\/b><span style=\"font-weight: 400;\"> realizaram atividades.<\/span><\/p>\n<p><span style=\"font-weight: 400;\">O grupo da <\/span><b>capital ga\u00facha<\/b><span style=\"font-weight: 400;\">, juntamente com representantes de entidades e associa\u00e7\u00f5es ambientais (Instituto Ga\u00facho de Estudos Ambientais &#8211; ING\u00c1, Sociedade Amigos do Guaruj\u00e1 &#8211; SAG e Associa\u00e7\u00e3o Comunit\u00e1ria dos Moradores e Amigos da Zona Sul de Porto Alegre &#8211; ACOMAZS) e movimentos locais (Preserva Arroio Esp\u00edrito Santo e Preserva Zona Sul), compareceram na reuni\u00e3o realizada na Comiss\u00e3o de Sa\u00fade e Meio Ambiente (COSMAM) da C\u00e2mara de Vereadores da cidade. <\/span><span style=\"font-weight: 400;\">O objetivo do encontro era tratar do abandono do Viveiro Municipal, que serve de ber\u00e7\u00e1rio para diversas esp\u00e9cies de \u00e1rvores, mas que desde 2017, encontra-se sem energia el\u00e9trica. <\/span><span style=\"font-weight: 400;\">Sem contar a falta de \u00e1gua constante em grande parte das mudas de esp\u00e9cies em extin\u00e7\u00e3o, de origem internacional e nativas da regi\u00e3o.<\/span><\/p>\n<div id=\"attachment_8621\" style=\"width: 499px\" class=\"wp-caption aligncenter\"><img loading=\"lazy\" decoding=\"async\" aria-describedby=\"caption-attachment-8621\" class=\" wp-image-8621\" src=\"https:\/\/www.greenpeace.org\/static\/planet4-brasil-stateless\/2019\/04\/70312d93-porto-alegre-1-.jpg\" alt=\"\" width=\"489\" height=\"367\" srcset=\"https:\/\/www.greenpeace.org\/static\/planet4-brasil-stateless\/2019\/04\/70312d93-porto-alegre-1-.jpg 1032w, https:\/\/www.greenpeace.org\/static\/planet4-brasil-stateless\/2019\/04\/70312d93-porto-alegre-1--300x225.jpg 300w, https:\/\/www.greenpeace.org\/static\/planet4-brasil-stateless\/2019\/04\/70312d93-porto-alegre-1--768x576.jpg 768w, https:\/\/www.greenpeace.org\/static\/planet4-brasil-stateless\/2019\/04\/70312d93-porto-alegre-1--1024x768.jpg 1024w, https:\/\/www.greenpeace.org\/static\/planet4-brasil-stateless\/2019\/04\/70312d93-porto-alegre-1--453x340.jpg 453w\" sizes=\"auto, (max-width: 489px) 100vw, 489px\" \/><p id=\"caption-attachment-8621\" class=\"wp-caption-text\">Volunt\u00e1rios de Porto Alegre participam de reuni\u00e3o na COSMAM<\/p><\/div>\n<p><span style=\"font-weight: 400;\">Ainda do grupo de <\/span><b>Porto Alegre<\/b><span style=\"font-weight: 400;\">, desta vez em parceria com a Diretoria de Educa\u00e7\u00e3o e Preserva\u00e7\u00e3o Ambiental e Secretaria Municipal de Educa\u00e7\u00e3o de Canoas, realizaram duas palestras na Escola Municipal de Ensino Fundamental Max Adolfo Oderich para as turmas dos 6<\/span><span style=\"font-weight: 400;\">\u00ba e 7\u00ba<\/span><span style=\"font-weight: 400;\"> anos. <\/span>Mudan\u00e7as clim\u00e1ticas, gases do efeito estufa, aquecimento global, pr\u00e1ticas sustent\u00e1veis, consumo respons\u00e1vel e um pouco da hist\u00f3ria do Greenpeace com suas a\u00e7\u00f5es e campanhas em defesa do meio ambiente no Brasil e ao redor do mundo foram alguns dos temas tratados pelo palestrante e volunt\u00e1rio Valdeci C. de Souza. <span style=\"font-weight: 400;\">Os estudantes mostraram-se bastante receptivos nos dois encontros com perguntas e depoimentos, o que ressalta a preocupa\u00e7\u00e3o dos jovens com o meio ambiente e em como eles podem fazer para diminuir os efeitos negativos.<\/span><\/p>\n<div id=\"attachment_8623\" style=\"width: 587px\" class=\"wp-caption aligncenter\"><img loading=\"lazy\" decoding=\"async\" aria-describedby=\"caption-attachment-8623\" class=\" wp-image-8623\" src=\"https:\/\/www.greenpeace.org\/static\/planet4-brasil-stateless\/2019\/04\/19284bc7-porto-alegre-3-.jpg\" alt=\"\" width=\"577\" height=\"281\" srcset=\"https:\/\/www.greenpeace.org\/static\/planet4-brasil-stateless\/2019\/04\/19284bc7-porto-alegre-3-.jpg 1032w, https:\/\/www.greenpeace.org\/static\/planet4-brasil-stateless\/2019\/04\/19284bc7-porto-alegre-3--300x146.jpg 300w, https:\/\/www.greenpeace.org\/static\/planet4-brasil-stateless\/2019\/04\/19284bc7-porto-alegre-3--768x374.jpg 768w, https:\/\/www.greenpeace.org\/static\/planet4-brasil-stateless\/2019\/04\/19284bc7-porto-alegre-3--1024x498.jpg 1024w, https:\/\/www.greenpeace.org\/static\/planet4-brasil-stateless\/2019\/04\/19284bc7-porto-alegre-3--510x248.jpg 510w\" sizes=\"auto, (max-width: 577px) 100vw, 577px\" \/><p id=\"caption-attachment-8623\" class=\"wp-caption-text\">Valdeci C. de Souza fala com alunos sobre o meio ambiente<\/p><\/div>\n<p><span style=\"font-weight: 400;\">O grupo de <\/span><b>Macap\u00e1<\/b><span style=\"font-weight: 400;\"> realizou no Instituto Federal do Amap\u00e1 uma roda de conversas e a exposi\u00e7\u00e3o dos <\/span><b>Corais da Amaz\u00f4nia<\/b><span style=\"font-weight: 400;\"> para os cursos t\u00e9cnicos de Edifica\u00e7\u00f5es, Redes e Estradas. Segundo a volunt\u00e1ria Karen G\u00f3es, foi uma experi\u00eancia incr\u00edvel, \u201cconseguimos pensar juntos o amanh\u00e3 que queremos e sa\u00edmos de l\u00e1 reenergizados atrav\u00e9s da for\u00e7a dos jovens para o ativismo\u201d, conclui. <\/span><\/p>\n<div id=\"attachment_8624\" style=\"width: 581px\" class=\"wp-caption aligncenter\"><img loading=\"lazy\" decoding=\"async\" aria-describedby=\"caption-attachment-8624\" class=\" wp-image-8624\" src=\"https:\/\/www.greenpeace.org\/static\/planet4-brasil-stateless\/2019\/04\/b897b42b-macapa\u0301-1.jpg\" alt=\"\" width=\"571\" height=\"286\" srcset=\"https:\/\/www.greenpeace.org\/static\/planet4-brasil-stateless\/2019\/04\/b897b42b-macapa\u0301-1.jpg 1155w, https:\/\/www.greenpeace.org\/static\/planet4-brasil-stateless\/2019\/04\/b897b42b-macapa\u0301-1-300x150.jpg 300w, https:\/\/www.greenpeace.org\/static\/planet4-brasil-stateless\/2019\/04\/b897b42b-macapa\u0301-1-768x385.jpg 768w, https:\/\/www.greenpeace.org\/static\/planet4-brasil-stateless\/2019\/04\/b897b42b-macapa\u0301-1-1024x513.jpg 1024w, https:\/\/www.greenpeace.org\/static\/planet4-brasil-stateless\/2019\/04\/b897b42b-macapa\u0301-1-510x256.jpg 510w\" sizes=\"auto, (max-width: 571px) 100vw, 571px\" \/><p id=\"caption-attachment-8624\" class=\"wp-caption-text\">Exposi\u00e7\u00e3o Corais da Amaz\u00f4nia no Instituto Federal do Amap\u00e1<\/p><\/div>\n<p><span style=\"font-weight: 400;\">No dia 11, os volunt\u00e1rios e volunt\u00e1rias de <\/span><b>S\u00e3o Lu\u00eds<\/b><span style=\"font-weight: 400;\"> e <\/span><b>Porto Alegre<\/b><span style=\"font-weight: 400;\"> realizaram palestras de conscientiza\u00e7\u00e3o.<\/span><\/p>\n<p><span style=\"font-weight: 400;\">O grupo de <\/span><b>S\u00e3o Lu\u00eds <\/b><span style=\"font-weight: 400;\">esteve no Laborat\u00f3rio de Biologia Vegetal e Marinha da Universidade Estadual do Maranh\u00e3o (UEMA). Eles apresentaram as consequ\u00eancias e solu\u00e7\u00f5es para o desmatamento na Amaz\u00f4nia. Al\u00e9m de compartilharem informa\u00e7\u00f5es sobre campanhas, abaixo-assinados e solu\u00e7\u00f5es apresentadas pelo Greenpeace, despertando o interesse dos 36 alunos que estavam presentes.<\/span><\/p>\n<div id=\"attachment_8625\" style=\"width: 521px\" class=\"wp-caption aligncenter\"><img loading=\"lazy\" decoding=\"async\" aria-describedby=\"caption-attachment-8625\" class=\" wp-image-8625\" src=\"https:\/\/www.greenpeace.org\/static\/planet4-brasil-stateless\/2019\/04\/f30089d8-sa\u0303o-lui\u0301s-1.jpg\" alt=\"\" width=\"511\" height=\"365\" srcset=\"https:\/\/www.greenpeace.org\/static\/planet4-brasil-stateless\/2019\/04\/f30089d8-sa\u0303o-lui\u0301s-1.jpg 1018w, https:\/\/www.greenpeace.org\/static\/planet4-brasil-stateless\/2019\/04\/f30089d8-sa\u0303o-lui\u0301s-1-300x214.jpg 300w, https:\/\/www.greenpeace.org\/static\/planet4-brasil-stateless\/2019\/04\/f30089d8-sa\u0303o-lui\u0301s-1-768x548.jpg 768w, https:\/\/www.greenpeace.org\/static\/planet4-brasil-stateless\/2019\/04\/f30089d8-sa\u0303o-lui\u0301s-1-477x340.jpg 477w\" sizes=\"auto, (max-width: 511px) 100vw, 511px\" \/><p id=\"caption-attachment-8625\" class=\"wp-caption-text\">O grupo de S\u00e3o Lu\u00eds esteve na Universidade Estadual do Maranh\u00e3o<\/p><\/div>\n<p><span style=\"font-weight: 400;\">Dando continuidade ao ciclo de palestras na parceria firmada entre o grupo de volunt\u00e1rios de <\/span><b>Porto Alegre<\/b><span style=\"font-weight: 400;\"> com a Diretoria de Educa\u00e7\u00e3o e Preserva\u00e7\u00e3o Ambiental e Secretaria Municipal de Educa\u00e7\u00e3o de Canoas, Valdeci C. de Souza &#8211; volunt\u00e1rio e palestrante &#8211; esteve na Escola Municipal de Ensino Fundamental Cear\u00e1, para falar para os jovens sobre mudan\u00e7as clim\u00e1ticas e sustentabilidade. <\/span><span style=\"font-weight: 400;\">O primeiro encontro contou com a presen\u00e7a de 60 alunos dos s\u00e9timo e oitavo anos, e foram abordados temas como: mudan\u00e7as clim\u00e1ticas, aquecimento global, gases do efeito estufa, sustentabilidade, consumo respons\u00e1vel e campanhas do Greenpeace.\u00a0 <\/span><span style=\"font-weight: 400;\">Sustentabilidade, consumo respons\u00e1vel, pegada ecol\u00f3gica, respeito aos animais e ao meio ambiente foram temas tratados com os 55 alunos dos quarto e quinto anos.<\/span><\/p>\n<div id=\"attachment_8626\" style=\"width: 560px\" class=\"wp-caption aligncenter\"><img loading=\"lazy\" decoding=\"async\" aria-describedby=\"caption-attachment-8626\" class=\" wp-image-8626\" src=\"https:\/\/www.greenpeace.org\/static\/planet4-brasil-stateless\/2019\/04\/5b259742-porto-alegre-5.jpg\" alt=\"\" width=\"550\" height=\"275\" srcset=\"https:\/\/www.greenpeace.org\/static\/planet4-brasil-stateless\/2019\/04\/5b259742-porto-alegre-5.jpg 1040w, https:\/\/www.greenpeace.org\/static\/planet4-brasil-stateless\/2019\/04\/5b259742-porto-alegre-5-300x150.jpg 300w, https:\/\/www.greenpeace.org\/static\/planet4-brasil-stateless\/2019\/04\/5b259742-porto-alegre-5-768x384.jpg 768w, https:\/\/www.greenpeace.org\/static\/planet4-brasil-stateless\/2019\/04\/5b259742-porto-alegre-5-1024x512.jpg 1024w, https:\/\/www.greenpeace.org\/static\/planet4-brasil-stateless\/2019\/04\/5b259742-porto-alegre-5-510x255.jpg 510w\" sizes=\"auto, (max-width: 550px) 100vw, 550px\" \/><p id=\"caption-attachment-8626\" class=\"wp-caption-text\">Valdeci C. de Souza conversa com alunos sobre temas relacionados ao meio ambiente<\/p><\/div>\n<p><span style=\"font-weight: 400;\">O Greenpeace reconhece como justa a <\/span><b>luta dos povos ind\u00edgenas<\/b><span style=\"font-weight: 400;\"> em defesa de seus direitos origin\u00e1rios e constitucionais, e reconhece o papel fundamental que eles t\u00eam para a prote\u00e7\u00e3o das florestas brasileiras. Al\u00e9m de defendermos que todas as terras ind\u00edgenas no Brasil sejam demarcadas. <\/span><\/p>\n<p><span style=\"font-weight: 400;\">No \u00faltimo final de semana (13 e 14 de abril), volunt\u00e1rios e volunt\u00e1rias de <\/span><b>18 cidades <\/b><span style=\"font-weight: 400;\">do Brasil participaram da <\/span><b>Mobiliza\u00e7\u00e3o em Solidariedade aos Povos Ind\u00edgenas. <\/b><\/p>\n<div id=\"attachment_8627\" style=\"width: 573px\" class=\"wp-caption aligncenter\"><img loading=\"lazy\" decoding=\"async\" aria-describedby=\"caption-attachment-8627\" class=\" wp-image-8627\" src=\"https:\/\/www.greenpeace.org\/static\/planet4-brasil-stateless\/2019\/04\/16b74eee-brasilia.jpg\" alt=\"\" width=\"563\" height=\"394\" srcset=\"https:\/\/www.greenpeace.org\/static\/planet4-brasil-stateless\/2019\/04\/16b74eee-brasilia.jpg 1280w, https:\/\/www.greenpeace.org\/static\/planet4-brasil-stateless\/2019\/04\/16b74eee-brasilia-300x210.jpg 300w, https:\/\/www.greenpeace.org\/static\/planet4-brasil-stateless\/2019\/04\/16b74eee-brasilia-768x537.jpg 768w, https:\/\/www.greenpeace.org\/static\/planet4-brasil-stateless\/2019\/04\/16b74eee-brasilia-1024x716.jpg 1024w, https:\/\/www.greenpeace.org\/static\/planet4-brasil-stateless\/2019\/04\/16b74eee-brasilia-486x340.jpg 486w\" sizes=\"auto, (max-width: 563px) 100vw, 563px\" \/><p id=\"caption-attachment-8627\" class=\"wp-caption-text\">Grupo de volunt\u00e1rios e volunt\u00e1rias de Bras\u00edlia (DF)<\/p><\/div>\n<p><span style=\"font-weight: 400;\">As atividades contaram com coletas de assinaturas para o abaixo-assinado <\/span><b>Sem Floresta, Sem Vida<\/b><span style=\"font-weight: 400;\">, exposi\u00e7\u00f5es fotogr\u00e1ficas sobre a campanha, al\u00e9m de rodas de conversas para a conscientiza\u00e7\u00e3o da popula\u00e7\u00e3o sobre a import\u00e2ncia de proteger os povos ind\u00edgenas e a demarca\u00e7\u00e3o de terras para estes. <\/span><span style=\"font-weight: 400;\">A Mobiliza\u00e7\u00e3o teve o objetivo de contribuir para a luta desses povos que ainda buscam a garantia de seus direitos. <\/span><\/p>\n<p><span style=\"font-weight: 400;\">Confira alguns momentos!<\/span><\/p>\n<div id=\"attachment_8630\" style=\"width: 551px\" class=\"wp-caption aligncenter\"><img loading=\"lazy\" decoding=\"async\" aria-describedby=\"caption-attachment-8630\" class=\" wp-image-8630\" src=\"https:\/\/www.greenpeace.org\/static\/planet4-brasil-stateless\/2019\/04\/290610e8-abc-paulista-stefany-ryba-dizero-7.jpg\" alt=\"\" width=\"541\" height=\"360\" srcset=\"https:\/\/www.greenpeace.org\/static\/planet4-brasil-stateless\/2019\/04\/290610e8-abc-paulista-stefany-ryba-dizero-7.jpg 5456w, https:\/\/www.greenpeace.org\/static\/planet4-brasil-stateless\/2019\/04\/290610e8-abc-paulista-stefany-ryba-dizero-7-300x200.jpg 300w, https:\/\/www.greenpeace.org\/static\/planet4-brasil-stateless\/2019\/04\/290610e8-abc-paulista-stefany-ryba-dizero-7-768x511.jpg 768w, https:\/\/www.greenpeace.org\/static\/planet4-brasil-stateless\/2019\/04\/290610e8-abc-paulista-stefany-ryba-dizero-7-1024x682.jpg 1024w, https:\/\/www.greenpeace.org\/static\/planet4-brasil-stateless\/2019\/04\/290610e8-abc-paulista-stefany-ryba-dizero-7-2048x1363.jpg 2048w, https:\/\/www.greenpeace.org\/static\/planet4-brasil-stateless\/2019\/04\/290610e8-abc-paulista-stefany-ryba-dizero-7-510x340.jpg 510w\" sizes=\"auto, (max-width: 541px) 100vw, 541px\" \/><p id=\"caption-attachment-8630\" class=\"wp-caption-text\">Grupo de volunt\u00e1rios e volunt\u00e1rias do ABC Paulista (SP)<\/p><\/div>\n<div id=\"attachment_8629\" style=\"width: 537px\" class=\"wp-caption aligncenter\"><img loading=\"lazy\" decoding=\"async\" aria-describedby=\"caption-attachment-8629\" class=\" wp-image-8629\" src=\"https:\/\/www.greenpeace.org\/static\/planet4-brasil-stateless\/2019\/04\/c503c931-salvador.jpg\" alt=\"\" width=\"527\" height=\"352\" srcset=\"https:\/\/www.greenpeace.org\/static\/planet4-brasil-stateless\/2019\/04\/c503c931-salvador.jpg 2048w, https:\/\/www.greenpeace.org\/static\/planet4-brasil-stateless\/2019\/04\/c503c931-salvador-300x200.jpg 300w, https:\/\/www.greenpeace.org\/static\/planet4-brasil-stateless\/2019\/04\/c503c931-salvador-768x512.jpg 768w, https:\/\/www.greenpeace.org\/static\/planet4-brasil-stateless\/2019\/04\/c503c931-salvador-1024x683.jpg 1024w, https:\/\/www.greenpeace.org\/static\/planet4-brasil-stateless\/2019\/04\/c503c931-salvador-510x340.jpg 510w\" sizes=\"auto, (max-width: 527px) 100vw, 527px\" \/><p id=\"caption-attachment-8629\" class=\"wp-caption-text\">Grupo de volunt\u00e1rios e volunt\u00e1rias de Salvador (BA)<\/p><\/div>\n<div id=\"attachment_8631\" style=\"width: 525px\" class=\"wp-caption aligncenter\"><img loading=\"lazy\" decoding=\"async\" aria-describedby=\"caption-attachment-8631\" class=\" wp-image-8631\" src=\"https:\/\/www.greenpeace.org\/static\/planet4-brasil-stateless\/2019\/04\/Manaus-Matheus-Revoredo-9.jpg\" alt=\"\" width=\"515\" height=\"344\" srcset=\"https:\/\/www.greenpeace.org\/static\/planet4-brasil-stateless\/2019\/04\/Manaus-Matheus-Revoredo-9.jpg 5184w, https:\/\/www.greenpeace.org\/static\/planet4-brasil-stateless\/2019\/04\/Manaus-Matheus-Revoredo-9-300x200.jpg 300w, https:\/\/www.greenpeace.org\/static\/planet4-brasil-stateless\/2019\/04\/Manaus-Matheus-Revoredo-9-768x512.jpg 768w, https:\/\/www.greenpeace.org\/static\/planet4-brasil-stateless\/2019\/04\/Manaus-Matheus-Revoredo-9-1024x683.jpg 1024w, https:\/\/www.greenpeace.org\/static\/planet4-brasil-stateless\/2019\/04\/Manaus-Matheus-Revoredo-9-2048x1366.jpg 2048w, https:\/\/www.greenpeace.org\/static\/planet4-brasil-stateless\/2019\/04\/Manaus-Matheus-Revoredo-9-510x340.jpg 510w\" sizes=\"auto, (max-width: 515px) 100vw, 515px\" \/><p id=\"caption-attachment-8631\" class=\"wp-caption-text\">Grupo de volunt\u00e1rios e volunt\u00e1rias de Manaus (AM)<\/p><\/div>\n<p><strong>Mobilizando e se engajando, \u00e9 assim que os nossos volunt\u00e1rios e volunt\u00e1rias realizam a\u00e7\u00f5es para tornar o mundo um lugar mais verde e melhor de vivermos.<\/strong><\/p>\n<p>&nbsp;<\/p>\n<div class=\"EmptyMessage\">Block content is empty. Check the block&#8217;s settings or remove it.<\/div>","protected":false},"excerpt":{"rendered":"<p>Na \u00faltima semana, nossos volunt\u00e1rios e volunt\u00e1rias realizaram muitas atividades e participaram da Mobiliza\u00e7\u00e3o em Solidariedade aos Povos Ind\u00edgenas, tudo em prol de um mundo justo e melhor para se&hellip;<\/p>\n","protected":false},"author":28,"featured_media":8630,"comment_status":"open","ping_status":"closed","sticky":false,"template":"","format":"standard","meta":{"ep_exclude_from_search":false,"p4_og_title":"","p4_og_description":"","p4_og_image":"","p4_og_image_id":"","p4_seo_canonical_url":"","p4_campaign_name":"","p4_local_project":"","p4_basket_name":"","p4_department":"","footnotes":""},"categories":[2],"tags":[23],"p4-page-type":[38],"class_list":["post-8617","post","type-post","status-publish","format-standard","has-post-thumbnail","hentry","category-transforme-a-sociedade","tag-mobilizacao","p4-page-type-voluntarios"],"_links":{"self":[{"href":"https:\/\/www.greenpeace.org\/brasil\/wp-json\/wp\/v2\/posts\/8617","targetHints":{"allow":["GET"]}}],"collection":[{"href":"https:\/\/www.greenpeace.org\/brasil\/wp-json\/wp\/v2\/posts"}],"about":[{"href":"https:\/\/www.greenpeace.org\/brasil\/wp-json\/wp\/v2\/types\/post"}],"author":[{"embeddable":true,"href":"https:\/\/www.greenpeace.org\/brasil\/wp-json\/wp\/v2\/users\/28"}],"replies":[{"embeddable":true,"href":"https:\/\/www.greenpeace.org\/brasil\/wp-json\/wp\/v2\/comments?post=8617"}],"version-history":[{"count":5,"href":"https:\/\/www.greenpeace.org\/brasil\/wp-json\/wp\/v2\/posts\/8617\/revisions"}],"predecessor-version":[{"id":35435,"href":"https:\/\/www.greenpeace.org\/brasil\/wp-json\/wp\/v2\/posts\/8617\/revisions\/35435"}],"wp:featuredmedia":[{"embeddable":true,"href":"https:\/\/www.greenpeace.org\/brasil\/wp-json\/wp\/v2\/media\/8630"}],"wp:attachment":[{"href":"https:\/\/www.greenpeace.org\/brasil\/wp-json\/wp\/v2\/media?parent=8617"}],"wp:term":[{"taxonomy":"category","embeddable":true,"href":"https:\/\/www.greenpeace.org\/brasil\/wp-json\/wp\/v2\/categories?post=8617"},{"taxonomy":"post_tag","embeddable":true,"href":"https:\/\/www.greenpeace.org\/brasil\/wp-json\/wp\/v2\/tags?post=8617"},{"taxonomy":"p4-page-type","embeddable":true,"href":"https:\/\/www.greenpeace.org\/brasil\/wp-json\/wp\/v2\/p4-page-type?post=8617"}],"curies":[{"name":"wp","href":"https:\/\/api.w.org\/{rel}","templated":true}]}}