{"id":8645,"date":"2019-04-22T10:53:28","date_gmt":"2019-04-22T13:53:28","guid":{"rendered":"https:\/\/www.greenpeace.org\/brasil\/?p=8645"},"modified":"2019-11-06T05:19:46","modified_gmt":"2019-11-06T08:19:46","slug":"convencao-169-faz-15-anos-diante-do-risco-de-retrocessos-nos-direitos-indigenas","status":"publish","type":"post","link":"https:\/\/www.greenpeace.org\/brasil\/blog\/convencao-169-faz-15-anos-diante-do-risco-de-retrocessos-nos-direitos-indigenas\/","title":{"rendered":"Conven\u00e7\u00e3o 169 faz 15 anos diante do risco de retrocessos aos direitos ind\u00edgenas"},"content":{"rendered":"<p><span style=\"font-weight: 400;\">O principal tratado internacional de direitos humanos para popula\u00e7\u00f5es ind\u00edgenas est\u00e1 sob amea\u00e7a do novo governo<br \/>\n<\/span><\/p>\n<div id=\"attachment_8646\" style=\"width: 810px\" class=\"wp-caption alignnone\"><img loading=\"lazy\" decoding=\"async\" aria-describedby=\"caption-attachment-8646\" class=\"size-full wp-image-8646\" src=\"https:\/\/www.greenpeace.org\/static\/planet4-brasil-stateless\/2019\/04\/ef7469fd-gp0stpmpw_web_size.jpg\" alt=\"\" width=\"800\" height=\"534\" srcset=\"https:\/\/www.greenpeace.org\/static\/planet4-brasil-stateless\/2019\/04\/ef7469fd-gp0stpmpw_web_size.jpg 800w, https:\/\/www.greenpeace.org\/static\/planet4-brasil-stateless\/2019\/04\/ef7469fd-gp0stpmpw_web_size-300x200.jpg 300w, https:\/\/www.greenpeace.org\/static\/planet4-brasil-stateless\/2019\/04\/ef7469fd-gp0stpmpw_web_size-768x513.jpg 768w, https:\/\/www.greenpeace.org\/static\/planet4-brasil-stateless\/2019\/04\/ef7469fd-gp0stpmpw_web_size-510x340.jpg 510w\" sizes=\"auto, (max-width: 800px) 100vw, 800px\" \/><p id=\"caption-attachment-8646\" class=\"wp-caption-text\">Crian\u00e7a Munduruku durante um ciclo de oficinas sobre o direito \u00e0 consulta pr\u00e9via, livre e informada previsto na Conven\u00e7\u00e3o 169 da OIT<\/p><\/div>\n<p><span style=\"font-weight: 400;\">Faz 15 anos que o Brasil tem uma lei que garante a participa\u00e7\u00e3o dos povos ind\u00edgenas e tribais nas decis\u00f5es do pa\u00eds e que garante o respeito aos seus modos de vida diferenciados.<\/span><\/p>\n<p><span style=\"font-weight: 400;\">Em 19 de abril de 2004 foi publicado o decreto oficializando a Conven\u00e7\u00e3o n\u00ba 169 da Organiza\u00e7\u00e3o Internacional do Trabalho (OIT). Desde ent\u00e3o, ela \u00e9 um dos principais instrumentos para enfrentar a viola\u00e7\u00e3o de direitos ind\u00edgenas, quilombolas, cai\u00e7aras, ribeirinhos, entre outras comunidades tradicionais.<\/span><\/p>\n<p><span style=\"font-weight: 400;\">Celebrar essa data \u00e9 tamb\u00e9m um ato de den\u00fancia contra a sistem\u00e1tica viola\u00e7\u00e3o do Tratado, especialmente agora que o atual governo toma medidas que colocam em risco os direitos ind\u00edgenas. O governo inclusive declarou abertamente seu desejo de deixar a Conven\u00e7\u00e3o, tendo sido o \u00fanico dos 48 pa\u00edses a votar contra um plano da OIT para promover a compreens\u00e3o e a aplica\u00e7\u00e3o da Conven\u00e7\u00e3o 169.<\/span><span style=\"font-weight: 400;\"><br \/>\n<\/span><span style=\"font-weight: 400;\"><br \/>\n<\/span><span style=\"font-weight: 400;\">Alguns dos princ\u00edpios do tratado s\u00e3o:<\/span><\/p>\n<ul>\n<li style=\"font-weight: 400;\"><span style=\"font-weight: 400;\">O crit\u00e9rio fundamental para determinar os grupos aos quais se aplicam as disposi\u00e7\u00f5es da Conven\u00e7\u00e3o \u00e9 a <\/span><b>auto-identifica\u00e7\u00e3o<\/b><span style=\"font-weight: 400;\">, levando em conta os elementos que diferenciam os povos do ponto de vista social, cultural e hist\u00f3rico.<\/span><\/li>\n<li style=\"font-weight: 400;\"><span style=\"font-weight: 400;\">Princ\u00edpio da <\/span><b>n\u00e3o discrimina\u00e7\u00e3o<\/b><span style=\"font-weight: 400;\">: comunidades tradicionais e povos ind\u00edgenas devem ter garantidos todos os direitos e liberdades sem discrimina\u00e7\u00e3o.<\/span><\/li>\n<li style=\"font-weight: 400;\"><span style=\"font-weight: 400;\">Medidas especiais devem ser adotadas para salvaguardar os indiv\u00edduos, as institui\u00e7\u00f5es, os bens, o trabalho, as culturas e o meio ambiente desses povos, sem contrariar a <\/span><b>vontade livremente expressa <\/b><span style=\"font-weight: 400;\">desses.<\/span><\/li>\n<li style=\"font-weight: 400;\"><span style=\"font-weight: 400;\">Cabe aos povos ind\u00edgenas e tribais a decis\u00e3o sobre <\/span><b>prioridades para seu desenvolvimento<\/b><span style=\"font-weight: 400;\">.<\/span><\/li>\n<li style=\"font-weight: 400;\"><span style=\"font-weight: 400;\">Esses povos devem ter assegurado o direito a consulta pr\u00e9via, livre e informada. Tal consulta prev\u00ea a participa\u00e7\u00e3o efetiva das comunidades sobre medidas que as afetem \u2013 que incluem tanto discuss\u00f5es espec\u00edficas de projetos como discuss\u00f5es mais amplas de pol\u00edticas p\u00fablicas e planos de desenvolvimento nos \u00e2mbitos municipal, estadual e federal.<\/span><\/li>\n<\/ul>\n<p><span style=\"font-weight: 400;\">O princ\u00edpio da consulta pr\u00e9via \u00e9 o cora\u00e7\u00e3o da Conven\u00e7\u00e3o n\u00ba 169 e o que, infelizmente, vem sendo violado repetidamente pelo Estado brasileiro. Um exemplo, dentre v\u00e1rios, \u00e9 o atual <\/span><a href=\"https:\/\/www.greenpeace.org\/brasil\/participe\/petroleo-na-amazonia-nao\/\" target=\"_blank\" rel=\"noopener noreferrer\"><span style=\"font-weight: 400;\">oferecimento de blocos de explora\u00e7\u00e3o de petr\u00f3leo e g\u00e1s natural na bacia do rio Amazonas, <\/span><\/a><span style=\"font-weight: 400;\">\u00e1rea sens\u00edvel do ponto de vista socioambiental. Essa atividade amea\u00e7aria diversas Terras Ind\u00edgenas, muito pr\u00f3ximas aos blocos a serem perfurados. Os povos ind\u00edgenas da regi\u00e3o n\u00e3o foram consultados de nenhuma forma. Inclusive, o Minist\u00e9rio P\u00fablico Federal do Amazonas se <\/span><a href=\"http:\/\/www.mpf.mp.br\/am\/sala-de-imprensa\/noticias-am\/mpf-solicita-manifestacao-da-anp-e-retirada-de-leilao-de-blocos-de-petroleo-e-gas-natural-no-am\" target=\"_blank\" rel=\"noopener noreferrer\"><span style=\"font-weight: 400;\">manifestou<\/span><\/a><span style=\"font-weight: 400;\"> contr\u00e1rio \u00e0 oferta dos blocos porque isso fere os preceitos da Conven\u00e7\u00e3o.<\/span><\/p>\n<p>Vale lembrar que a necessidade de consulta se estende a projetos de lei, propostas de emendas constitucionais e empreendimentos de infraestrutura. Ou seja, sempre que alguma decis\u00e3o ameace o bem estar e o modo de vida de povos ind\u00edgenas e tribais. Essa consulta n\u00e3o \u00e9 apenas uma legitima\u00e7\u00e3o de decis\u00f5es, e sim, uma constru\u00e7\u00e3o que leva em considera\u00e7\u00e3o os diferentes interesses em quest\u00e3o, em forma de di\u00e1logo, visando proteger a autonomia dos povos.<\/p>\n<p><span style=\"font-weight: 400;\">O dia do anivers\u00e1rio da Conven\u00e7\u00e3o \u00e9 tamb\u00e9m o Dia do \u00cdndio, uma data em que exaltamos a garantia dos direitos dos povos origin\u00e1rios do Brasil. Precisamos cobrar que o governo cumpra os compromissos firmados ao ratificar a Conven\u00e7\u00e3o e garanta o respeito aos territ\u00f3rios, \u00e0s institui\u00e7\u00f5es, \u00e0 sociabilidade, \u00e0 cultura, enfim, \u00e0 exist\u00eancia destas popula\u00e7\u00f5es.<\/span><\/p>\n","protected":false},"excerpt":{"rendered":"<p>O principal tratado internacional de direitos humanos para popula\u00e7\u00f5es ind\u00edgenas est\u00e1 sob amea\u00e7a do novo governo<\/p>\n","protected":false},"author":25,"featured_media":8646,"comment_status":"open","ping_status":"closed","sticky":false,"template":"","format":"standard","meta":{"ep_exclude_from_search":false,"p4_og_title":"","p4_og_description":"","p4_og_image":"","p4_og_image_id":"","p4_seo_canonical_url":"","p4_campaign_name":"","p4_local_project":"","p4_basket_name":"","p4_department":"","footnotes":""},"categories":[2],"tags":[22],"p4-page-type":[16],"class_list":["post-8645","post","type-post","status-publish","format-standard","has-post-thumbnail","hentry","category-transforme-a-sociedade","tag-florestas","p4-page-type-blog"],"_links":{"self":[{"href":"https:\/\/www.greenpeace.org\/brasil\/wp-json\/wp\/v2\/posts\/8645","targetHints":{"allow":["GET"]}}],"collection":[{"href":"https:\/\/www.greenpeace.org\/brasil\/wp-json\/wp\/v2\/posts"}],"about":[{"href":"https:\/\/www.greenpeace.org\/brasil\/wp-json\/wp\/v2\/types\/post"}],"author":[{"embeddable":true,"href":"https:\/\/www.greenpeace.org\/brasil\/wp-json\/wp\/v2\/users\/25"}],"replies":[{"embeddable":true,"href":"https:\/\/www.greenpeace.org\/brasil\/wp-json\/wp\/v2\/comments?post=8645"}],"version-history":[{"count":9,"href":"https:\/\/www.greenpeace.org\/brasil\/wp-json\/wp\/v2\/posts\/8645\/revisions"}],"predecessor-version":[{"id":8660,"href":"https:\/\/www.greenpeace.org\/brasil\/wp-json\/wp\/v2\/posts\/8645\/revisions\/8660"}],"wp:featuredmedia":[{"embeddable":true,"href":"https:\/\/www.greenpeace.org\/brasil\/wp-json\/wp\/v2\/media\/8646"}],"wp:attachment":[{"href":"https:\/\/www.greenpeace.org\/brasil\/wp-json\/wp\/v2\/media?parent=8645"}],"wp:term":[{"taxonomy":"category","embeddable":true,"href":"https:\/\/www.greenpeace.org\/brasil\/wp-json\/wp\/v2\/categories?post=8645"},{"taxonomy":"post_tag","embeddable":true,"href":"https:\/\/www.greenpeace.org\/brasil\/wp-json\/wp\/v2\/tags?post=8645"},{"taxonomy":"p4-page-type","embeddable":true,"href":"https:\/\/www.greenpeace.org\/brasil\/wp-json\/wp\/v2\/p4-page-type?post=8645"}],"curies":[{"name":"wp","href":"https:\/\/api.w.org\/{rel}","templated":true}]}}