{"id":8753,"date":"2019-04-26T13:13:17","date_gmt":"2019-04-26T16:13:17","guid":{"rendered":"https:\/\/www.greenpeace.org\/brasil\/?p=8753"},"modified":"2021-12-01T09:32:31","modified_gmt":"2021-12-01T12:32:31","slug":"sem-verde-nao-ha-paz-sem-paz-nao-ha-verde","status":"publish","type":"post","link":"https:\/\/www.greenpeace.org\/brasil\/blog\/sem-verde-nao-ha-paz-sem-paz-nao-ha-verde\/","title":{"rendered":"Sem verde n\u00e3o h\u00e1 paz, sem paz n\u00e3o h\u00e1 verde"},"content":{"rendered":"<h4>Neste dia especial em que completamos 27 anos de a\u00e7\u00f5es no Brasil para defender o meio ambiente, precisamos lembrar outro elemento fundamental para a natureza<\/h4>\n<p><img loading=\"lazy\" decoding=\"async\" class=\"size-full wp-image-8756\" src=\"https:\/\/www.greenpeace.org\/static\/planet4-brasil-stateless\/2019\/04\/8c14ff34-gp04h0g_web_size.jpg\" alt=\"\" width=\"800\" height=\"537\" srcset=\"https:\/\/www.greenpeace.org\/static\/planet4-brasil-stateless\/2019\/04\/8c14ff34-gp04h0g_web_size.jpg 800w, https:\/\/www.greenpeace.org\/static\/planet4-brasil-stateless\/2019\/04\/8c14ff34-gp04h0g_web_size-300x201.jpg 300w, https:\/\/www.greenpeace.org\/static\/planet4-brasil-stateless\/2019\/04\/8c14ff34-gp04h0g_web_size-768x516.jpg 768w, https:\/\/www.greenpeace.org\/static\/planet4-brasil-stateless\/2019\/04\/8c14ff34-gp04h0g_web_size-507x340.jpg 507w\" sizes=\"auto, (max-width: 800px) 100vw, 800px\" \/><\/p>\n<p>Ela passa despercebida por muita gente, mas a rela\u00e7\u00e3o direta entre o verde e a paz foi primeiro ato de coragem que deu origem ao Greenpeace: um grupo de 12 ativistas partiu de Vancouver, no Canad\u00e1, em um pequeno barco pesqueiro, para interromper os testes nucleares dos Estados Unidos em uma regi\u00e3o intocada no oeste do Alasca, se colocando no local do bombardeio. Isso em plena Guerra do Vietn\u00e3. Desde ent\u00e3o, a paz \u00e9 um valor na forma como agimos e protestamos. Fazemos a\u00e7\u00f5es de confronto e exposi\u00e7\u00e3o p\u00fablica, sim, mas sempre de forma n\u00e3o violenta, usando nossas vozes e criatividade. Foi assim tamb\u00e9m 27 anos atr\u00e1s, na <a href=\"https:\/\/www.greenpeace.org\/brasil\/blog\/greenpeace-25-anos-no-brasil-lutando-pelo-meio-ambiente-e-pela-vida\/\" target=\"_blank\" rel=\"noopener noreferrer\">primeira manifesta\u00e7\u00e3o que realizamos no Rio de Janeiro<\/a> e que deu origem ao Greenpeace Brasil, pouco antes da Confer\u00eancia Eco-92.<\/p>\n<p style=\"text-align: center;\">Mas a paz tamb\u00e9m \u00e9 um princ\u00edpio fundamental:<\/p>\n<h3 style=\"text-align: center;\"><strong>Sem verde n\u00e3o h\u00e1 paz, sem paz n\u00e3o h\u00e1 verde<\/strong><\/h3>\n<p>J\u00e1 reparou que quando queremos refletir, relaxar, meditar ou apenas chorar sozinhos, n\u00e3o h\u00e1 melhor ref\u00fagio que a natureza? A paz que buscamos \u00e9 mais f\u00e1cil de ser conectada num campo, no alto de uma montanha, aos p\u00e9s de uma cachoeira, entre as \u00e1rvores, na beira de um lago ou simplesmente no jardim de casa ou num parque do bairro. O que percebemos intuitivamente j\u00e1 foi confirmado por estudos de cientistas, m\u00e9dicos, psic\u00f3logos, educadores: <a href=\"https:\/\/saude.abril.com.br\/mente-saudavel\/a-importancia-do-contato-com-a-natureza-para-a-saude\/\" target=\"_blank\" rel=\"noopener noreferrer\">o contato com a natureza faz bem para a nossa sa\u00fade<\/a>, melhora nossa imunidade, reduz a ansiedade, <a href=\"https:\/\/criancaenatureza.org.br\/para-que-existimos\/os-beneficios-de-brincar-ao-ar-livre\/\" target=\"_blank\" rel=\"noopener noreferrer\">favorece o aprendizado<\/a>, nos traz&#8230; paz.<\/p>\n<p>Mas o contr\u00e1rio tamb\u00e9m \u00e9 verdade: um ambiente degradado e polu\u00eddo gera estresse, doen\u00e7as, fome, aumenta a viol\u00eancia e a inseguran\u00e7a. No n\u00edvel local, a disputa por \u00e1gua j\u00e1 \u00e9 uma das principais causadoras de conflitos, que tendem a se agravar, seja entre vizinhos, cidades ou pa\u00edses. Mas em n\u00edvel nacional e mundial, nada supera o aquecimento global como a maior amea\u00e7a para a paz coletiva e individual. N\u00e3o \u00e0 toa, a preocupa\u00e7\u00e3o com a seguran\u00e7a levou militares de v\u00e1rios pa\u00edses a criar este ano um <a href=\"https:\/\/g1.globo.com\/natureza\/blog\/amelia-gonzalez\/post\/2019\/02\/20\/preocupacao-com-seguranca-faz-militares-criarem-conselho-internacional-sobre-mudancas-climaticas.ghtml\" target=\"_blank\" rel=\"noopener noreferrer\">conselho internacional<\/a> para lidar com as crises sociais que poder\u00e3o se agravar com os desastres naturais mais frequentes, como migra\u00e7\u00f5es em massa, fome e outros s\u00e9rios problemas. Como mostramos <a href=\"https:\/\/oamanhaehoje.org.br\/\" target=\"_blank\" rel=\"noopener noreferrer\">neste document\u00e1rio<\/a>, os brasileiros j\u00e1 est\u00e3o sendo afetados pelas mudan\u00e7as do clima.<\/p>\n<p>\u00c9 por isso que ao, a cada novo anivers\u00e1rio, continuaremos a fazer o mesmo pedido ao soprar as velinhas: queremos um meio ambiente saud\u00e1vel, equilibrado e justo, e que ofere\u00e7a paz a todas as pessoas. \u00c9 sonho poss\u00edvel, e que ser\u00e1 conquistado por todos n\u00f3s juntos. Parab\u00e9ns a todos os volunt\u00e1rios, doadores e seguidores ativistas que nos apoiam e fazem o Greenpeace Brasil.<\/p>\n<div class=\"EmptyMessage\">Block content is empty. Check the block&#8217;s settings or remove it.<\/div>","protected":false},"excerpt":{"rendered":"<p>Neste dia especial em que completamos 27 anos de a\u00e7\u00f5es no Brasil para defender o meio ambiente, precisamos lembrar outro elemento fundamental para a natureza<\/p>\n","protected":false},"author":28,"featured_media":8756,"comment_status":"open","ping_status":"closed","sticky":false,"template":"","format":"standard","meta":{"ep_exclude_from_search":false,"p4_og_title":"","p4_og_description":"","p4_og_image":"","p4_og_image_id":"","p4_seo_canonical_url":"","p4_campaign_name":"","p4_local_project":"","p4_basket_name":"","p4_department":"","footnotes":""},"categories":[5],"tags":[13],"p4-page-type":[16],"class_list":["post-8753","post","type-post","status-publish","format-standard","has-post-thumbnail","hentry","category-greenpeace","tag-greenpeace","p4-page-type-blog"],"_links":{"self":[{"href":"https:\/\/www.greenpeace.org\/brasil\/wp-json\/wp\/v2\/posts\/8753","targetHints":{"allow":["GET"]}}],"collection":[{"href":"https:\/\/www.greenpeace.org\/brasil\/wp-json\/wp\/v2\/posts"}],"about":[{"href":"https:\/\/www.greenpeace.org\/brasil\/wp-json\/wp\/v2\/types\/post"}],"author":[{"embeddable":true,"href":"https:\/\/www.greenpeace.org\/brasil\/wp-json\/wp\/v2\/users\/28"}],"replies":[{"embeddable":true,"href":"https:\/\/www.greenpeace.org\/brasil\/wp-json\/wp\/v2\/comments?post=8753"}],"version-history":[{"count":11,"href":"https:\/\/www.greenpeace.org\/brasil\/wp-json\/wp\/v2\/posts\/8753\/revisions"}],"predecessor-version":[{"id":35432,"href":"https:\/\/www.greenpeace.org\/brasil\/wp-json\/wp\/v2\/posts\/8753\/revisions\/35432"}],"wp:featuredmedia":[{"embeddable":true,"href":"https:\/\/www.greenpeace.org\/brasil\/wp-json\/wp\/v2\/media\/8756"}],"wp:attachment":[{"href":"https:\/\/www.greenpeace.org\/brasil\/wp-json\/wp\/v2\/media?parent=8753"}],"wp:term":[{"taxonomy":"category","embeddable":true,"href":"https:\/\/www.greenpeace.org\/brasil\/wp-json\/wp\/v2\/categories?post=8753"},{"taxonomy":"post_tag","embeddable":true,"href":"https:\/\/www.greenpeace.org\/brasil\/wp-json\/wp\/v2\/tags?post=8753"},{"taxonomy":"p4-page-type","embeddable":true,"href":"https:\/\/www.greenpeace.org\/brasil\/wp-json\/wp\/v2\/p4-page-type?post=8753"}],"curies":[{"name":"wp","href":"https:\/\/api.w.org\/{rel}","templated":true}]}}