{"id":8766,"date":"2019-04-26T16:17:37","date_gmt":"2019-04-26T19:17:37","guid":{"rendered":"https:\/\/www.greenpeace.org\/brasil\/?p=8766"},"modified":"2025-07-02T04:35:42","modified_gmt":"2025-07-02T07:35:42","slug":"um-dia-de-punhos-cerrados-e-corpos-pintados","status":"publish","type":"post","link":"https:\/\/www.greenpeace.org\/brasil\/blog\/um-dia-de-punhos-cerrados-e-corpos-pintados\/","title":{"rendered":"Um dia de punhos cerrados e corpos pintados"},"content":{"rendered":"<h4><strong>No segundo dia do Acampamento Terra Livre, povos ind\u00edgenas mostram sua enorme diversidade cultural e lutam para reverter retrocessos<\/strong><\/h4>\n<div id=\"attachment_8769\" style=\"width: 810px\" class=\"wp-caption aligncenter\"><img loading=\"lazy\" decoding=\"async\" aria-describedby=\"caption-attachment-8769\" class=\"size-full wp-image-8769\" src=\"https:\/\/www.greenpeace.org\/static\/planet4-brasil-stateless\/2019\/04\/98f5ded5-gp0stt96m_web_size.jpg\" alt=\"Lideran\u00e7as ind\u00edgenas apresentaram suas demandas \u00e0 C\u00e2mara e ao Senado no segundo dia do Acampamento Terra Livre\" width=\"800\" height=\"534\" srcset=\"https:\/\/www.greenpeace.org\/static\/planet4-brasil-stateless\/2019\/04\/98f5ded5-gp0stt96m_web_size.jpg 800w, https:\/\/www.greenpeace.org\/static\/planet4-brasil-stateless\/2019\/04\/98f5ded5-gp0stt96m_web_size-300x200.jpg 300w, https:\/\/www.greenpeace.org\/static\/planet4-brasil-stateless\/2019\/04\/98f5ded5-gp0stt96m_web_size-768x513.jpg 768w, https:\/\/www.greenpeace.org\/static\/planet4-brasil-stateless\/2019\/04\/98f5ded5-gp0stt96m_web_size-510x340.jpg 510w\" sizes=\"auto, (max-width: 800px) 100vw, 800px\" \/><p id=\"caption-attachment-8769\" class=\"wp-caption-text\">Lideran\u00e7as ind\u00edgenas apresentaram suas demandas \u00e0 C\u00e2mara e ao Senado no segundo dia do Acampamento Terra Livre<\/p><\/div>\n<p><span style=\"font-weight: 400;\">O segundo dia do <\/span><a href=\"https:\/\/www.greenpeace.org\/brasil\/blog\/chao-de-brasilia-treme-por-justica\/\" target=\"_blank\" rel=\"noopener noreferrer\"><span style=\"font-weight: 400;\">Acampamento Terra Livre<\/span><\/a><span style=\"font-weight: 400;\">, na \u00faltima quinta-feira, 25, em Bras\u00edlia, come\u00e7ou com reuni\u00f5es intensas na C\u00e2mara e no Senado. Em resposta a uma suposta homenagem organizada pelo Senado aos povos ind\u00edgenas, Elizeu Lopes Guarani Kaiow\u00e1, lideran\u00e7a da Aty Guasu do Mato Grosso do Sul, questionou: \u201cQual \u00e9 o sentido de o Senado fazer uma homenagem se as demarca\u00e7\u00f5es de terra est\u00e3o sendo passadas para o Minist\u00e9rio da Agricultura, Pecu\u00e1ria e Abastecimento (Mapa)?\u201d.<\/span><\/p>\n<p><span style=\"font-weight: 400;\">Apesar disso, a oportunidade serviu para que representantes das delega\u00e7\u00f5es vindas das cinco regi\u00f5es do pa\u00eds apresentassem suas demandas \u00e0 Casa, especialmente em rela\u00e7\u00e3o \u00e0 <\/span><a href=\"https:\/\/www.greenpeace.org\/brasil\/blog\/sinal-de-alerta-para-os-povos-da-floresta\/\" target=\"_blank\" rel=\"noopener noreferrer\"><span style=\"font-weight: 400;\">Medida Provis\u00f3ria 870<\/span><\/a><span style=\"font-weight: 400;\">, que transfere o processo de demarca\u00e7\u00e3o de Terras Ind\u00edgenas (TIs) \u00a0ao Minist\u00e9rio da Agricultura \u2013 o que, na pr\u00e1tica, deixa a raposa cuidando do galinheiro.<\/span><\/p>\n<p><span style=\"font-weight: 400;\">Outro tema delicado foi a preserva\u00e7\u00e3o da mem\u00f3ria oficial sobre as viola\u00e7\u00f5es dos direitos ind\u00edgenas <\/span><a href=\"https:\/\/istoe.com.br\/massacre-de-indios-pela-ditadura-militar\/\" target=\"_blank\" rel=\"noopener noreferrer\"><span style=\"font-weight: 400;\">impostas durante a ditadura militar<\/span><\/a><span style=\"font-weight: 400;\">, onde povos inteiros foram dizimados e muitos outros tiveram suas culturas, modos de vida e religiosidade roubadas por uma pol\u00edtica assassina de \u201cintegra\u00e7\u00e3o\u201d. \u201cEsses arquivos sobre as viola\u00e7\u00f5es aos direitos dos povos ind\u00edgenas durante a ditadura deveriam estar com o movimento ind\u00edgena. Nesta semana j\u00e1 foram mais de 2 mil c\u00f3pias de documentos para as m\u00e3os do Mapa. Podem estar encobrindo crimes que eles [ruralistas] causaram no passado\u201d, alertou Kret\u00e3 Kaingang, da Articula\u00e7\u00e3o dos Povos Ind\u00edgenas da Regi\u00e3o Sul (Arpinsul).<\/span><\/p>\n<p><span style=\"font-weight: 400;\">Na C\u00e2mara, em audi\u00eancia p\u00fablica, as l<\/span><span style=\"font-weight: 400;\">ideran\u00e7as ind\u00edgenas exigiram que a Funda\u00e7\u00e3o Nacional do \u00cdndio (Funai) volte a ser subordinada ao Minist\u00e9rio da Justi\u00e7a e que o \u00f3rg\u00e3o indigenista retome a compet\u00eancia de demarcar as TIs. O entendimento \u00e9 que o Minist\u00e9rio da Justi\u00e7a \u00e9 a pasta com maior idoneidade para tratar deste assunto e o que possui a mais longa experi\u00eancia em faz\u00ea-lo. No entanto, n\u00e3o basta que a responsabilidade retorne ao Minist\u00e9rio da Justi\u00e7a: as demarca\u00e7\u00f5es precisam ser retomadas j\u00e1.<\/span><\/p>\n<p>Assista ao v\u00eddeo do segundo dia de ATL:<\/p>\n<lite-youtube style=\"background-image: url('https:\/\/i.ytimg.com\/vi\/HFmEdceaPsk\/hqdefault.jpg');\" videoid=\"HFmEdceaPsk\" params=\"rel=0\"><\/lite-youtube>\n<p><b>Mulheres ind\u00edgenas por seus direitos<\/b><\/p>\n<p><span style=\"font-weight: 400;\">Enquanto isso, no acampamento, o ambiente era de intera\u00e7\u00e3o cultural. Centenas de n\u00e3o ind\u00edgenas visitaram o local durante todo o dia, mostrando sua solidariedade aos povos, participando das dan\u00e7as e recebendo pinturas corporais.<\/span><\/p>\n<p><span style=\"font-weight: 400;\">Um dos momentos mais emocionantes foi a Assembleia das Mulheres Ind\u00edgenas, onde lideran\u00e7as femininas de diferentes povos se reuniram para debater os impactos das novas pol\u00edticas para as mulheres, especialmente em rela\u00e7\u00e3o \u00e0 sa\u00fade. Muitas ind\u00edgenas, incluindo crian\u00e7as, est\u00e3o sem atendimento m\u00e9dico no momento, por conta do caos que se instalou na Secretaria Especial de Sa\u00fade Ind\u00edgena (Sesai) depois que os repasses para o \u00f3rg\u00e3o foram bloqueados pelo novo governo.<\/span><\/p>\n<p><span style=\"font-weight: 400;\">Os ind\u00edgenas finalizaram o dia <a href=\"https:\/\/www.greenpeace.org\/brasil\/blog\/chao-de-brasilia-treme-por-justica\/\" target=\"_blank\" rel=\"noopener noreferrer\">formando novamente<\/a> a palavra JUSTI\u00c7A em \u00e1rea pr\u00f3xima \u00e0 Esplanada dos Minist\u00e9rios, para refor\u00e7ar a principal mensagem do Acampamento Terra Livre este ano. \u00a0<\/span><\/p>\n\n\t\t<style type=\"text\/css\">\n\t\t\t#gallery-1 {\n\t\t\t\tmargin: auto;\n\t\t\t}\n\t\t\t#gallery-1 .gallery-item {\n\t\t\t\tfloat: left;\n\t\t\t\tmargin-top: 10px;\n\t\t\t\ttext-align: center;\n\t\t\t\twidth: 33%;\n\t\t\t}\n\t\t\t#gallery-1 img {\n\t\t\t\tborder: 2px solid #cfcfcf;\n\t\t\t}\n\t\t\t#gallery-1 .gallery-caption {\n\t\t\t\tmargin-left: 0;\n\t\t\t}\n\t\t\t\/* see gallery_shortcode() in wp-includes\/media.php *\/\n\t\t<\/style>\n\t\t<div id='gallery-1' class='gallery galleryid-8766 gallery-columns-3 gallery-size-thumbnail'><dl class='gallery-item'>\n\t\t\t<dt class='gallery-icon landscape'>\n\t\t\t\t<img loading=\"lazy\" decoding=\"async\" width=\"150\" height=\"150\" src=\"https:\/\/www.greenpeace.org\/static\/planet4-brasil-stateless\/2019\/04\/5fd948d8-photo5050835940884457531-150x150.jpg\" class=\"attachment-thumbnail size-thumbnail wp-stateless-item\" alt=\"\" aria-describedby=\"gallery-1-8774\" data-image-size=\"thumbnail\" data-stateless-media-bucket=\"planet4-brasil-stateless\" data-stateless-media-name=\"2019\/04\/5fd948d8-photo5050835940884457531.jpg\" \/>\n\t\t\t<\/dt>\n\t\t\t\t<dd class='wp-caption-text gallery-caption' id='gallery-1-8774'>\n\t\t\t\tSegundo dia de Acampamento Terra Livre\n\t\t\t\t<\/dd><\/dl><dl class='gallery-item'>\n\t\t\t<dt class='gallery-icon landscape'>\n\t\t\t\t<img loading=\"lazy\" decoding=\"async\" width=\"150\" height=\"150\" src=\"https:\/\/www.greenpeace.org\/static\/planet4-brasil-stateless\/2019\/04\/f4384ed4-photo5051175131631691889-150x150.jpg\" class=\"attachment-thumbnail size-thumbnail wp-stateless-item\" alt=\"\" aria-describedby=\"gallery-1-8778\" data-image-size=\"thumbnail\" data-stateless-media-bucket=\"planet4-brasil-stateless\" data-stateless-media-name=\"2019\/04\/f4384ed4-photo5051175131631691889.jpg\" \/>\n\t\t\t<\/dt>\n\t\t\t\t<dd class='wp-caption-text gallery-caption' id='gallery-1-8778'>\n\t\t\t\tSegundo dia de Acampamento Terra Livre\n\t\t\t\t<\/dd><\/dl><dl class='gallery-item'>\n\t\t\t<dt class='gallery-icon landscape'>\n\t\t\t\t<img loading=\"lazy\" decoding=\"async\" width=\"150\" height=\"150\" src=\"https:\/\/www.greenpeace.org\/static\/planet4-brasil-stateless\/2019\/04\/e44d89a9-gp0stt96p_web_size-150x150.jpg\" class=\"attachment-thumbnail size-thumbnail wp-stateless-item\" alt=\"\" aria-describedby=\"gallery-1-8771\" data-image-size=\"thumbnail\" data-stateless-media-bucket=\"planet4-brasil-stateless\" data-stateless-media-name=\"2019\/04\/e44d89a9-gp0stt96p_web_size.jpg\" \/>\n\t\t\t<\/dt>\n\t\t\t\t<dd class='wp-caption-text gallery-caption' id='gallery-1-8771'>\n\t\t\t\tSegundo dia de Acampamento Terra Livre\n\t\t\t\t<\/dd><\/dl><br style=\"clear: both\" \/><dl class='gallery-item'>\n\t\t\t<dt class='gallery-icon landscape'>\n\t\t\t\t<img loading=\"lazy\" decoding=\"async\" width=\"150\" height=\"150\" src=\"https:\/\/www.greenpeace.org\/static\/planet4-brasil-stateless\/2019\/04\/93d67ef5-photo5050828317317507267-150x150.jpg\" class=\"attachment-thumbnail size-thumbnail wp-stateless-item\" alt=\"\" aria-describedby=\"gallery-1-8776\" data-image-size=\"thumbnail\" data-stateless-media-bucket=\"planet4-brasil-stateless\" data-stateless-media-name=\"2019\/04\/93d67ef5-photo5050828317317507267.jpg\" \/>\n\t\t\t<\/dt>\n\t\t\t\t<dd class='wp-caption-text gallery-caption' id='gallery-1-8776'>\n\t\t\t\tSegundo dia de Acampamento Terra Livre\n\t\t\t\t<\/dd><\/dl><dl class='gallery-item'>\n\t\t\t<dt class='gallery-icon landscape'>\n\t\t\t\t<img loading=\"lazy\" decoding=\"async\" width=\"150\" height=\"150\" src=\"https:\/\/www.greenpeace.org\/static\/planet4-brasil-stateless\/2019\/04\/5204b438-photo5050828317317507256-150x150.jpg\" class=\"attachment-thumbnail size-thumbnail wp-stateless-item\" alt=\"\" aria-describedby=\"gallery-1-8773\" data-image-size=\"thumbnail\" data-stateless-media-bucket=\"planet4-brasil-stateless\" data-stateless-media-name=\"2019\/04\/5204b438-photo5050828317317507256.jpg\" \/>\n\t\t\t<\/dt>\n\t\t\t\t<dd class='wp-caption-text gallery-caption' id='gallery-1-8773'>\n\t\t\t\tSegundo dia de Acampamento Terra Livre\n\t\t\t\t<\/dd><\/dl><dl class='gallery-item'>\n\t\t\t<dt class='gallery-icon landscape'>\n\t\t\t\t<img loading=\"lazy\" decoding=\"async\" width=\"150\" height=\"150\" src=\"https:\/\/www.greenpeace.org\/static\/planet4-brasil-stateless\/2019\/04\/f0e677d4-gp0stt96o_web_size-150x150.jpg\" class=\"attachment-thumbnail size-thumbnail wp-stateless-item\" alt=\"\" aria-describedby=\"gallery-1-8770\" data-image-size=\"thumbnail\" data-stateless-media-bucket=\"planet4-brasil-stateless\" data-stateless-media-name=\"2019\/04\/f0e677d4-gp0stt96o_web_size.jpg\" \/>\n\t\t\t<\/dt>\n\t\t\t\t<dd class='wp-caption-text gallery-caption' id='gallery-1-8770'>\n\t\t\t\tSegundo dia de Acampamento Terra Livre\n\t\t\t\t<\/dd><\/dl><br style=\"clear: both\" \/>\n\t\t<\/div>\n\n<p><span style=\"font-weight: 400;\">*<\/span><i><span style=\"font-weight: 400;\"> com informa\u00e7\u00f5es da Mobiliza\u00e7\u00e3o Nacional Ind\u00edgena (MNI)<\/span><\/i><\/p>\n<div class=\"EmptyMessage\">Block content is empty. Check the block&#8217;s settings or remove it.<\/div>","protected":false},"excerpt":{"rendered":"<p>No segundo dia do Acampamento Terra Livre, povos ind\u00edgenas mostram sua enorme diversidade cultural e lutam para reverter retrocessos<\/p>\n","protected":false},"author":24,"featured_media":8769,"comment_status":"open","ping_status":"closed","sticky":false,"template":"","format":"standard","meta":{"ep_exclude_from_search":false,"p4_og_title":"","p4_og_description":"","p4_og_image":"","p4_og_image_id":"","p4_seo_canonical_url":"","p4_campaign_name":"","p4_local_project":"","p4_basket_name":"","p4_department":"","footnotes":""},"categories":[3],"tags":[8,22,23],"p4-page-type":[16],"class_list":["post-8766","post","type-post","status-publish","format-standard","has-post-thumbnail","hentry","category-proteja-a-natureza","tag-resista","tag-florestas","tag-mobilizacao","p4-page-type-blog"],"_links":{"self":[{"href":"https:\/\/www.greenpeace.org\/brasil\/wp-json\/wp\/v2\/posts\/8766","targetHints":{"allow":["GET"]}}],"collection":[{"href":"https:\/\/www.greenpeace.org\/brasil\/wp-json\/wp\/v2\/posts"}],"about":[{"href":"https:\/\/www.greenpeace.org\/brasil\/wp-json\/wp\/v2\/types\/post"}],"author":[{"embeddable":true,"href":"https:\/\/www.greenpeace.org\/brasil\/wp-json\/wp\/v2\/users\/24"}],"replies":[{"embeddable":true,"href":"https:\/\/www.greenpeace.org\/brasil\/wp-json\/wp\/v2\/comments?post=8766"}],"version-history":[{"count":11,"href":"https:\/\/www.greenpeace.org\/brasil\/wp-json\/wp\/v2\/posts\/8766\/revisions"}],"predecessor-version":[{"id":58762,"href":"https:\/\/www.greenpeace.org\/brasil\/wp-json\/wp\/v2\/posts\/8766\/revisions\/58762"}],"wp:featuredmedia":[{"embeddable":true,"href":"https:\/\/www.greenpeace.org\/brasil\/wp-json\/wp\/v2\/media\/8769"}],"wp:attachment":[{"href":"https:\/\/www.greenpeace.org\/brasil\/wp-json\/wp\/v2\/media?parent=8766"}],"wp:term":[{"taxonomy":"category","embeddable":true,"href":"https:\/\/www.greenpeace.org\/brasil\/wp-json\/wp\/v2\/categories?post=8766"},{"taxonomy":"post_tag","embeddable":true,"href":"https:\/\/www.greenpeace.org\/brasil\/wp-json\/wp\/v2\/tags?post=8766"},{"taxonomy":"p4-page-type","embeddable":true,"href":"https:\/\/www.greenpeace.org\/brasil\/wp-json\/wp\/v2\/p4-page-type?post=8766"}],"curies":[{"name":"wp","href":"https:\/\/api.w.org\/{rel}","templated":true}]}}