{"id":8956,"date":"2019-05-13T15:09:24","date_gmt":"2019-05-13T18:09:24","guid":{"rendered":"https:\/\/www.greenpeace.org\/brasil\/?p=8956"},"modified":"2023-08-23T00:06:39","modified_gmt":"2023-08-23T03:06:39","slug":"o-aquecimento-global-esta-derretendo-o-artico-e-nossas-vidas","status":"publish","type":"post","link":"https:\/\/www.greenpeace.org\/brasil\/blog\/o-aquecimento-global-esta-derretendo-o-artico-e-nossas-vidas\/","title":{"rendered":"O aquecimento global est\u00e1 derretendo o \u00c1rtico \u2013 e nossas vidas"},"content":{"rendered":"<h4>Os ativistas do Greenpeace est\u00e3o no Polo Norte para mostrar os efeitos das mudan\u00e7as clim\u00e1ticas, que afetam os oceanos, a vida marinha e a nossa tamb\u00e9m. Confira o relato do come\u00e7o de nossa jornada pelos mares do planeta.<\/h4>\n<p>Desde abril, o Greenpeace est\u00e1 em uma<a href=\"https:\/\/www.greenpeace.org\/brasil\/blog\/embarque-em-uma-aventura-do-polo-norte-ao-polo-sul\/\" target=\"_blank\" rel=\"noopener noreferrer\"> longa jornada para defender os oceanos<\/a>. A primeira parada \u00e9 em Svalbard, no Oceano \u00c1rtico. J\u00e1 encontramos morsas, pegadas de ursos polares e gelo, muito gelo. Boa parte dele derretendo por conta do aquecimento global. Confira a seguir o relato de uma de nossas ativistas que est\u00e1 l\u00e1.<\/p>\n<h3>Destruir os oceanos \u00e9 destruir meu futuro<\/h3>\n<p><sub>Por Fanny J\u00f6nsson*<\/sub><\/p>\n<p><img loading=\"lazy\" decoding=\"async\" class=\"alignnone size-large wp-image-8958\" src=\"https:\/\/www.greenpeace.org\/static\/planet4-brasil-stateless\/2019\/05\/ecb39657-blog-1-fanny-looking-out-of-the-window-1024x768.jpg\" alt=\"\" width=\"1024\" height=\"768\" srcset=\"https:\/\/www.greenpeace.org\/static\/planet4-brasil-stateless\/2019\/05\/ecb39657-blog-1-fanny-looking-out-of-the-window-1024x768.jpg 1024w, https:\/\/www.greenpeace.org\/static\/planet4-brasil-stateless\/2019\/05\/ecb39657-blog-1-fanny-looking-out-of-the-window-300x225.jpg 300w, https:\/\/www.greenpeace.org\/static\/planet4-brasil-stateless\/2019\/05\/ecb39657-blog-1-fanny-looking-out-of-the-window-768x576.jpg 768w, https:\/\/www.greenpeace.org\/static\/planet4-brasil-stateless\/2019\/05\/ecb39657-blog-1-fanny-looking-out-of-the-window-1821x1366.jpg 1821w, https:\/\/www.greenpeace.org\/static\/planet4-brasil-stateless\/2019\/05\/ecb39657-blog-1-fanny-looking-out-of-the-window-453x340.jpg 453w, https:\/\/www.greenpeace.org\/static\/planet4-brasil-stateless\/2019\/05\/ecb39657-blog-1-fanny-looking-out-of-the-window.jpg 2048w\" sizes=\"auto, (max-width: 1024px) 100vw, 1024px\" \/><\/p>\n<p><em>Um mar azul-turquesa com peda\u00e7os de gelo flutuante \u00e9 o cen\u00e1rio que vejo da minha janela. Mais ao longe, h\u00e1 grandes montanhas que lembram a cobertura de um merengue, com seus picos cobertos de neve. Dia atr\u00e1s, vi uma morsa que parecia beijar seu filhote. Eles estavam em cima de um bloco de gelo e passaram bem em frente minha janela.<\/em><\/p>\n<p><i><span style=\"font-weight: 400;\">Eu estou a bordo do Arctic Sunrise, o navio do Greenpeace, em algum canto do mar de Barents, em Svalbard, Noruega.<\/span><\/i><\/p>\n<p><i><span style=\"font-weight: 400;\">Nem tudo aqui \u00e9 beleza e calmaria sempre. De vez em quando ouvimos um estrondo, como um trov\u00e3o. Minutos depois, uma enorme onda atinge o navio indicando que outro peda\u00e7o de geleira partiu de um iceberg e se juntou \u00e0 \u00e1gua do mar.<\/span><\/i><i><span style=\"font-weight: 400;\"><br \/>\n<\/span><\/i><i><span style=\"font-weight: 400;\"><br \/>\n<\/span><\/i><i><span style=\"font-weight: 400;\">E a \u00e1gua aqui nunca foi t\u00e3o quente. Nossos term\u00f4metros estavam acima do zero e as temperaturas m\u00e9dias para essa \u00e9poca do ano est\u00e3o 8 \u00baC acima do normal. Em Svalbard, os \u00faltimos 100 meses tiveram temperaturas acima da m\u00e9dia.<\/span><\/i><b><i><\/i><\/b><i><br \/>\n<\/i><\/p>\n<div id=\"attachment_8959\" style=\"width: 1210px\" class=\"wp-caption alignnone\"><img loading=\"lazy\" decoding=\"async\" aria-describedby=\"caption-attachment-8959\" class=\"wp-image-8959 size-full\" src=\"https:\/\/www.greenpeace.org\/static\/planet4-brasil-stateless\/2019\/05\/bda48057-gp0stt9sx.jpg\" alt=\"\" width=\"1200\" height=\"800\" srcset=\"https:\/\/www.greenpeace.org\/static\/planet4-brasil-stateless\/2019\/05\/bda48057-gp0stt9sx.jpg 1200w, https:\/\/www.greenpeace.org\/static\/planet4-brasil-stateless\/2019\/05\/bda48057-gp0stt9sx-300x200.jpg 300w, https:\/\/www.greenpeace.org\/static\/planet4-brasil-stateless\/2019\/05\/bda48057-gp0stt9sx-768x512.jpg 768w, https:\/\/www.greenpeace.org\/static\/planet4-brasil-stateless\/2019\/05\/bda48057-gp0stt9sx-1024x683.jpg 1024w, https:\/\/www.greenpeace.org\/static\/planet4-brasil-stateless\/2019\/05\/bda48057-gp0stt9sx-510x340.jpg 510w\" sizes=\"auto, (max-width: 1200px) 100vw, 1200px\" \/><p id=\"caption-attachment-8959\" class=\"wp-caption-text\">M\u00e3e morsa e seu filhote s\u00e3o avistados do navio Arctic Sunrise em Svalbard, na Noruega.<\/p><\/div>\n<p><i>O que eu vim fazer aqui? Estou navegando no \u00c1rtico em um das expedi\u00e7\u00f5es mais incr\u00edveis \u2013 e ambiciosas \u2013 que o Greenpeace j\u00e1 fez. Temos um ano para ir do Polo Norte at\u00e9 o Polo Sul. E, durante o percurso, vamos mostrar as principais amea\u00e7as que nossos oceanos est\u00e3o enfrentando, como as mudan\u00e7as clim\u00e1ticas, a sobrepesca e a perda da biodiversidade, as atividades petrol\u00edferas e a polui\u00e7\u00e3o de pl\u00e1stico.<\/i><b><i><br \/>\n<\/i><\/b><\/p>\n<p><i><span style=\"font-weight: 400;\">Neste momento, a ONU est\u00e1 discutindo como devemos proteger nossos oceanos e as \u00e1reas priorit\u00e1rias. Segundo os cientistas, a sa\u00edda \u00e9 simples: <a href=\"https:\/\/www.greenpeace.org\/brasil\/blog\/por-que-devemos-proteger-30-dos-oceanos\/\" target=\"_blank\" rel=\"noopener noreferrer\">um ter\u00e7o dos oceanos precisa estar protegido at\u00e9 2030.<\/a> Se isso n\u00e3o acontecer, os oceanos e a vida marinha que conhecemos e amamos ser\u00e3o destru\u00eddos.<\/span><\/i><\/p>\n<p><i>Isso tamb\u00e9m significa que meu futuro ser\u00e1 destru\u00eddo. Metade do oxig\u00eanio que eu respiro vem dos mares. Eu morro se eles morrem.<\/i><\/p>\n<p><i><span style=\"font-weight: 400;\">E n\u00f3s n\u00e3o vamos permitir que isso aconte\u00e7a.<\/span><\/i><\/p>\n<p><i><span style=\"font-weight: 400;\">Criar uma rede de santu\u00e1rios marinhos \u00e9 eficaz. Deixar o oceano fora do alcance de ind\u00fastrias destrutivas permitir\u00e1 que as esp\u00e9cies se recuperem e sobrevivam. \u00c9 por isso que o Greenpeace est\u00e1 fazendo de tudo para abrir caminho a novos santu\u00e1rios marinhos no mundo.<\/span><\/i><\/p>\n<p><i><span style=\"font-weight: 400;\">Para isso, precisamos de voc\u00ea. Sua voz \u00e9 essencial para chegar aos nossos governantes que est\u00e3o tomando decis\u00f5es sobre a vida futura dos oceanos.<\/span><\/i><i><span style=\"font-weight: 400;\"><br \/>\n<\/span><\/i><i><br \/>\n<a href=\"https:\/\/www.greenpeace.org.br\/proteja-os-oceanos\" target=\"_blank\" rel=\"noopener noreferrer\"><strong>Fa\u00e7a parte do nosso abaixo-assinado, proteja os oceanos e fique por dentro da nossa expedi\u00e7\u00e3o.<\/strong><\/a><\/i><i><span style=\"font-weight: 400;\"><br \/>\n<\/span><\/i><\/p>\n<p>* Fanny J\u00f6nsson \u00e9 coordenadora de comunica\u00e7\u00e3o do Greenpeace N\u00f3rdico e est\u00e1 a bordo do Arctic Sunrise, no Oceano \u00c1rtico.<\/p>\n","protected":false},"excerpt":{"rendered":"<p>Nossos ativistas est\u00e3o no Polo Norte para mostrar os efeitos das mudan\u00e7as clim\u00e1ticas, que afetam os oceanos, a vida marinha e a nossa tamb\u00e9m. Confira o relato do come\u00e7o de nossa jornada pelos mares do planeta.<\/p>\n","protected":false},"author":25,"featured_media":8958,"comment_status":"open","ping_status":"closed","sticky":false,"template":"","format":"standard","meta":{"ep_exclude_from_search":false,"p4_og_title":"","p4_og_description":"","p4_og_image":"","p4_og_image_id":"","p4_seo_canonical_url":"","p4_campaign_name":"","p4_local_project":"","p4_basket_name":"","p4_department":"","footnotes":""},"categories":[17,64,3],"tags":[6,27],"p4-page-type":[16],"class_list":["post-8956","post","type-post","status-publish","format-standard","has-post-thumbnail","hentry","category-navios","category-oceanos","category-proteja-a-natureza","tag-clima","tag-oceanos","p4-page-type-blog"],"_links":{"self":[{"href":"https:\/\/www.greenpeace.org\/brasil\/wp-json\/wp\/v2\/posts\/8956","targetHints":{"allow":["GET"]}}],"collection":[{"href":"https:\/\/www.greenpeace.org\/brasil\/wp-json\/wp\/v2\/posts"}],"about":[{"href":"https:\/\/www.greenpeace.org\/brasil\/wp-json\/wp\/v2\/types\/post"}],"author":[{"embeddable":true,"href":"https:\/\/www.greenpeace.org\/brasil\/wp-json\/wp\/v2\/users\/25"}],"replies":[{"embeddable":true,"href":"https:\/\/www.greenpeace.org\/brasil\/wp-json\/wp\/v2\/comments?post=8956"}],"version-history":[{"count":8,"href":"https:\/\/www.greenpeace.org\/brasil\/wp-json\/wp\/v2\/posts\/8956\/revisions"}],"predecessor-version":[{"id":8972,"href":"https:\/\/www.greenpeace.org\/brasil\/wp-json\/wp\/v2\/posts\/8956\/revisions\/8972"}],"wp:featuredmedia":[{"embeddable":true,"href":"https:\/\/www.greenpeace.org\/brasil\/wp-json\/wp\/v2\/media\/8958"}],"wp:attachment":[{"href":"https:\/\/www.greenpeace.org\/brasil\/wp-json\/wp\/v2\/media?parent=8956"}],"wp:term":[{"taxonomy":"category","embeddable":true,"href":"https:\/\/www.greenpeace.org\/brasil\/wp-json\/wp\/v2\/categories?post=8956"},{"taxonomy":"post_tag","embeddable":true,"href":"https:\/\/www.greenpeace.org\/brasil\/wp-json\/wp\/v2\/tags?post=8956"},{"taxonomy":"p4-page-type","embeddable":true,"href":"https:\/\/www.greenpeace.org\/brasil\/wp-json\/wp\/v2\/p4-page-type?post=8956"}],"curies":[{"name":"wp","href":"https:\/\/api.w.org\/{rel}","templated":true}]}}