{"id":9048,"date":"2019-05-20T12:08:53","date_gmt":"2019-05-20T15:08:53","guid":{"rendered":"https:\/\/www.greenpeace.org\/brasil\/?p=9048"},"modified":"2019-11-06T05:19:41","modified_gmt":"2019-11-06T08:19:41","slug":"hoje-e-o-dia-mundial-das-abelhas","status":"publish","type":"post","link":"https:\/\/www.greenpeace.org\/brasil\/blog\/hoje-e-o-dia-mundial-das-abelhas\/","title":{"rendered":"Hoje \u00e9 o Dia Mundial das Abelhas"},"content":{"rendered":"<h4>As principais homenageadas deste dia t\u00e3o especial correm perigo \u2013 e isso afeta a todos n\u00f3s<\/h4>\n<p>\u00c9 prov\u00e1vel que voc\u00ea j\u00e1 tenha tomado uma picada de abelha pelo menos uma vez na vida. D\u00f3i pra burro, n\u00e3o \u00e9? Mas a not\u00edcia que vou te dar agora vai doer muito mais do que picada de abelha: <b>esses insetos fundamentais para o meio ambiente est\u00e3o sendo exterminados<\/b> em uma velocidade assustadora, e<b> um dos maiores vil\u00f5es dessa trag\u00e9dia s\u00e3o os agrot\u00f3xicos.<\/b><\/p>\n<div id=\"attachment_9049\" style=\"width: 1034px\" class=\"wp-caption aligncenter\"><img loading=\"lazy\" decoding=\"async\" aria-describedby=\"caption-attachment-9049\" class=\"size-large wp-image-9049\" src=\"https:\/\/www.greenpeace.org\/static\/planet4-brasil-stateless\/2019\/05\/d5e78d03-gp0stp05c_pressmedia-1024x683.jpg\" alt=\"\" width=\"1024\" height=\"683\" srcset=\"https:\/\/www.greenpeace.org\/static\/planet4-brasil-stateless\/2019\/05\/d5e78d03-gp0stp05c_pressmedia-1024x683.jpg 1024w, https:\/\/www.greenpeace.org\/static\/planet4-brasil-stateless\/2019\/05\/d5e78d03-gp0stp05c_pressmedia-300x200.jpg 300w, https:\/\/www.greenpeace.org\/static\/planet4-brasil-stateless\/2019\/05\/d5e78d03-gp0stp05c_pressmedia-768x512.jpg 768w, https:\/\/www.greenpeace.org\/static\/planet4-brasil-stateless\/2019\/05\/d5e78d03-gp0stp05c_pressmedia-2048x1366.jpg 2048w, https:\/\/www.greenpeace.org\/static\/planet4-brasil-stateless\/2019\/05\/d5e78d03-gp0stp05c_pressmedia-510x340.jpg 510w\" sizes=\"auto, (max-width: 1024px) 100vw, 1024px\" \/><p id=\"caption-attachment-9049\" class=\"wp-caption-text\">As abelhas s\u00e3o fundamentais para as florestas.<\/p><\/div>\n<p>\u00c9 por isso que o <b>Dia Mundial das Abelhas<\/b> pede nossa aten\u00e7\u00e3o. A data, criada pela Organiza\u00e7\u00e3o das Na\u00e7\u00f5es Unidas (ONU) em 2018, tem refor\u00e7ado a import\u00e2ncia da poliniza\u00e7\u00e3o animal para garantir n\u00e3o somente o equil\u00edbrio dos ecossistemas, como tamb\u00e9m a produ\u00e7\u00e3o de alimentos e o combate \u00e0 fome no mundo. Mas as abelhas, que deveriam ser as rainhas da festa, correm perigo!<\/p>\n<p>Aqui no Brasil, apenas entre dezembro de 2018 e mar\u00e7o de 2019, mais de meio bilh\u00e3o de abelhas criadas por apicultores<a href=\"https:\/\/apublica.org\/2019\/03\/apicultores-brasileiros-encontram-meio-bilhao-de-abelhas-mortas-em-tres-meses\/\" target=\"_blank\" rel=\"noopener noreferrer\"> foram encontradas mortas <\/a>\u00a0\u2014 mais especificamente, nos estados de S\u00e3o Paulo, Mato Grosso do Sul, Santa Catarina e Rio Grande do Sul. Se fosse poss\u00edvel contabilizar a morte de abelhas silvestres (livres na natureza), esse n\u00famero seria muito maior.<\/p>\n<p>E os alarmes n\u00e3o param de soar. No in\u00edcio de maio, um novo relat\u00f3rio da ONU apontou que nada menos que um milh\u00e3o de esp\u00e9cies de plantas e animais <a href=\"https:\/\/brasil.elpais.com\/brasil\/2019\/05\/06\/ciencia\/1557132880_458286.html\" target=\"_blank\" rel=\"noopener noreferrer\">est\u00e3o amea\u00e7adas de extin\u00e7\u00e3o<\/a> a um ritmo nunca antes visto. Os polinizadores s\u00e3o um dos grupos mais amea\u00e7ados.<\/p>\n<p>A import\u00e2ncia das abelhas \u00e9 incontest\u00e1vel: 73% de todas as esp\u00e9cies vegetais do planeta dependem da poliniza\u00e7\u00e3o feita por elas. No Brasil, habitat de cerca de 1.600 tipos de abelhas, mais da metade das 141 esp\u00e9cies de plantas cultivadas depende da poliniza\u00e7\u00e3o que \u00e9 feita, principalmente, por esse grupo de insetos. Tomate, berinjela, leguminosas, caf\u00e9 e cacau s\u00e3o alguns dos alimentos polinizados por elas.<\/p>\n<p><b>Rainhas da poliniza\u00e7\u00e3o x rainha do veneno<\/b><\/p>\n<p>Enquanto as <i>rainhas da poliniza\u00e7\u00e3o<\/i> enfrentam s\u00e9rias amea\u00e7as por conta do uso massivo de agrot\u00f3xicos, Tereza Cristina, a ministra da Agricultura, Pecu\u00e1ria e Abastecimento (Mapa), tem assumido cada vez mais o posto de <i>rainha do veneno. <\/i>Sob o seu mandato, em menos de cinco meses, o novo governo j\u00e1 liberou <b>166 novos agrot\u00f3xicos<\/b>, um recorde se comparado aos \u00faltimos dez anos, considerando o mesmo per\u00edodo.<\/p>\n<div id=\"attachment_9050\" style=\"width: 1034px\" class=\"wp-caption aligncenter\"><img loading=\"lazy\" decoding=\"async\" aria-describedby=\"caption-attachment-9050\" class=\"size-large wp-image-9050\" src=\"https:\/\/www.greenpeace.org\/static\/planet4-brasil-stateless\/2019\/05\/aff11c33-gp0stt9ot_pressmedia-1024x683.jpg\" alt=\"\" width=\"1024\" height=\"683\" srcset=\"https:\/\/www.greenpeace.org\/static\/planet4-brasil-stateless\/2019\/05\/aff11c33-gp0stt9ot_pressmedia-1024x683.jpg 1024w, https:\/\/www.greenpeace.org\/static\/planet4-brasil-stateless\/2019\/05\/aff11c33-gp0stt9ot_pressmedia-300x200.jpg 300w, https:\/\/www.greenpeace.org\/static\/planet4-brasil-stateless\/2019\/05\/aff11c33-gp0stt9ot_pressmedia-768x512.jpg 768w, https:\/\/www.greenpeace.org\/static\/planet4-brasil-stateless\/2019\/05\/aff11c33-gp0stt9ot_pressmedia-2048x1366.jpg 2048w, https:\/\/www.greenpeace.org\/static\/planet4-brasil-stateless\/2019\/05\/aff11c33-gp0stt9ot_pressmedia-510x340.jpg 510w\" sizes=\"auto, (max-width: 1024px) 100vw, 1024px\" \/><p id=\"caption-attachment-9050\" class=\"wp-caption-text\">As abelhas est\u00e3o morrendo\u00a0\u2013 precisamos agir agora.<\/p><\/div>\n<p>Muitas dessas subst\u00e2ncias s\u00e3o proibidas na Uni\u00e3o Europeia e nos Estados Unidos, e <b>44% delas s\u00e3o altamente ou extremamente t\u00f3xicas<\/b>. Esses agrot\u00f3xicos podem afetar severamente a sa\u00fade humana, causando doen\u00e7as como <b>c\u00e2ncer e problemas reprodutivos<\/b>. Nessa chuva de veneno dos \u00faltimos meses, tamb\u00e9m foram liberados produtos cujos ingredientes ativos afetam diretamente as abelhas, como os neonicotin\u00f3ides e o fipronil.<\/p>\n<p>\u201cNunca se liberou tanto veneno t\u00e3o rapidamente. O governo segue empenhado e veloz em tornar o pa\u00eds ainda mais dependente desses produtos. Com isso perdemos todos. Nossa sa\u00fade ficar\u00e1 mais vulner\u00e1vel, \u00a0o meio ambiente continuar\u00e1 sendo envenenado e as abelhas seguir\u00e3o amea\u00e7adas. Afundar o pa\u00eds em veneno n\u00e3o deveria ser a nossa op\u00e7\u00e3o de futuro\u201d, diz Iran Magno, especialista em Agricultura e Alimenta\u00e7\u00e3o do Greenpeace Brasil. &#8220;Apoiar um modelo de agricultura que respeite a vida, como prop\u00f5e o Projeto de Lei da Pol\u00edtica Nacional de Redu\u00e7\u00e3o de Agrot\u00f3xicos, \u00e9 que seria um verdadeiro sinal de preocupa\u00e7\u00e3o com os brasileiros e com a nossa biodiversidade \u2013 verdadeiras riquezas que temos no pa\u00eds&#8221;, completa ele.<\/p>\n<p><b>Virando o jogo<\/b><\/p>\n<p><span style=\"font-weight: 400;\">Sabemos que h\u00e1 muito o que fazer. No \u00faltimo fim-de-semana, \u201c<\/span><b>polinizamos\u201d diversas cidades brasileiras<\/b><span style=\"font-weight: 400;\"> com atividades para mostrar a import\u00e2ncia das abelhas para o meio ambiente e as pessoas. <\/span><span style=\"font-weight: 400;\">As a\u00e7\u00f5es contaram com coletas de assinaturas para o abaixo-assinado <\/span><b>Salve as Abelhas<\/b><span style=\"font-weight: 400;\"> e mural de mensagens no qual as pessoas podiam deixar o seu apoio para a prote\u00e7\u00e3o das maiores polinizadoras do planeta, al\u00e9m de pedir por uma agricultura mais sustent\u00e1vel e sem agrot\u00f3xicos. Nossos volunt\u00e1rios ainda realizaram oficinas de <em>stencil<\/em> e distribu\u00edram mudas e sementes de flores que atraem as abelhas, como lavanda, girassol e s\u00e1lvia, convidando as pessoas a se juntarem a este enxame de transforma\u00e7\u00e3o.<\/span><\/p>\n<p>Precisamos do seu apoio na luta por uma agricultura que n\u00e3o destrua as florestas e nossa rica biodiversidade, nem envenene a popula\u00e7\u00e3o. <strong>Fa\u00e7a parte do movimento #SalveAsAbelhas e participe do abaixo-assinado!<\/strong><\/p>\n<p><!--HubSpot Call-to-Action Code --><span id=\"hs-cta-wrapper-34e9b1d8-5119-4d66-8395-7a30ada10214\" class=\"hs-cta-wrapper\"><span id=\"hs-cta-34e9b1d8-5119-4d66-8395-7a30ada10214\" class=\"hs-cta-node hs-cta-34e9b1d8-5119-4d66-8395-7a30ada10214\"><!-- [if lte IE 8]>\n\n\n\n\n<div id=\"hs-cta-ie-element\"><\/div>\n\n\n\n\n<![endif]--><a href=\"https:\/\/cta-redirect.hubspot.com\/cta\/redirect\/537105\/34e9b1d8-5119-4d66-8395-7a30ada10214\" target=\"_blank\" rel=\"noopener noreferrer\"><img decoding=\"async\" id=\"hs-cta-img-34e9b1d8-5119-4d66-8395-7a30ada10214\" class=\"hs-cta-img aligncenter\" style=\"border-width: 0px;\" src=\"https:\/\/no-cache.hubspot.com\/cta\/default\/537105\/34e9b1d8-5119-4d66-8395-7a30ada10214.png\" alt=\"PARTICIPE DO ABAIXO-ASSINADO\" \/><\/a><\/span><script charset=\"utf-8\" src=\"https:\/\/js.hscta.net\/cta\/current.js\"><\/script><\/span><!-- end HubSpot Call-to-Action Code --><\/p>\n<p>Some sua voz! Juntos poderemos ajudar a proteger as abelhas, o meio ambiente e a sa\u00fade das pessoas. \ud83d\udc1d\ud83d\udc1d\ud83d\udc1d\ud83d\udc1d<\/p>\n<p>#SalveAsAbelhas #ChegaDeAgrot\u00f3xicos<\/p>\n","protected":false},"excerpt":{"rendered":"<p>As principais homenageadas deste dia t\u00e3o especial correm perigo \u2013 e isso afeta a todos n\u00f3s<\/p>\n","protected":false},"author":19,"featured_media":9049,"comment_status":"open","ping_status":"closed","sticky":false,"template":"","format":"standard","meta":{"ep_exclude_from_search":false,"p4_og_title":"","p4_og_description":"","p4_og_image":"","p4_og_image_id":"","p4_seo_canonical_url":"","p4_campaign_name":"","p4_local_project":"","p4_basket_name":"","p4_department":"","footnotes":""},"categories":[3],"tags":[18,26],"p4-page-type":[16],"class_list":["post-9048","post","type-post","status-publish","format-standard","has-post-thumbnail","hentry","category-proteja-a-natureza","tag-agroecologia","tag-biodiversidade","p4-page-type-blog"],"_links":{"self":[{"href":"https:\/\/www.greenpeace.org\/brasil\/wp-json\/wp\/v2\/posts\/9048","targetHints":{"allow":["GET"]}}],"collection":[{"href":"https:\/\/www.greenpeace.org\/brasil\/wp-json\/wp\/v2\/posts"}],"about":[{"href":"https:\/\/www.greenpeace.org\/brasil\/wp-json\/wp\/v2\/types\/post"}],"author":[{"embeddable":true,"href":"https:\/\/www.greenpeace.org\/brasil\/wp-json\/wp\/v2\/users\/19"}],"replies":[{"embeddable":true,"href":"https:\/\/www.greenpeace.org\/brasil\/wp-json\/wp\/v2\/comments?post=9048"}],"version-history":[{"count":6,"href":"https:\/\/www.greenpeace.org\/brasil\/wp-json\/wp\/v2\/posts\/9048\/revisions"}],"predecessor-version":[{"id":10017,"href":"https:\/\/www.greenpeace.org\/brasil\/wp-json\/wp\/v2\/posts\/9048\/revisions\/10017"}],"wp:featuredmedia":[{"embeddable":true,"href":"https:\/\/www.greenpeace.org\/brasil\/wp-json\/wp\/v2\/media\/9049"}],"wp:attachment":[{"href":"https:\/\/www.greenpeace.org\/brasil\/wp-json\/wp\/v2\/media?parent=9048"}],"wp:term":[{"taxonomy":"category","embeddable":true,"href":"https:\/\/www.greenpeace.org\/brasil\/wp-json\/wp\/v2\/categories?post=9048"},{"taxonomy":"post_tag","embeddable":true,"href":"https:\/\/www.greenpeace.org\/brasil\/wp-json\/wp\/v2\/tags?post=9048"},{"taxonomy":"p4-page-type","embeddable":true,"href":"https:\/\/www.greenpeace.org\/brasil\/wp-json\/wp\/v2\/p4-page-type?post=9048"}],"curies":[{"name":"wp","href":"https:\/\/api.w.org\/{rel}","templated":true}]}}