{"id":922,"date":"2016-04-12T00:00:00","date_gmt":"2016-04-12T00:00:00","guid":{"rendered":"https:\/\/www.greenpeace.org\/brasil\/blog\/ruralistas-criam-comissao-para-acelerar-a-liberacao-de-agrotoxicos\/"},"modified":"2019-11-06T05:21:16","modified_gmt":"2019-11-06T08:21:16","slug":"ruralistas-criam-comissao-para-acelerar-a-liberacao-de-agrotoxicos","status":"publish","type":"post","link":"https:\/\/www.greenpeace.org\/brasil\/blog\/ruralistas-criam-comissao-para-acelerar-a-liberacao-de-agrotoxicos\/","title":{"rendered":"Ruralistas criam Comiss\u00e3o para acelerar a libera\u00e7\u00e3o de agrot\u00f3xicos"},"content":{"rendered":"<h4 class=\"leader\"><em>Formada em sua maioria por ruralistas, Comiss\u00e3o Especial regular\u00e1 \u2018defensivos fitossanit\u00e1rios\u2019; segundo CIMI, presidente eleita atuou contra ind\u00edgenas<\/em><\/h4>\n<div>\n<div class=\"events-box small-box left\">\n<div class=\"frame\">\n<div style=\"width: 205px\" class=\"wp-caption alignright\"><a class=\"open-img EnlargeImage\" title=\"\" href=\"https:\/\/www.greenpeace.org\/static\/planet4-brasil-stateless\/2018\/07\/img201603161824306627006MED.jpg\"><img loading=\"lazy\" decoding=\"async\" id=\"ctl00_cphContentArea_Property3_ctl00_ctl02_Image1\" class=\"Thumbnail\" style=\"border-width: 0px;\" src=\"https:\/\/www.greenpeace.org\/static\/planet4-brasil-stateless\/2018\/07\/img201603161824306627006MED.jpg\" alt=\"\" width=\"195\" height=\"127\" \/><\/a><p class=\"wp-caption-text\">\u00a0Deputada Tereza Cristina (PSB-MS) em audi\u00eancia p\u00fablica no dia 16\/03\/2016 (\u00a9 Alex Ferreira \/ C\u00e2mara dos Deputados)<\/p><\/div>\n<p>Foi instalada hoje (12), na C\u00e2mara dos Deputados, uma <a href=\"http:\/\/www2.camara.leg.br\/atividade-legislativa\/comissoes\/comissoes-temporarias\/especiais\/55a-legislatura\/pl-3200-15-regula-defensivos-fitossanitarios-1\">Comiss\u00e3o Especial<\/a> para analisar e dar parecer ao <a href=\"http:\/\/www.camara.gov.br\/proposicoesWeb\/fichadetramitacao?idProposicao=1996620\">Projeto de Lei (PL) 3200\/2015<\/a>, que disp\u00f5e sobre a regulamenta\u00e7\u00e3o de agrot\u00f3xicos \u2013 convenientemente chamado pelo deputado Covatti Filho (PP\/RS), autor da proposta, de \u201cdefensivos fitossanit\u00e1rios\u201d.<\/p>\n<\/div>\n<\/div>\n<p>Dos vinte e oito membros titulares da Comiss\u00e3o Especial, pelo menos metade comp\u00f5e a bancada ruralista, inclusive a presidente eleita para liderar os trabalhos, Tereza Cristina (PSB\/MS).<\/p>\n<p>Segundo ela, o objetivo \u00e9 desmistificar o que chamam de \u2018defensivos fitossanit\u00e1rios\u2019. \u201c\u00c9 de extrema import\u00e2ncia o uso de defensivos cada vez mais eficientes. Precisamos acelerar o processo de libera\u00e7\u00e3o dessas tecnologias\u201d, defendeu a presidente.<\/p>\n<p>Esse numeroso bloco de parlamentares defende fortemente o uso de veneno nas lavouras, o que traz uma perspectiva de um duro debate para impedir a flexibiliza\u00e7\u00e3o dos agrot\u00f3xicos.<\/p>\n<p>\u201cA proposta \u00e9 um retrocesso. Ruralistas querem fazer com agrot\u00f3xicos aquilo que conseguiram fazer com transg\u00eanicos em 2005: liberar geral. N\u00e3o bastasse o Brasil ser o pa\u00eds que usa a maior quantidade de agrot\u00f3xicos no planeta, querem envenenar ainda mais nossa comida\u201d, defende Rafael Cruz, da Campanha de Agricultura do Greenpeace.<\/p>\n<p>Como relator da Comiss\u00e3o Especial, foi eleito o deputado Luiz Nishimori (PR\/PR). A pr\u00f3xima reuni\u00e3o est\u00e1 agendada para a pr\u00f3xima ter\u00e7a-feira (19), \u00e0s 14h30 na C\u00e2mara dos Deputados.<\/p>\n<h4><strong>Meu passado me condena<\/strong><\/h4>\n<p>No final de agosto do ano passado, uma comunidade ind\u00edgena Guarani-Kaiow\u00e1 foi atacada por cerca de 40 caminhonetes no estado de Mato Grosso do Sul. Trata-se da <a href=\"http:\/\/ti.socioambiental.org\/pt-br\/#!\/pt-br\/terras-indigenas\/3926\">Terra Ind\u00edgena \u00d1ande Ru Marangatu<\/a>, que ap\u00f3s sofrer um ataque organizado por fazendeiros da regi\u00e3o, registrou dezenas de \u00edndios feridos, entre eles crian\u00e7as, e um morto: Simi\u00e3o Vilhalva Guarani foi assassinado com um tiro na cabe\u00e7a.<\/p>\n<p>Segundo o Conselho Indigenista Mission\u00e1rio (CIMI), o conflito foi incitado pela presen\u00e7a de tr\u00eas parlamentares envolvidos: o deputado Luiz Mandetta (DEM\/MS), o senador Waldemir Moka (PMDB\/MS) e a rec\u00e9m-eleita presidente da Comiss\u00e3o Especial sobre Agrot\u00f3xicos, Tereza Cristina.<\/p>\n<p><a href=\"http:\/\/www.cimi.org.br\/site\/pt-br\/index.php?system=news&amp;action=read&amp;id=8345\">Em entrevista<\/a>, o secret\u00e1rio-executivo do CIMI, Cleber Buzatto, afirma que os tr\u00eas pol\u00edticos citados estiveram presentes na reuni\u00e3o que incentivou os produtores rurais a organizar o ataque \u00e0 comunidade ind\u00edgena. \u201cO Mandetta inclusive acompanhou os fazendeiros na ocasi\u00e3o do ataque\u201d, diz Buzatto. Vale lembrar que o deputado Mandetta tamb\u00e9m comp\u00f5e a lista de membros da Comiss\u00e3o Especial, <a href=\"http:\/\/www2.camara.leg.br\/atividade-legislativa\/comissoes\/comissoes-temporarias\/especiais\/55a-legislatura\/pl-3200-15-regula-defensivos-fitossanitarios-1\/conheca-a-comissao\/membros-da-comissao\">que pode ser vista aqui<\/a>.<\/p>\n<\/div>\n","protected":false},"excerpt":{"rendered":"<p>Formada em sua maioria por ruralistas, Comiss\u00e3o Especial regular\u00e1 \u2018defensivos fitossanit\u00e1rios\u2019; segundo CIMI, presidente eleita atuou contra ind\u00edgenas.<\/p>\n","protected":false},"author":28,"featured_media":924,"comment_status":"open","ping_status":"open","sticky":false,"template":"","format":"standard","meta":{"ep_exclude_from_search":false,"p4_og_title":"","p4_og_description":"","p4_og_image":"","p4_og_image_id":"","p4_seo_canonical_url":"","p4_campaign_name":"","p4_local_project":"","p4_basket_name":"","p4_department":"","footnotes":""},"categories":[2],"tags":[18,8],"p4-page-type":[16],"class_list":["post-922","post","type-post","status-publish","format-standard","has-post-thumbnail","hentry","category-transforme-a-sociedade","tag-agroecologia","tag-resista","p4-page-type-blog"],"_links":{"self":[{"href":"https:\/\/www.greenpeace.org\/brasil\/wp-json\/wp\/v2\/posts\/922","targetHints":{"allow":["GET"]}}],"collection":[{"href":"https:\/\/www.greenpeace.org\/brasil\/wp-json\/wp\/v2\/posts"}],"about":[{"href":"https:\/\/www.greenpeace.org\/brasil\/wp-json\/wp\/v2\/types\/post"}],"author":[{"embeddable":true,"href":"https:\/\/www.greenpeace.org\/brasil\/wp-json\/wp\/v2\/users\/28"}],"replies":[{"embeddable":true,"href":"https:\/\/www.greenpeace.org\/brasil\/wp-json\/wp\/v2\/comments?post=922"}],"version-history":[{"count":3,"href":"https:\/\/www.greenpeace.org\/brasil\/wp-json\/wp\/v2\/posts\/922\/revisions"}],"predecessor-version":[{"id":2613,"href":"https:\/\/www.greenpeace.org\/brasil\/wp-json\/wp\/v2\/posts\/922\/revisions\/2613"}],"wp:featuredmedia":[{"embeddable":true,"href":"https:\/\/www.greenpeace.org\/brasil\/wp-json\/wp\/v2\/media\/924"}],"wp:attachment":[{"href":"https:\/\/www.greenpeace.org\/brasil\/wp-json\/wp\/v2\/media?parent=922"}],"wp:term":[{"taxonomy":"category","embeddable":true,"href":"https:\/\/www.greenpeace.org\/brasil\/wp-json\/wp\/v2\/categories?post=922"},{"taxonomy":"post_tag","embeddable":true,"href":"https:\/\/www.greenpeace.org\/brasil\/wp-json\/wp\/v2\/tags?post=922"},{"taxonomy":"p4-page-type","embeddable":true,"href":"https:\/\/www.greenpeace.org\/brasil\/wp-json\/wp\/v2\/p4-page-type?post=922"}],"curies":[{"name":"wp","href":"https:\/\/api.w.org\/{rel}","templated":true}]}}