{"id":9296,"date":"2019-06-11T13:47:29","date_gmt":"2019-06-11T16:47:29","guid":{"rendered":"https:\/\/www.greenpeace.org\/brasil\/?p=9296"},"modified":"2021-12-01T09:32:23","modified_gmt":"2021-12-01T12:32:23","slug":"contagem-regressiva-para-a-extincao","status":"publish","type":"post","link":"https:\/\/www.greenpeace.org\/brasil\/blog\/contagem-regressiva-para-a-extincao\/","title":{"rendered":"Contagem regressiva para a extin\u00e7\u00e3o"},"content":{"rendered":"<h4>Grandes empresas precisam parar agora de lucrar em cima da destrui\u00e7\u00e3o ambiental<\/h4>\n<div id=\"attachment_9299\" style=\"width: 810px\" class=\"wp-caption aligncenter\"><img loading=\"lazy\" decoding=\"async\" aria-describedby=\"caption-attachment-9299\" class=\"size-full wp-image-9299\" src=\"https:\/\/www.greenpeace.org\/static\/planet4-brasil-stateless\/2019\/06\/897cd4f9-gp0sttdou_web_size.jpg\" alt=\"\u00c1rea de cultivo de soja no Condom\u00ednio Estrondo, no oeste da Bahia\" width=\"800\" height=\"533\" srcset=\"https:\/\/www.greenpeace.org\/static\/planet4-brasil-stateless\/2019\/06\/897cd4f9-gp0sttdou_web_size.jpg 800w, https:\/\/www.greenpeace.org\/static\/planet4-brasil-stateless\/2019\/06\/897cd4f9-gp0sttdou_web_size-300x200.jpg 300w, https:\/\/www.greenpeace.org\/static\/planet4-brasil-stateless\/2019\/06\/897cd4f9-gp0sttdou_web_size-768x512.jpg 768w, https:\/\/www.greenpeace.org\/static\/planet4-brasil-stateless\/2019\/06\/897cd4f9-gp0sttdou_web_size-510x340.jpg 510w\" sizes=\"auto, (max-width: 800px) 100vw, 800px\" \/><p id=\"caption-attachment-9299\" class=\"wp-caption-text\">\u00c1rea de cultivo de soja no Condom\u00ednio Estrondo, no oeste da Bahia. Empresas globais continuam comprando gr\u00e3os ligados ao desmatamento do Cerrado. Isso precisa parar!<\/p><\/div>\n<p>Se seguirmos um velho ditado que diz que promessa \u00e9 d\u00edvida, grandes empresas globais est\u00e3o endividadas at\u00e9 o pesco\u00e7o com o planeta.<\/p>\n<p>H\u00e1 quase 10 anos, algumas das maiores companhias aliment\u00edcias do mundo, como Unilever, Nestl\u00e9 e Mondelez, prometeram, at\u00e9 2020, parar de produzir e comercializar produtos ligados ao desmatamento. Entretanto, <strong>nem sequer deram sinais de chegarem perto disso. <\/strong><strong>Elas continuam comprando mat\u00e9rias-primas como soja e gado ligadas \u00e0 destrui\u00e7\u00e3o de nossas florestas, savanas e outros ambientes naturais.<\/strong><\/p>\n<p>O Greenpeace Internacional <a href=\"https:\/\/www.greenpeace.org.br\/hubfs\/sem-floresta-sem-vida\/contagem_regressiva_para_a_extincao_sumario.pdf\" target=\"_blank\" rel=\"noopener noreferrer\">lan\u00e7a um relat\u00f3rio<\/a> hoje que mostra que ao menos 50 milh\u00f5es de hectares de floresta \u2014 o equivalente a uma \u00e1rea quase do tamanho de Minas Gerais \u2014 ter\u00e3o sido destru\u00eddos no mundo para a produ\u00e7\u00e3o de commodities como soja e gado entre 2010 e 2020, per\u00edodo no qual empresas se comprometeram a acabar com o desmatamento em suas cadeias produtivas. Commodities s\u00e3o mat\u00e9rias-primas produzidas em grandes quantidades que possuem baixo n\u00edvel de industrializa\u00e7\u00e3o, sendo comercializadas em grandes volumes globalmente.<\/p>\n<p>Por causa da gan\u00e2ncia dessas grandes corpora\u00e7\u00f5es, o Cerrado, a caixa d\u2019\u00e1gua do Brasil, e a Amaz\u00f4nia est\u00e3o sendo devorados em velocidade alarmante. Esse rastro de destrui\u00e7\u00e3o \u00e9 provocado pela produ\u00e7\u00e3o de soja, algod\u00e3o, milho e outros produtos que ser\u00e3o exportados &#8212; muitos deles usados para ra\u00e7\u00e3o animal mundo afora &#8211;, acabando com a nossa rica biodiversidade e amea\u00e7ando as comunidades tradicionais que vivem nessas regi\u00f5es.<\/p>\n<p>Os dados s\u00e3o estarrecedores: desde 2010, a produ\u00e7\u00e3o e o consumo de commodities agr\u00edcolas ligadas ao desmatamento, como gado, soja, \u00f3leo de palma, borracha e cacau, vem aumentando vertiginosamente. <strong>Oitenta por cento do desmatamento global \u00e9 resultado direto da produ\u00e7\u00e3o agr\u00edcola<\/strong>. No Brasil, entre 2010 e 2017, as fazendas de soja e gado eliminaram quase cinco milh\u00f5es de hectares do Cerrado.<\/p>\n<p><img loading=\"lazy\" decoding=\"async\" class=\"aligncenter size-full wp-image-9298\" src=\"https:\/\/www.greenpeace.org\/static\/planet4-brasil-stateless\/2019\/06\/de238e2d-3-macros-para-email-600x300px_sem-floresta-fase-3_1.png\" alt=\"\" width=\"600\" height=\"300\" srcset=\"https:\/\/www.greenpeace.org\/static\/planet4-brasil-stateless\/2019\/06\/de238e2d-3-macros-para-email-600x300px_sem-floresta-fase-3_1.png 600w, https:\/\/www.greenpeace.org\/static\/planet4-brasil-stateless\/2019\/06\/de238e2d-3-macros-para-email-600x300px_sem-floresta-fase-3_1-300x150.png 300w, https:\/\/www.greenpeace.org\/static\/planet4-brasil-stateless\/2019\/06\/de238e2d-3-macros-para-email-600x300px_sem-floresta-fase-3_1-510x255.png 510w\" sizes=\"auto, (max-width: 600px) 100vw, 600px\" \/><\/p>\n<p><strong>Empresas: mudem ou desapare\u00e7am<\/strong><\/p>\n<p>No in\u00edcio de 2019, o Greenpeace escreveu para mais de 50 empresas pedindo que apresentassem seu progresso para acabar com o desmatamento, divulgando seus fornecedores de commodities. Das poucas que disponibilizaram a informa\u00e7\u00e3o, todas recebiam mat\u00e9ria-prima de <strong>Bunge e Cargill<\/strong>, entre outras comercializadoras de gr\u00e3os que, embora fa\u00e7am parte da morat\u00f3ria da soja na Amaz\u00f4nia, ainda resistem em zerar a compra de gr\u00e3os relacionada \u00e0 convers\u00e3o de vegeta\u00e7\u00e3o nativa no Cerrado, a savana mais rica em biodiversidade do mundo.<\/p>\n<p>\u201cEssas dezenas de empresas est\u00e3o roubando nosso futuro ao contribuir decisivamente para um colapso clim\u00e1tico e ecol\u00f3gico. Elas desperdi\u00e7aram uma d\u00e9cada sem a\u00e7\u00f5es firmes para honrar a promessa que muitas delas fizeram de tirar o desmatamento de suas cadeias de produ\u00e7\u00e3o em 2009. Deveriam estar completamente dedicadas em resolver a crise, mas, em vez disso, est\u00e3o tentando ganhar ainda mais tempo\u201d, afirma R\u00f4mulo Batista, da Campanha da Amaz\u00f4nia do Greenpeace Brasil. \u201cAssim, aumentam ainda mais a demanda por produtos que impulsionam a destrui\u00e7\u00e3o de florestas e outros ecossistemas. As empresas precisam mudar. Sen\u00e3o, v\u00e3o desaparecer\u201d.<\/p>\n<p>Estamos cansados de promessas n\u00e3o cumpridas, que est\u00e3o levando nosso planeta a uma cat\u00e1strofe clim\u00e1tica e ecol\u00f3gica como nunca antes vimos. <strong>Cerca de um milh\u00e3o de esp\u00e9cies no mundo correm risco de extin\u00e7\u00e3o.<\/strong> Sabemos que \u00e9 poss\u00edvel produzir alimentos sem destruir o meio ambiente e amea\u00e7ar as pessoas. Por isso, exigimos que as empresas fa\u00e7am sua parte para que o desmatamento no Cerrado, na Amaz\u00f4nia e em outros ambientes naturais do nosso pa\u00eds pare j\u00e1!<\/p>\n<p>As empresas precisam segurar a linha do desmatamento, antes que ela passe por cima de tudo o que temos de mais precioso. Ajude a pression\u00e1-las para que:<\/p>\n<ul>\n<li>parem de lucrar com a destrui\u00e7\u00e3o ambiental imediatamente e se comprometam a proteger o Cerrado, a Amaz\u00f4nia e outros ambientes naturais;<\/li>\n<li>coloquem em pr\u00e1tica o compromisso firmado h\u00e1 anos de n\u00e3o comprarem soja, gado e outras mat\u00e9rias-primas oriundas do desmatamento.<\/li>\n<\/ul>\n<p>Junte-se a n\u00f3s para proteger nossas florestas.<\/p>\n<p><!--HubSpot Call-to-Action Code --><span id=\"hs-cta-wrapper-1b26419a-6a65-490f-8457-cc4916abaa62\" class=\"hs-cta-wrapper\"><span id=\"hs-cta-1b26419a-6a65-490f-8457-cc4916abaa62\" class=\"hs-cta-node hs-cta-1b26419a-6a65-490f-8457-cc4916abaa62\"><!-- [if lte IE 8]>\n\n\n<div id=\"hs-cta-ie-element\"><\/div>\n\n\n<![endif]--><a href=\"https:\/\/cta-redirect.hubspot.com\/cta\/redirect\/537105\/1b26419a-6a65-490f-8457-cc4916abaa62\"><img decoding=\"async\" id=\"hs-cta-img-1b26419a-6a65-490f-8457-cc4916abaa62\" class=\"hs-cta-img\" style=\"border-width: 0px;\" src=\"https:\/\/no-cache.hubspot.com\/cta\/default\/537105\/1b26419a-6a65-490f-8457-cc4916abaa62.png\" alt=\"Participe do abaixo-assinado\" \/><\/a><\/span><script charset=\"utf-8\" src=\"https:\/\/js.hscta.net\/cta\/current.js\"><\/script><\/span><\/p>\n<p><!-- end HubSpot Call-to-Action Code -->Acesse o relat\u00f3rio <a href=\"https:\/\/www.greenpeace.org.br\/hubfs\/sem-floresta-sem-vida\/contagem_regressiva_para_a_extincao_sumario.pdf\" target=\"_blank\" rel=\"noopener noreferrer\"><em>Contagem Regressiva para a Extin\u00e7\u00e3o<\/em><\/a><\/p>\n<p>#SegureALinha #DesmatamentoZero #SemFlorestaSemVida<\/p>\n<div class=\"EmptyMessage\">Block content is empty. Check the block&#8217;s settings or remove it.<\/div>","protected":false},"excerpt":{"rendered":"<p>Grandes empresas precisam parar agora de lucrar em cima da destrui\u00e7\u00e3o ambiental<\/p>\n","protected":false},"author":19,"featured_media":9299,"comment_status":"open","ping_status":"closed","sticky":false,"template":"","format":"standard","meta":{"ep_exclude_from_search":false,"p4_og_title":"","p4_og_description":"","p4_og_image":"","p4_og_image_id":"","p4_seo_canonical_url":"","p4_campaign_name":"","p4_local_project":"","p4_basket_name":"","p4_department":"","footnotes":""},"categories":[3],"tags":[6,22,26],"p4-page-type":[16],"class_list":["post-9296","post","type-post","status-publish","format-standard","has-post-thumbnail","hentry","category-proteja-a-natureza","tag-clima","tag-florestas","tag-biodiversidade","p4-page-type-blog"],"_links":{"self":[{"href":"https:\/\/www.greenpeace.org\/brasil\/wp-json\/wp\/v2\/posts\/9296","targetHints":{"allow":["GET"]}}],"collection":[{"href":"https:\/\/www.greenpeace.org\/brasil\/wp-json\/wp\/v2\/posts"}],"about":[{"href":"https:\/\/www.greenpeace.org\/brasil\/wp-json\/wp\/v2\/types\/post"}],"author":[{"embeddable":true,"href":"https:\/\/www.greenpeace.org\/brasil\/wp-json\/wp\/v2\/users\/19"}],"replies":[{"embeddable":true,"href":"https:\/\/www.greenpeace.org\/brasil\/wp-json\/wp\/v2\/comments?post=9296"}],"version-history":[{"count":12,"href":"https:\/\/www.greenpeace.org\/brasil\/wp-json\/wp\/v2\/posts\/9296\/revisions"}],"predecessor-version":[{"id":35418,"href":"https:\/\/www.greenpeace.org\/brasil\/wp-json\/wp\/v2\/posts\/9296\/revisions\/35418"}],"wp:featuredmedia":[{"embeddable":true,"href":"https:\/\/www.greenpeace.org\/brasil\/wp-json\/wp\/v2\/media\/9299"}],"wp:attachment":[{"href":"https:\/\/www.greenpeace.org\/brasil\/wp-json\/wp\/v2\/media?parent=9296"}],"wp:term":[{"taxonomy":"category","embeddable":true,"href":"https:\/\/www.greenpeace.org\/brasil\/wp-json\/wp\/v2\/categories?post=9296"},{"taxonomy":"post_tag","embeddable":true,"href":"https:\/\/www.greenpeace.org\/brasil\/wp-json\/wp\/v2\/tags?post=9296"},{"taxonomy":"p4-page-type","embeddable":true,"href":"https:\/\/www.greenpeace.org\/brasil\/wp-json\/wp\/v2\/p4-page-type?post=9296"}],"curies":[{"name":"wp","href":"https:\/\/api.w.org\/{rel}","templated":true}]}}