{"id":9349,"date":"2019-06-13T10:39:32","date_gmt":"2019-06-13T13:39:32","guid":{"rendered":"https:\/\/www.greenpeace.org\/brasil\/?p=9349"},"modified":"2023-08-23T00:06:34","modified_gmt":"2023-08-23T03:06:34","slug":"desde-de-domingo-ativistas-do-greenpeace-protestam-em-plataforma-petrolifera-da-bp-na-escocia","status":"publish","type":"post","link":"https:\/\/www.greenpeace.org\/brasil\/blog\/desde-de-domingo-ativistas-do-greenpeace-protestam-em-plataforma-petrolifera-da-bp-na-escocia\/","title":{"rendered":"Desde domingo, ativistas do Greenpeace protestam em plataforma petrol\u00edfera da BP na Esc\u00f3cia"},"content":{"rendered":"<h4>Petroleira BP consegue ordem judicial contra protesto pac\u00edfico do Greenpeace na Esc\u00f3cia, mas ativistas resistem h\u00e1 mais de 70 horas e dizem que n\u00e3o deixar\u00e3o a empresa silenciar um protesto pac\u00edfico<\/h4>\n<div id=\"attachment_9352\" style=\"width: 1034px\" class=\"wp-caption alignnone\"><img loading=\"lazy\" decoding=\"async\" aria-describedby=\"caption-attachment-9352\" src=\"https:\/\/www.greenpeace.org\/static\/planet4-brasil-stateless\/2019\/06\/8c611147-gp0sttg41-1024x683.jpg\" alt=\"Greenpeace Climbers on BP Oil Rig Scotland. \u00a9 Greenpeace\" width=\"1024\" height=\"683\" class=\"size-large wp-image-9352\" srcset=\"https:\/\/www.greenpeace.org\/static\/planet4-brasil-stateless\/2019\/06\/8c611147-gp0sttg41-1024x683.jpg 1024w, https:\/\/www.greenpeace.org\/static\/planet4-brasil-stateless\/2019\/06\/8c611147-gp0sttg41-300x200.jpg 300w, https:\/\/www.greenpeace.org\/static\/planet4-brasil-stateless\/2019\/06\/8c611147-gp0sttg41-768x512.jpg 768w, https:\/\/www.greenpeace.org\/static\/planet4-brasil-stateless\/2019\/06\/8c611147-gp0sttg41-510x340.jpg 510w, https:\/\/www.greenpeace.org\/static\/planet4-brasil-stateless\/2019\/06\/8c611147-gp0sttg41.jpg 1200w\" sizes=\"auto, (max-width: 1024px) 100vw, 1024px\" \/><p id=\"caption-attachment-9352\" class=\"wp-caption-text\">Ativistas escalaram a plataforma de petr\u00f3leo da BP e abriram um banner com os dizeres &#8220;Emerg\u00eancia clim\u00e1tica&#8221;<\/p><\/div>\n<p>A <a href=\"https:\/\/www.greenpeace.org\/brasil\/blog\/ativistas-do-greenpeace-escalam-plataforma-petrolifera-da-bp-na-escocia\/\">equipe de ativistas do Greenpeace<\/a> que escalou no domingo uma plataforma de petr\u00f3leo da BP na Esc\u00f3cia segue firme e forte no local. O Greenpeace exige que a BP acabe imediatamente com a perfura\u00e7\u00e3o de novos po\u00e7os &#8211; como o que est\u00e1 pr\u00f3ximo aos Corais da Amaz\u00f4nia, no Brasil &#8211; e mude para investir apenas em energias renov\u00e1veis. <\/p>\n<p>N\u00f3s sabemos que n\u00e3o podemos queimar todo o petr\u00f3leo que j\u00e1 temos se quisermos limitar os impactos catastr\u00f3ficos das mudan\u00e7as clim\u00e1ticas, mas a BP parece que n\u00e3o. A empresa mant\u00e9m seu desejo de explorar mais e expandir sua produ\u00e7\u00e3o de petr\u00f3leo e g\u00e1s.<\/p>\n<p>A BP conseguiu uma liminar contra o protesto pac\u00edfico do Greenpeace exigindo que os ativistas parem com o protesto, mas os ativistas deixaram claro que continuar\u00e3o l\u00e1. \u201cEm um momento no qual o planeta vive (ou tenta sobreviver a) uma emerg\u00eancia clim\u00e1tica, a BP n\u00e3o v\u00ea problemas em fazer lobby contra pol\u00edticas voltadas para o combate \u00e0s mudan\u00e7as clim\u00e1ticas e ainda vai \u00e0 justi\u00e7a contra quem a desafia. Isso \u00e9 mais uma mostra do descaso da BP e sua disposi\u00e7\u00e3o em explorar petr\u00f3leo a qualquer custo, mesmo em \u00e1reas sens\u00edveis do ponto de vista socioambiental, seja no Mar do Norte, seja na bacia da Foz do Amazonas\u201d, afirma Thiago Almeida, porta-voz da campanha Corais da Amaz\u00f4nia.<\/p>\n<div class=\"EmptyMessage\">Block content is empty. Check the block&#8217;s settings or remove it.<\/div>","protected":false},"excerpt":{"rendered":"<p>Petroleira BP consegue ordem judicial contra protesto pac\u00edfico do Greenpeace na Esc\u00f3cia, mas ativistas resistem h\u00e1 mais de 70 horas e dizem que n\u00e3o deixar\u00e3o a empresa silenciar um protesto pac\u00edfico<\/p>\n","protected":false},"author":28,"featured_media":9352,"comment_status":"open","ping_status":"closed","sticky":false,"template":"","format":"standard","meta":{"ep_exclude_from_search":false,"p4_og_title":"","p4_og_description":"","p4_og_image":"","p4_og_image_id":"","p4_seo_canonical_url":"","p4_campaign_name":"","p4_local_project":"","p4_basket_name":"","p4_department":"","footnotes":""},"categories":[4,64],"tags":[27],"p4-page-type":[16],"class_list":["post-9349","post","type-post","status-publish","format-standard","has-post-thumbnail","hentry","category-ativismo","category-oceanos","tag-oceanos","p4-page-type-blog"],"_links":{"self":[{"href":"https:\/\/www.greenpeace.org\/brasil\/wp-json\/wp\/v2\/posts\/9349","targetHints":{"allow":["GET"]}}],"collection":[{"href":"https:\/\/www.greenpeace.org\/brasil\/wp-json\/wp\/v2\/posts"}],"about":[{"href":"https:\/\/www.greenpeace.org\/brasil\/wp-json\/wp\/v2\/types\/post"}],"author":[{"embeddable":true,"href":"https:\/\/www.greenpeace.org\/brasil\/wp-json\/wp\/v2\/users\/28"}],"replies":[{"embeddable":true,"href":"https:\/\/www.greenpeace.org\/brasil\/wp-json\/wp\/v2\/comments?post=9349"}],"version-history":[{"count":4,"href":"https:\/\/www.greenpeace.org\/brasil\/wp-json\/wp\/v2\/posts\/9349\/revisions"}],"predecessor-version":[{"id":35416,"href":"https:\/\/www.greenpeace.org\/brasil\/wp-json\/wp\/v2\/posts\/9349\/revisions\/35416"}],"wp:featuredmedia":[{"embeddable":true,"href":"https:\/\/www.greenpeace.org\/brasil\/wp-json\/wp\/v2\/media\/9352"}],"wp:attachment":[{"href":"https:\/\/www.greenpeace.org\/brasil\/wp-json\/wp\/v2\/media?parent=9349"}],"wp:term":[{"taxonomy":"category","embeddable":true,"href":"https:\/\/www.greenpeace.org\/brasil\/wp-json\/wp\/v2\/categories?post=9349"},{"taxonomy":"post_tag","embeddable":true,"href":"https:\/\/www.greenpeace.org\/brasil\/wp-json\/wp\/v2\/tags?post=9349"},{"taxonomy":"p4-page-type","embeddable":true,"href":"https:\/\/www.greenpeace.org\/brasil\/wp-json\/wp\/v2\/p4-page-type?post=9349"}],"curies":[{"name":"wp","href":"https:\/\/api.w.org\/{rel}","templated":true}]}}