{"id":953,"date":"2016-08-19T00:00:00","date_gmt":"2016-08-19T00:00:00","guid":{"rendered":"https:\/\/www.greenpeace.org\/brasil\/blog\/as-baleias-nao-podem-mais-esperar\/"},"modified":"2023-08-23T00:08:32","modified_gmt":"2023-08-23T03:08:32","slug":"as-baleias-nao-podem-mais-esperar","status":"publish","type":"post","link":"https:\/\/www.greenpeace.org\/brasil\/blog\/as-baleias-nao-podem-mais-esperar\/","title":{"rendered":"As baleias n\u00e3o podem mais esperar"},"content":{"rendered":"<h4 class=\"leader\"><em>O Brasil lan\u00e7a uma grande campanha pela cria\u00e7\u00e3o do Santu\u00e1rio de Baleias do Atl\u00e2ntico Sul, em outubro<\/em><\/h4>\n<div>\n<div class=\"events-box middle-box left\">\n<div class=\"frame\">\n<div style=\"width: 280px\" class=\"wp-caption alignnone\"><a class=\"open-img EnlargeImage\" title=\"\" href=\"https:\/\/www.greenpeace.org\/static\/planet4-brasil-stateless\/2018\/07\/Logo_baleia-01.jpg\"><img loading=\"lazy\" decoding=\"async\" id=\"ctl00_cphContentArea_Property3_ctl00_ctl02_Image1\" class=\"Thumbnail\" style=\"border-width: 0px;\" src=\"https:\/\/www.greenpeace.org\/static\/planet4-brasil-stateless\/2018\/07\/Logo_baleia-01.jpg\" alt=\"\" width=\"270\" height=\"254\" \/><\/a><p class=\"wp-caption-text\">Divulga\u00e7\u00e3o MMA<\/p><\/div>\n<p>Com os olhos do mundo voltados para o Brasil por conta da Olimp\u00edada, o Minist\u00e9rio do Meio Ambiente lan\u00e7ou nesta quinta-feira (18\/8) a campanha \u201cSantu\u00e1rio de Baleias do Atl\u00e2ntico Sul: #santuarioeuapoio\u201d, para angariar for\u00e7a e pressionar a Comiss\u00e3o Internacional Baleeira (CIB) a aprovar a cria\u00e7\u00e3o de uma \u00e1rea de prote\u00e7\u00e3o na regi\u00e3o, algo que n\u00f3s, do Greenpeace, tamb\u00e9m defendemos e apoiamos.<\/p>\n<\/div>\n<\/div>\n<p>A reivindica\u00e7\u00e3o \u00e9 antiga. Desde 1998, cientistas, diplomatas e ambientalistas v\u00eam insistindo nesta medida para proteger pelo menos 51 esp\u00e9cies de cet\u00e1ceos que habitam essas \u00e1guas, entre elas seis baleias migrat\u00f3rias amea\u00e7adas de extin\u00e7\u00e3o. A medida, no entanto, sempre sofreu oposi\u00e7\u00e3o de alguns pa\u00edses conhecidos pela ca\u00e7a desses animais, como Jap\u00e3o e Noruega.<\/p>\n<p>Agora, Brasil, Uruguai, Argentina, \u00c1frica do Sul e Gab\u00e3o, com apoio de outros pa\u00edses-membros da Comiss\u00e3o, submeteram novamente a proposta, atualizada com todas as recomenda\u00e7\u00f5es do Comit\u00ea Cientifico da CIB, para que seja finalmente aprovada na pr\u00f3xima reuni\u00e3o da entidade, que ocorrer\u00e1 de 20 a 28 de outubro em Portoroz, na Eslov\u00eania.<\/p>\n<p>Para ter ideia do quanto isso \u00e9 importante, apenas no s\u00e9culo 20 cerca de 2.9 \u2028milh\u00f5es de baleias\u2028 foram ca\u00e7adas no mundo. Cerca de 71% de todas essas mortes ocorreram no hemisf\u00e9rio sul. As baleias fin, cachalote, azul, sei, franca e minke foram, de longe, as esp\u00e9cies mais ca\u00e7adas nos oceanos Atl\u00e2ntico Sul e Austral. Hoje, todas elas s\u00e3o consideradas amea\u00e7adas.<\/p>\n<p>Mesmo com a morat\u00f3ria que proibiu a ca\u00e7a comercial em 1985, as popula\u00e7\u00f5es de baleias e outros cet\u00e1ceos v\u00eam diminu\u00edndo por outras atividades humanas, como captura incidental, polui\u00e7\u00e3o sonora, colis\u00e3o com navios, lixo marinho, emalhe e a mudan\u00e7a do clima. Para estimular e acompanhar a recupera\u00e7\u00e3o dessas popula\u00e7\u00f5es, a cria\u00e7\u00e3o do santu\u00e1rio permitir\u00e1 apenas a\u00e7\u00f5es de conserva\u00e7\u00e3o e pesquisa cient\u00edfica n\u00e3o extrativa e nao letal das baleias. Isso \u00e9 importante para evitar a ca\u00e7a ilegal disfar\u00e7ada de pesquisa como acontece hoje.<\/p>\n<h4 style=\"text-align: center;\">Para saber mais sobre esta campanha, fique ligado em nossas redes sociais e neste espa\u00e7o.<\/h4>\n<\/div>\n","protected":false},"excerpt":{"rendered":"<p>O Brasil lan\u00e7a uma grande campanha pela cria\u00e7\u00e3o do Santu\u00e1rio de Baleias do Atl\u00e2ntico Sul, em outubro.<\/p>\n","protected":false},"author":28,"featured_media":955,"comment_status":"open","ping_status":"open","sticky":false,"template":"","format":"standard","meta":{"ep_exclude_from_search":false,"p4_og_title":"","p4_og_description":"","p4_og_image":"","p4_og_image_id":"","p4_seo_canonical_url":"","p4_campaign_name":"","p4_local_project":"","p4_basket_name":"","p4_department":"","footnotes":""},"categories":[64,3],"tags":[27,26],"p4-page-type":[16],"class_list":["post-953","post","type-post","status-publish","format-standard","has-post-thumbnail","hentry","category-oceanos","category-proteja-a-natureza","tag-oceanos","tag-biodiversidade","p4-page-type-blog"],"_links":{"self":[{"href":"https:\/\/www.greenpeace.org\/brasil\/wp-json\/wp\/v2\/posts\/953","targetHints":{"allow":["GET"]}}],"collection":[{"href":"https:\/\/www.greenpeace.org\/brasil\/wp-json\/wp\/v2\/posts"}],"about":[{"href":"https:\/\/www.greenpeace.org\/brasil\/wp-json\/wp\/v2\/types\/post"}],"author":[{"embeddable":true,"href":"https:\/\/www.greenpeace.org\/brasil\/wp-json\/wp\/v2\/users\/28"}],"replies":[{"embeddable":true,"href":"https:\/\/www.greenpeace.org\/brasil\/wp-json\/wp\/v2\/comments?post=953"}],"version-history":[{"count":2,"href":"https:\/\/www.greenpeace.org\/brasil\/wp-json\/wp\/v2\/posts\/953\/revisions"}],"predecessor-version":[{"id":2575,"href":"https:\/\/www.greenpeace.org\/brasil\/wp-json\/wp\/v2\/posts\/953\/revisions\/2575"}],"wp:featuredmedia":[{"embeddable":true,"href":"https:\/\/www.greenpeace.org\/brasil\/wp-json\/wp\/v2\/media\/955"}],"wp:attachment":[{"href":"https:\/\/www.greenpeace.org\/brasil\/wp-json\/wp\/v2\/media?parent=953"}],"wp:term":[{"taxonomy":"category","embeddable":true,"href":"https:\/\/www.greenpeace.org\/brasil\/wp-json\/wp\/v2\/categories?post=953"},{"taxonomy":"post_tag","embeddable":true,"href":"https:\/\/www.greenpeace.org\/brasil\/wp-json\/wp\/v2\/tags?post=953"},{"taxonomy":"p4-page-type","embeddable":true,"href":"https:\/\/www.greenpeace.org\/brasil\/wp-json\/wp\/v2\/p4-page-type?post=953"}],"curies":[{"name":"wp","href":"https:\/\/api.w.org\/{rel}","templated":true}]}}