{"id":9941,"date":"2019-07-11T15:35:10","date_gmt":"2019-07-11T18:35:10","guid":{"rendered":"https:\/\/www.greenpeace.org\/brasil\/?p=9941"},"modified":"2025-07-02T04:35:19","modified_gmt":"2025-07-02T07:35:19","slug":"ao-contrario-do-que-diz-salles-o-desmatamento-da-amazonia-nao-e-insignificante","status":"publish","type":"post","link":"https:\/\/www.greenpeace.org\/brasil\/blog\/ao-contrario-do-que-diz-salles-o-desmatamento-da-amazonia-nao-e-insignificante\/","title":{"rendered":"Ao contr\u00e1rio do que diz Salles, o desmatamento da Amaz\u00f4nia n\u00e3o \u00e9 insignificante"},"content":{"rendered":"<h4><span style=\"font-weight: 400;\"><strong>Quando o ministro do Meio Ambiente, Ricardo Salles, fala que os 8 mil km2 de Amaz\u00f4nia que foram desmatados \u00e9 insignificante, ele ignora os quase 20% da floresta que j\u00e1 perdemos<\/strong>\u00a0<\/span><span style=\"font-weight: 400;\"><br \/>\n<\/span><\/h4>\n<div id=\"attachment_9943\" style=\"width: 1034px\" class=\"wp-caption alignnone\"><img loading=\"lazy\" decoding=\"async\" aria-describedby=\"caption-attachment-9943\" class=\"size-large wp-image-9943\" src=\"https:\/\/www.greenpeace.org\/static\/planet4-brasil-stateless\/2019\/07\/c9d95eda-gp04x3t-1024x684.jpg\" alt=\"Floresta amaz\u00f4nica com \u00e1rea de desmatamento\" width=\"1024\" height=\"684\" srcset=\"https:\/\/www.greenpeace.org\/static\/planet4-brasil-stateless\/2019\/07\/c9d95eda-gp04x3t-1024x684.jpg 1024w, https:\/\/www.greenpeace.org\/static\/planet4-brasil-stateless\/2019\/07\/c9d95eda-gp04x3t-300x200.jpg 300w, https:\/\/www.greenpeace.org\/static\/planet4-brasil-stateless\/2019\/07\/c9d95eda-gp04x3t-768x513.jpg 768w, https:\/\/www.greenpeace.org\/static\/planet4-brasil-stateless\/2019\/07\/c9d95eda-gp04x3t-510x340.jpg 510w, https:\/\/www.greenpeace.org\/static\/planet4-brasil-stateless\/2019\/07\/c9d95eda-gp04x3t.jpg 1200w\" sizes=\"auto, (max-width: 1024px) 100vw, 1024px\" \/><p id=\"caption-attachment-9943\" class=\"wp-caption-text\">\u00c1rea de extra\u00e7\u00e3o de madeira no estado do Par\u00e1.<\/p><\/div>\n<p><span style=\"font-weight: 400;\">No dia 3 de julho, em entrevista ao canal GloboNews, o Ministro do Meio Ambiente, Ricardo Salles, deu um show. E foi de m\u00e1gica. Em quase uma hora e meia de sabatina, Salles desfilou n\u00fameros e conceitos inexistentes para enganar o p\u00fablico espectador, tentando assim justificar a injustific\u00e1vel agenda antiambiental que o governo implementa no pa\u00eds (<\/span><a href=\"https:\/\/www.greenpeace.org.br\/hubfs\/Imprensa-2019\/6meses_GovernoBolsonaro_meioambiente.pdf?_ga=2.164367547.588745958.1562865107-2065657780.1543326068\" target=\"_blank\" rel=\"noopener noreferrer\"><i><span style=\"font-weight: 400;\">acesse aqui a tabela com a lista de retrocessos do governo<\/span><\/i><\/a><span style=\"font-weight: 400;\">)<\/span><\/p>\n<p><span style=\"font-weight: 400;\">No auge de sua surreal participa\u00e7\u00e3o, o ministro chegou a dizer que os quase 8 mil km2 de desmatamento ocorridos na Amaz\u00f4nia entre 2017 e 2018 eram insignificantes e beiravam o zero. Para chegar a tal racioc\u00ednio, o genial ministro calculou o n\u00famero do desmatamento pelo tamanho total da Amaz\u00f4nia, e ent\u00e3o criou o seu conceito de insignific\u00e2ncia das atuais taxas de destrui\u00e7\u00e3o da floresta.\u00a0<\/span><\/p>\n<p><span style=\"font-weight: 400;\">Utilizando o mesmo racioc\u00ednio do ministro, poder\u00edamos tamb\u00e9m dizer que n\u00e3o existem homic\u00eddios no Brasil, visto que se comparados com o tamanho total da popula\u00e7\u00e3o (63 mil homic\u00eddios para cerca de 200 milh\u00f5es de brasileiros), aqueles que foram mortos representam percentual pr\u00f3ximo de zero. Um absurdo!\u00a0<\/span><\/p>\n<p><span style=\"font-weight: 400;\">Ainda na esteira da matem\u00e1tica criativa de Salles, se por acaso voc\u00ea tiver um empr\u00e9stimo de aproximadamente R$ 10 mil com algum dos maiores bancos em funcionamento no pa\u00eds, poderia se aproveitar e tentar alguma vantagem financeira. Basta calcular o valor percentual de sua d\u00edvida de acordo com o patrim\u00f4nio do seu banco. O resultado seria provavelmente um valor irris\u00f3rio. Pela l\u00f3gica do ministro, sua d\u00edvida estaria zerada.<\/span><\/p>\n<p><span style=\"font-weight: 400;\">Apesar das inconsequentes declara\u00e7\u00f5es, a Amaz\u00f4nia brasileira corre s\u00e9rio risco. Cerca de 20% da floresta j\u00e1 foi desmatada ao longo da hist\u00f3ria e, apenas no per\u00edodo passado (faixa de tempo usada pelo ministro para fazer o tal c\u00e1lculo), cerca de 1 bilh\u00e3o de \u00e1rvores foram derrubadas, uma \u00e1rea equivalente a mais de 5 vezes o tamanho da cidade de S\u00e3o Paulo. Quase tudo, de forma ilegal.<\/span><\/p>\n<p><span style=\"font-weight: 400;\">Estas e outras realidades paralelas criadas pelo Ministro de meio ambiente durante a <\/span><a href=\"http:\/\/www.observatoriodoclima.eco.br\/agromitometro-ricardo-salles-na-globonews\/\" target=\"_blank\" rel=\"noopener noreferrer\"><span style=\"font-weight: 400;\">entrevista foram analisadas pelo Observat\u00f3rio do Clima <\/span><\/a><span style=\"font-weight: 400;\">e ainda <\/span><a href=\"https:\/\/blogs.oglobo.globo.com\/miriam-leitao\/post\/salles-em-conflito-com-dados-e-fatos.html\" target=\"_blank\" rel=\"noopener noreferrer\"><span style=\"font-weight: 400;\">pela jornalista Miriam Leit\u00e3o.<\/span><\/a><\/p>\n<p><span style=\"font-weight: 400;\">Apenas como refer\u00eancia, vale lembrar que Salles foi condenado pela justi\u00e7a de S\u00e3o Paulo por fraude ambiental quando exerceu o cargo de secret\u00e1rio de Meio Ambiente da Gest\u00e3o de Geraldo Alckmin no Estado. Nada mais revelador.\u00a0\u00a0<\/span><\/p>\n","protected":false},"excerpt":{"rendered":"<p>Quando o ministro do Meio Ambiente, Ricardo Salles, fala que os 8 mil km2 de Amaz\u00f4nia que foi desmatada \u00e9 insignificante, ele ignora os quase 20% da floresta que j\u00e1 perdemos<\/p>\n","protected":false},"author":25,"featured_media":9943,"comment_status":"open","ping_status":"closed","sticky":false,"template":"","format":"standard","meta":{"ep_exclude_from_search":false,"p4_og_title":"","p4_og_description":"","p4_og_image":"","p4_og_image_id":"","p4_seo_canonical_url":"","p4_campaign_name":"","p4_local_project":"","p4_basket_name":"","p4_department":"","footnotes":""},"categories":[2],"tags":[8],"p4-page-type":[16],"class_list":["post-9941","post","type-post","status-publish","format-standard","has-post-thumbnail","hentry","category-transforme-a-sociedade","tag-resista","p4-page-type-blog"],"_links":{"self":[{"href":"https:\/\/www.greenpeace.org\/brasil\/wp-json\/wp\/v2\/posts\/9941","targetHints":{"allow":["GET"]}}],"collection":[{"href":"https:\/\/www.greenpeace.org\/brasil\/wp-json\/wp\/v2\/posts"}],"about":[{"href":"https:\/\/www.greenpeace.org\/brasil\/wp-json\/wp\/v2\/types\/post"}],"author":[{"embeddable":true,"href":"https:\/\/www.greenpeace.org\/brasil\/wp-json\/wp\/v2\/users\/25"}],"replies":[{"embeddable":true,"href":"https:\/\/www.greenpeace.org\/brasil\/wp-json\/wp\/v2\/comments?post=9941"}],"version-history":[{"count":10,"href":"https:\/\/www.greenpeace.org\/brasil\/wp-json\/wp\/v2\/posts\/9941\/revisions"}],"predecessor-version":[{"id":58754,"href":"https:\/\/www.greenpeace.org\/brasil\/wp-json\/wp\/v2\/posts\/9941\/revisions\/58754"}],"wp:featuredmedia":[{"embeddable":true,"href":"https:\/\/www.greenpeace.org\/brasil\/wp-json\/wp\/v2\/media\/9943"}],"wp:attachment":[{"href":"https:\/\/www.greenpeace.org\/brasil\/wp-json\/wp\/v2\/media?parent=9941"}],"wp:term":[{"taxonomy":"category","embeddable":true,"href":"https:\/\/www.greenpeace.org\/brasil\/wp-json\/wp\/v2\/categories?post=9941"},{"taxonomy":"post_tag","embeddable":true,"href":"https:\/\/www.greenpeace.org\/brasil\/wp-json\/wp\/v2\/tags?post=9941"},{"taxonomy":"p4-page-type","embeddable":true,"href":"https:\/\/www.greenpeace.org\/brasil\/wp-json\/wp\/v2\/p4-page-type?post=9941"}],"curies":[{"name":"wp","href":"https:\/\/api.w.org\/{rel}","templated":true}]}}