{"id":62,"count":62,"description":"","link":"https:\/\/www.greenpeace.org\/brasil\/tag\/adaptacao-climatica\/","name":"Adapta\u00e7\u00e3o Clim\u00e1tica","slug":"adaptacao-climatica","taxonomy":"post_tag","meta":[],"_links":{"self":[{"href":"https:\/\/www.greenpeace.org\/brasil\/wp-json\/wp\/v2\/tags\/62","targetHints":{"allow":["GET"]}}],"collection":[{"href":"https:\/\/www.greenpeace.org\/brasil\/wp-json\/wp\/v2\/tags"}],"about":[{"href":"https:\/\/www.greenpeace.org\/brasil\/wp-json\/wp\/v2\/taxonomies\/post_tag"}],"wp:post_type":[{"href":"https:\/\/www.greenpeace.org\/brasil\/wp-json\/wp\/v2\/posts?tags=62"},{"href":"https:\/\/www.greenpeace.org\/brasil\/wp-json\/wp\/v2\/pages?tags=62"},{"href":"https:\/\/www.greenpeace.org\/brasil\/wp-json\/wp\/v2\/p4_action?tags=62"}],"curies":[{"name":"wp","href":"https:\/\/api.w.org\/{rel}","templated":true}]}}