{"id":134,"name":"Ana Clis Ferreira","url":"","description":"Porta-voz da frente de Desmatamento Zero do Greenpeace Brasil, ativista socioambiental e p\u00f3s-graduanda em Gest\u00e3o de Projetos pela Esalq-USP e Educa\u00e7\u00e3o Ambiental e Sustentabilidade pela UFPA.","link":"https:\/\/www.greenpeace.org\/brasil\/author\/anaclis\/","slug":"anaclis","avatar_urls":{"24":"https:\/\/secure.gravatar.com\/avatar\/7a9a14132ef55e4592a09367e3b9fa698e04983118b1f78afbfce697c1ae64ab?s=24&d=mm&r=g","48":"https:\/\/secure.gravatar.com\/avatar\/7a9a14132ef55e4592a09367e3b9fa698e04983118b1f78afbfce697c1ae64ab?s=48&d=mm&r=g","96":"https:\/\/secure.gravatar.com\/avatar\/7a9a14132ef55e4592a09367e3b9fa698e04983118b1f78afbfce697c1ae64ab?s=96&d=mm&r=g"},"meta":[],"_links":{"self":[{"href":"https:\/\/www.greenpeace.org\/brasil\/wp-json\/wp\/v2\/users\/134","targetHints":{"allow":["GET"]}}],"collection":[{"href":"https:\/\/www.greenpeace.org\/brasil\/wp-json\/wp\/v2\/users"}]}}