{"id":67,"name":"Camila Doretto","url":"","description":"Jornalista do Greenpeace Brasil e Analista de Engajamento na Campanha de Justi\u00e7a Clim\u00e1tica. Atua com reportagem, pesquisa de conte\u00fado, estrat\u00e9gia de engajamento e produ\u00e7\u00e3o de comunica\u00e7\u00e3o sobre temas socioambientais, pol\u00edtica e educa\u00e7\u00e3o.","link":"https:\/\/www.greenpeace.org\/brasil\/author\/cdoretto\/","slug":"cdoretto","avatar_urls":{"24":"https:\/\/secure.gravatar.com\/avatar\/0bd72afef743a5051f2ca085be6e619dd2de8517e491014d6906f2e0334b8af8?s=24&d=mm&r=g","48":"https:\/\/secure.gravatar.com\/avatar\/0bd72afef743a5051f2ca085be6e619dd2de8517e491014d6906f2e0334b8af8?s=48&d=mm&r=g","96":"https:\/\/secure.gravatar.com\/avatar\/0bd72afef743a5051f2ca085be6e619dd2de8517e491014d6906f2e0334b8af8?s=96&d=mm&r=g"},"meta":[],"_links":{"self":[{"href":"https:\/\/www.greenpeace.org\/brasil\/wp-json\/wp\/v2\/users\/67","targetHints":{"allow":["GET"]}}],"collection":[{"href":"https:\/\/www.greenpeace.org\/brasil\/wp-json\/wp\/v2\/users"}]}}