{"id":90,"name":"Jorge Eduardo Oliveira","url":"","description":"Jornalista de Manaus (AM), trabalha h\u00e1 mais de uma d\u00e9cada com a pauta socioambiental, em especial com as quest\u00f5es amaz\u00f4nicas. Criado \u00e0s margens do rio Negro, \u00e9 f\u00e3 de uma boa matrinx\u00e3 recheada, de farinha de tapioca e do boi Garantido.","link":"https:\/\/www.greenpeace.org\/brasil\/author\/joliveira\/","slug":"joliveira","avatar_urls":{"24":"https:\/\/secure.gravatar.com\/avatar\/9180e2665ce930d3453807536a502f2c7262ea1806f6028c3a0b7713650442d5?s=24&d=mm&r=g","48":"https:\/\/secure.gravatar.com\/avatar\/9180e2665ce930d3453807536a502f2c7262ea1806f6028c3a0b7713650442d5?s=48&d=mm&r=g","96":"https:\/\/secure.gravatar.com\/avatar\/9180e2665ce930d3453807536a502f2c7262ea1806f6028c3a0b7713650442d5?s=96&d=mm&r=g"},"meta":[],"_links":{"self":[{"href":"https:\/\/www.greenpeace.org\/brasil\/wp-json\/wp\/v2\/users\/90","targetHints":{"allow":["GET"]}}],"collection":[{"href":"https:\/\/www.greenpeace.org\/brasil\/wp-json\/wp\/v2\/users"}]}}