{"id":98,"name":"Lu Sudr\u00e9","url":"","description":"Lu Sudr\u00e9 \u00e9 jornalista e gerente de Comunica\u00e7\u00e3o do Greenpeace Brasil. Possui experi\u00eancia na cobertura de temas relacionados ao meio ambiente, direitos humanos e pol\u00edtica.","link":"https:\/\/www.greenpeace.org\/brasil\/author\/lsudre\/","slug":"lsudre","avatar_urls":{"24":"https:\/\/secure.gravatar.com\/avatar\/f7592519a29dc79e9cc418f515673a980fd5d1a7ef6a56a0cb175e07a7727334?s=24&d=mm&r=g","48":"https:\/\/secure.gravatar.com\/avatar\/f7592519a29dc79e9cc418f515673a980fd5d1a7ef6a56a0cb175e07a7727334?s=48&d=mm&r=g","96":"https:\/\/secure.gravatar.com\/avatar\/f7592519a29dc79e9cc418f515673a980fd5d1a7ef6a56a0cb175e07a7727334?s=96&d=mm&r=g"},"meta":[],"_links":{"self":[{"href":"https:\/\/www.greenpeace.org\/brasil\/wp-json\/wp\/v2\/users\/98","targetHints":{"allow":["GET"]}}],"collection":[{"href":"https:\/\/www.greenpeace.org\/brasil\/wp-json\/wp\/v2\/users"}]}}