{"id":38279,"date":"2020-08-20T16:46:00","date_gmt":"2020-08-20T20:46:00","guid":{"rendered":"https:\/\/www.greenpeace.org\/canada\/?p=38279"},"modified":"2025-07-02T04:10:54","modified_gmt":"2025-07-02T08:10:54","slug":"how-people-power-is-the-paving-the-way-to-a-green-and-just-recovery","status":"publish","type":"post","link":"https:\/\/www.greenpeace.org\/canada\/en\/story\/38279\/how-people-power-is-the-paving-the-way-to-a-green-and-just-recovery\/","title":{"rendered":"How people power is paving the way to a green and just recovery"},"content":{"rendered":"\n<p>Greenpeace\u2019s campaigns don\u2019t exist without people power. Our Green and Just Recovery campaign is no different, but it is very special because of the uncertain circumstances we are facing. COVID-19 makes campaigning even more challenging, currently restricting our ability to gather in public spaces.&nbsp;<\/p>\n\n<p>But once again, you showed up and <strong>thanks to your mobilisation, we are building a better tomorrow. You are making this movement bigger and more powerful than ever. Here is what your contribution helped achieve (so far!).<\/strong><\/p>\n\n<h3 class=\"wp-block-heading\">You stopped government from granting Big Oil\u2019s bailout wishlist<\/h3>\n\n<p>In mid-march, when the COVID-19 crisis hit Canada, 30,000 of you raised your voices to ask the government to <a href=\"https:\/\/www.greenpeace.org\/canada\/en\/act\/bail-out-workers-not-oil-and-gas-millionaires\/\">bailout people and not oil companies<\/a>. And you had an impact! While some funding has been announced for the oil sector, they\u2019ve gotten much less than what they asked for, and the government has committed to attaching <a href=\"https:\/\/www.greenpeace.org\/canada\/en\/story\/37850\/the-good-the-bad-and-the-tbd-in-new-federal-bailout-for-big-business\/\">some significant environmental and social conditions<\/a> on companies receiving funds.<\/p>\n\n<h3 class=\"wp-block-heading\">You convinced MPs to speak up for a green and just recovery<\/h3>\n\n<p>Over the last month, <a href=\"https:\/\/act.greenpeace.org\/page\/60053\/action\/1?locale=en-US\">we have invited you to share your vision<\/a> of what the recovery should look like with your Member of Parliament (MP) \u2014 because it\u2019s time to make sure MPs are listening to you. <a href=\"https:\/\/www.greenpeace.org\/canada\/en\/story\/38188\/day-of-action-for-a-green-and-just-recovery\/\" target=\"_blank\" rel=\"noreferrer noopener\">We launched a day of action for a green and just recovery<\/a>, because we believe that YOU can influence politicians to make the right decision.&nbsp;<\/p>\n\n<p><strong>As always, you came through again, and successfully moved MPs to get more vocal about supporting a green and just recovery.<\/strong><\/p>\n\n<p>More than 3,300 people visited our page on May 27th, answering our call to tell key Liberal MPs to speak up publicly in favour of a green and just recovery.<\/p>\n\n<p>Rachel Bendayan, Outremont MP in Montreal, and Jo\u00ebl Lightbound, Louis-H\u00e9bert MP in Quebec city, have both answered your call by the end of day. Check this out!<\/p>\n\n<p>Jo\u00ebl Lightbound\u2019s response on <a href=\"https:\/\/www.facebook.com\/joellightbound\/posts\/1453265324856240\">Facebook.<\/a>&nbsp;<\/p>\n\n<figure class=\"wp-block-embed-facebook aligncenter wp-block-embed is-type-rich is-provider-facebook\"><div class=\"wp-block-embed__wrapper\">\nhttps:\/\/www.facebook.com\/joellightbound\/posts\/1453265324856240\n<\/div><\/figure>\n\n<p>Rachel Bendayan\u2019s response on<a href=\"https:\/\/www.facebook.com\/bendayan.rachel\/posts\/3108968982546351\"> Facebook<\/a>&nbsp; &amp; <a href=\"https:\/\/twitter.com\/RachelBendayan\/status\/1265814228981686273?s=20\">Twitter<\/a>.&nbsp;<\/p>\n\n<figure class=\"wp-block-embed-facebook aligncenter wp-block-embed is-type-rich is-provider-facebook\"><div class=\"wp-block-embed__wrapper\">\nhttps:\/\/www.facebook.com\/bendayan.rachel\/posts\/3108968982546351\n<\/div><\/figure>\n\n<figure class=\"wp-block-embed-twitter aligncenter wp-block-embed is-type-rich is-provider-twitter\"><div class=\"wp-block-embed__wrapper\">\n<blockquote class=\"twitter-tweet\" data-width=\"500\" data-dnt=\"true\"><p lang=\"fr\" dir=\"ltr\">Je n&#39;ai que du respect pour ceux qui militent pour les enjeux qui leur tiennent \u00e0 ?<br><br>La crise climatique est un enjeu fondamental pour moi et pour <a href=\"https:\/\/twitter.com\/hashtag\/Outremont?src=hash&amp;ref_src=twsrc%5Etfw\">#Outremont<\/a><br><br>Was so pleased to have been called upon to confirm my commitment to a progressive, just &amp; clean economy<a href=\"https:\/\/twitter.com\/hashtag\/RelanceJuste?src=hash&amp;ref_src=twsrc%5Etfw\">#RelanceJuste<\/a> <a href=\"https:\/\/t.co\/8Bdc1qmhky\">pic.twitter.com\/8Bdc1qmhky<\/a><\/p>&mdash; Rachel Bendayan (@RachelBendayan) <a href=\"https:\/\/twitter.com\/RachelBendayan\/status\/1265814228981686273?ref_src=twsrc%5Etfw\">May 28, 2020<\/a><\/blockquote><script async src=\"https:\/\/platform.twitter.com\/widgets.js\" charset=\"utf-8\"><\/script>\n<\/div><\/figure>\n\n<p>The day after, Nathaniel Erskine-Smith, MP of Beaches-East York in Toronto, joined them in calling for a green and just recovery. He thanked Greenpeace supporters for reaching out to him and emphasized his desire to put the energy transition at the heart of the recovery. He also took the time to respond to everyone who tweeted at him individually.<\/p>\n\n<figure class=\"wp-block-embed-twitter wp-block-embed is-type-rich is-provider-twitter\"><div class=\"wp-block-embed__wrapper\">\n<blockquote class=\"twitter-tweet\" data-width=\"500\" data-dnt=\"true\"><p lang=\"en\" dir=\"ltr\">Public investment in the clean transition must be a cornerstone of our <a href=\"https:\/\/twitter.com\/hashtag\/justrecovery?src=hash&amp;ref_src=twsrc%5Etfw\">#justrecovery<\/a> plan. <br><br>As we rightly address the health crisis, we can&#39;t forget about the climate crisis. We need to set Canada on a credible path to net zero and ensure a just transition for affected workers. <a href=\"https:\/\/t.co\/n2HFlOk5FI\">https:\/\/t.co\/n2HFlOk5FI<\/a><\/p>&mdash; Nate Erskine-Smith (@beynate) <a href=\"https:\/\/twitter.com\/beynate\/status\/1266177399894523904?ref_src=twsrc%5Etfw\">May 29, 2020<\/a><\/blockquote><script async src=\"https:\/\/platform.twitter.com\/widgets.js\" charset=\"utf-8\"><\/script>\n<\/div><\/figure>\n\n<p><strong>On June 30th,<\/strong> we hosted a second day of action and more than 2,200 people visited our page, tweeting, emailing and calling key liberal MPs to speak up.<\/p>\n\n<p>Alexandra Mend\u00e8s, Brossard MP, and \u00c9lisabeth Bri\u00e8re, Sherbrooke MP, in Quebec have both spoken up for a green and just recovery!<\/p>\n\n<figure class=\"wp-block-embed-facebook wp-block-embed is-type-rich is-provider-facebook\"><div class=\"wp-block-embed__wrapper\">\nhttps:\/\/www.facebook.com\/AlexandraMendesLiberal2015\/posts\/10156952347126431\n<\/div><\/figure>\n\n<figure class=\"wp-block-embed-facebook wp-block-embed is-type-rich is-provider-facebook\"><div class=\"wp-block-embed__wrapper\">\nhttps:\/\/www.facebook.com\/ElisabethBrierePLC\/photos\/a.100727584631206\/302169837820312\/?type=3&#038;theater\n<\/div><\/figure>\n\n<p><strong>In Ontario,<\/strong> after engagement from Greenpeace supporters and other groups like LeadNow, we\u2019ve seen MP Julie Dzerowicz speak out too!<\/p>\n\n<figure class=\"wp-block-embed-twitter wp-block-embed is-type-rich is-provider-twitter\"><div class=\"wp-block-embed__wrapper\">\n<blockquote class=\"twitter-tweet\" data-width=\"500\" data-dnt=\"true\"><p lang=\"en\" dir=\"ltr\">Hi <a href=\"https:\/\/twitter.com\/GreenpeaceCA?ref_src=twsrc%5Etfw\">@GreenpeaceCA<\/a>, I\u2019ve already publicly stated my support for a <a href=\"https:\/\/twitter.com\/hashtag\/JustAndGreenRecovery?src=hash&amp;ref_src=twsrc%5Etfw\">#JustAndGreenRecovery<\/a>! <br><br>I\u2019ve done so to constituents that ask, in convos with orgs who\u2019ve connected with me, such as <a href=\"https:\/\/twitter.com\/leadnowca?ref_src=twsrc%5Etfw\">@leadnowca<\/a>, &amp; released a statement calling for a green economic recovery: <a href=\"https:\/\/t.co\/iAwZWWVQcY\">https:\/\/t.co\/iAwZWWVQcY<\/a> <a href=\"https:\/\/t.co\/rQPnpeNZMq\">https:\/\/t.co\/rQPnpeNZMq<\/a><\/p>&mdash; Julie Dzerowicz ???? (@JulieDzerowicz) <a href=\"https:\/\/twitter.com\/JulieDzerowicz\/status\/1293604338879922177?ref_src=twsrc%5Etfw\">August 12, 2020<\/a><\/blockquote><script async src=\"https:\/\/platform.twitter.com\/widgets.js\" charset=\"utf-8\"><\/script>\n<\/div><\/figure>\n\n<h3 class=\"wp-block-heading\">Your support is putting a just recovery on the agenda&nbsp; in Parliament<\/h3>\n\n<p>With their tens of thousands of supporters behind them, more than 150 Canadian organizations launched <a href=\"https:\/\/www.greenpeace.org\/canada\/en\/press-release\/38174\/put-people-first-demand-over-150-canadian-organizations-with-the-launch-of-six-principles-for-a-just-recovery\/\">Six Principles for a Just Recovery<\/a>, and our elected representatives are paying attention. Montreal NDP MP Alexandre Boulerice stood up in Parliament on May 25th to ask a question about the green recovery. He said that the economic recovery has to deal with climate change and inequality (like investments in public transit), adding that <strong>we can&#8217;t go back to the way things were before<\/strong>. This is the kind of political conviction we need our MPs to show!&nbsp; See for yourself:<\/p>\n\n<video poster=\"https:\/\/www.greenpeace.org\/static\/planet4-canada-stateless\/2020\/05\/02ab6924-questions-environnement-et-covid-19-poster.png\" width=\"100%\" src=\"https:\/\/www.greenpeace.org\/static\/planet4-canada-stateless\/2020\/05\/5e448735-pe\u0301riode-des-questions-orales-pour-cdc-no.-de-se\u0301ance-37-15-07-38.mp4\" controls=\"\"><\/video>\n\n<p>NDP MPs are also hosting townhalls:<\/p>\n\n<figure class=\"wp-block-embed-twitter aligncenter wp-block-embed is-type-rich is-provider-twitter\"><div class=\"wp-block-embed__wrapper\">\n<blockquote class=\"twitter-tweet\" data-width=\"500\" data-dnt=\"true\"><p lang=\"en\" dir=\"ltr\">Public funds should be spent on <a href=\"https:\/\/twitter.com\/hashtag\/JustRecovery?src=hash&amp;ref_src=twsrc%5Etfw\">#JustRecovery<\/a> <a href=\"https:\/\/twitter.com\/hashtag\/affordablehousing?src=hash&amp;ref_src=twsrc%5Etfw\">#affordablehousing<\/a> <a href=\"https:\/\/twitter.com\/hashtag\/pharmacare?src=hash&amp;ref_src=twsrc%5Etfw\">#pharmacare<\/a> <a href=\"https:\/\/twitter.com\/hashtag\/cdnhealth?src=hash&amp;ref_src=twsrc%5Etfw\">#cdnhealth<\/a> <a href=\"https:\/\/twitter.com\/hashtag\/childcare?src=hash&amp;ref_src=twsrc%5Etfw\">#childcare<\/a> <a href=\"https:\/\/twitter.com\/hashtag\/cleanenergy?src=hash&amp;ref_src=twsrc%5Etfw\">#cleanenergy<\/a> etc. NOT end up in the hands of those who use tax havens. Join me <a href=\"https:\/\/twitter.com\/AMacEwen?ref_src=twsrc%5Etfw\">@AMacEwen<\/a> <a href=\"https:\/\/twitter.com\/toby_sanger?ref_src=twsrc%5Etfw\">@toby_sanger<\/a> &amp; <a href=\"https:\/\/twitter.com\/MatthewGreenNDP?ref_src=twsrc%5Etfw\">@MatthewGreenNDP<\/a> tonight for a Town Hall at 5PM PST <a href=\"https:\/\/twitter.com\/hashtag\/cdnpoli?src=hash&amp;ref_src=twsrc%5Etfw\">#cdnpoli<\/a> <a href=\"https:\/\/twitter.com\/hashtag\/WealthTax?src=hash&amp;ref_src=twsrc%5Etfw\">#WealthTax<\/a> <a href=\"https:\/\/t.co\/Ib0SjXZAqa\">pic.twitter.com\/Ib0SjXZAqa<\/a><\/p>&mdash; Peter Julian (@MPJulian) <a href=\"https:\/\/twitter.com\/MPJulian\/status\/1265688021707489282?ref_src=twsrc%5Etfw\">May 27, 2020<\/a><\/blockquote><script async src=\"https:\/\/platform.twitter.com\/widgets.js\" charset=\"utf-8\"><\/script>\n<\/div><\/figure>\n\n<p>If you want to participate in such events, google your MP and subscribe to their lists. Or <a href=\"https:\/\/www.greenpeace.org\/canada\/en\/story\/36973\/a-how-to-guide-for-virtual-bird-dogging\/\">check out this guide about telling your MP to speak up about a #JustRecovery.<\/a><\/p>\n\n<p>We have begun sharing some policy ideas with MPs &#8211; feel free to pass these along or give us some feedback on what you see as priorities.&nbsp;<\/p>\n\n<p>You want to get involved? <a href=\"https:\/\/act.greenpeace.org\/page\/60053\/action\/1?locale=en-US\" target=\"_blank\" rel=\"noreferrer noopener\">Add your name here<\/a> and <a href=\"https:\/\/www.greenpeace.org\/canada\/en\/story\/37870\/what-is-a-green-and-just-recovery-4-simple-actions-to-make-it-happen\/\" target=\"_blank\" rel=\"noreferrer noopener\">take action<\/a>!<\/p>\n\n<div class=\"wp-block-buttons aligncenter is-layout-flex wp-block-buttons-is-layout-flex\">\n<div class=\"wp-block-button\"><a class=\"wp-block-button__link has-text-color has-background\" href=\"\" style=\"background-color:#f36d3a;color:#ffffff\" target=\"_blank\" rel=\"noreferrer noopener\">TAKE ACTION<\/a><\/div>\n<\/div>\n","protected":false},"excerpt":{"rendered":"<p>Greenpeace\u2019s campaigns don\u2019t exist without people power. Our Green and Just Recovery campaign is no different, but it is very special because of the uncertain circumstances we are facing. COVID-19&hellip;<\/p>\n","protected":false},"author":50,"featured_media":38356,"comment_status":"open","ping_status":"open","sticky":false,"template":"","format":"standard","meta":{"ep_exclude_from_search":false,"p4_og_title":"","p4_og_description":"","p4_og_image":"","p4_og_image_id":"","p4_seo_canonical_url":"","p4_campaign_name":"not set","p4_local_project":"not set","p4_basket_name":"not set","p4_department":"","footnotes":""},"categories":[2],"tags":[23,28,33],"p4-page-type":[16],"class_list":["post-38279","post","type-post","status-publish","format-standard","has-post-thumbnail","hentry","category-live-sustainably","tag-climate","tag-health","tag-peacefulprotest","p4-page-type-story"],"_links":{"self":[{"href":"https:\/\/www.greenpeace.org\/canada\/en\/wp-json\/wp\/v2\/posts\/38279","targetHints":{"allow":["GET"]}}],"collection":[{"href":"https:\/\/www.greenpeace.org\/canada\/en\/wp-json\/wp\/v2\/posts"}],"about":[{"href":"https:\/\/www.greenpeace.org\/canada\/en\/wp-json\/wp\/v2\/types\/post"}],"author":[{"embeddable":true,"href":"https:\/\/www.greenpeace.org\/canada\/en\/wp-json\/wp\/v2\/users\/50"}],"replies":[{"embeddable":true,"href":"https:\/\/www.greenpeace.org\/canada\/en\/wp-json\/wp\/v2\/comments?post=38279"}],"version-history":[{"count":20,"href":"https:\/\/www.greenpeace.org\/canada\/en\/wp-json\/wp\/v2\/posts\/38279\/revisions"}],"predecessor-version":[{"id":71032,"href":"https:\/\/www.greenpeace.org\/canada\/en\/wp-json\/wp\/v2\/posts\/38279\/revisions\/71032"}],"wp:featuredmedia":[{"embeddable":true,"href":"https:\/\/www.greenpeace.org\/canada\/en\/wp-json\/wp\/v2\/media\/38356"}],"wp:attachment":[{"href":"https:\/\/www.greenpeace.org\/canada\/en\/wp-json\/wp\/v2\/media?parent=38279"}],"wp:term":[{"taxonomy":"category","embeddable":true,"href":"https:\/\/www.greenpeace.org\/canada\/en\/wp-json\/wp\/v2\/categories?post=38279"},{"taxonomy":"post_tag","embeddable":true,"href":"https:\/\/www.greenpeace.org\/canada\/en\/wp-json\/wp\/v2\/tags?post=38279"},{"taxonomy":"p4-page-type","embeddable":true,"href":"https:\/\/www.greenpeace.org\/canada\/en\/wp-json\/wp\/v2\/p4-page-type?post=38279"}],"curies":[{"name":"wp","href":"https:\/\/api.w.org\/{rel}","templated":true}]}}