{"id":54304,"date":"2022-09-06T14:59:54","date_gmt":"2022-09-06T18:59:54","guid":{"rendered":"https:\/\/www.greenpeace.org\/canada\/?p=54304"},"modified":"2022-09-06T15:00:00","modified_gmt":"2022-09-06T19:00:00","slug":"amazon-rainforest-fires-2022-facts-causes-and-climate-impacts","status":"publish","type":"post","link":"https:\/\/www.greenpeace.org\/canada\/en\/story\/54304\/amazon-rainforest-fires-2022-facts-causes-and-climate-impacts\/","title":{"rendered":"Amazon rainforest fires 2022: Facts, causes, and climate impacts"},"content":{"rendered":"\n<p>The <a href=\"https:\/\/www.greenpeace.org\/international\/act\/stand-with-the-guardians-of-the-amazon\/\">Amazon rainforest<\/a> is <a href=\"https:\/\/time.com\/amazon-rainforest-disappearing\/\" target=\"_blank\" rel=\"noreferrer noopener\">shrinking<\/a>. The <a href=\"https:\/\/www.greenpeace.org\/international\/press-release\/55459\/amazon-forest-firest-brazil-august\/\" target=\"_blank\" rel=\"noreferrer noopener\">fires in the Amazon<\/a> are <a href=\"https:\/\/apnews.com\/article\/fires-forests-brazil-deforestation-climate-and-environment-7d52260cf06a8dbe5ae2c08b6cb54e9c\" target=\"_blank\" rel=\"noreferrer noopener\">growing<\/a>.<\/p>\n\n<p>Just six weeks before the crucial 2022 Brazilian presidential election, <a href=\"https:\/\/www.france24.com\/en\/live-news\/20220825-brazil-records-worst-day-for-amazon-fires-in-15-years?ref=tw\" target=\"_blank\" rel=\"noreferrer noopener\">a historic day of Amazon burning<\/a> was detected by satellite monitoring. On 22 August, 3,358 fires were detected in the Brazilian Amazon, according to the Brazilian space agency, INPE. This was the highest number of fires recorded for any 24-hour period since 2007.<\/p>\n\n<div class=\"wp-block-buttons is-content-justification-center is-layout-flex wp-container-core-buttons-is-layout-16018d1d wp-block-buttons-is-layout-flex\">\n<div class=\"wp-block-button is-style-cta\"><a class=\"wp-block-button__link\" href=\"https:\/\/act.greenpeace.ca\/en-ca\/amazon-mercosur-trade-deal\">SIGN THE PETITION<\/a><\/div>\n<\/div>\n\n<p>That alarming day of fire was no anomaly, but simply another day in a tragic trend of destruction in the Amazon rainforest since Jair Bolsonaro became president of Brazil in 2019. Just in the month of August 2022, there were <a href=\"https:\/\/www.greenpeace.org\/international\/press-release\/55459\/amazon-forest-firest-brazil-august\/\" target=\"_blank\" rel=\"noreferrer noopener\">33,116 illegal fire hotspots registered in the Amazon<\/a>, the highest level in 12 years.<\/p>\n\n<p>The world must do more than watch in horror as the <a href=\"https:\/\/www.greenpeace.org\/international\/story\/55359\/amazon-rainforest-facts-deforestation-fires-climate\/\" target=\"_blank\" rel=\"noreferrer noopener\">world\u2019s largest intact forest is being pushed toward a climate tipping point<\/a>. Despite its <a href=\"https:\/\/www.greenpeace.org\/international\/story\/50900\/amazon-deforestation-record-breaking-bolsonaro-brazil\/\" target=\"_blank\" rel=\"noreferrer noopener\">greenwashing<\/a> claims, the <a href=\"https:\/\/www.greenpeace.org\/international\/story\/52098\/bolsonaro-president-brazil-amazon-environment\/\" target=\"_blank\" rel=\"noreferrer noopener\">anti-environment agenda of Bolsonaro\u2019s government<\/a> has catalyzed historic burning and deforestation by <a href=\"https:\/\/www.greenpeace.org\/international\/story\/48603\/brazil-indigenous-peoples-marco-temporal-land-rights\/\" target=\"_blank\" rel=\"noreferrer noopener\">emboldening land grabbers<\/a> and <a href=\"https:\/\/news.mongabay.com\/2021\/02\/brazil-guts-agencies-sabotaging-environmental-protection-in-amazon-report\/\" target=\"_blank\" rel=\"noreferrer noopener\">dismantling the agencies responsible for environmental protection<\/a>.<\/p>\n\n<figure class=\"wp-block-image\"><img decoding=\"async\" src=\"https:\/\/www.greenpeace.org\/static\/planet4-international-stateless\/2022\/09\/fbc851c4-gp1szphr_-1024x683.jpg\" alt=\"Photo of fires in the Amazon rainforest \u00a9 Nilmar Lage \/ Greenpeace\" class=\"wp-image-55460\"\/><figcaption>Overflight images in the Amacro region (Amazonas, Acre and Rond\u00f4nia states), in an area of around 8,000 hectares of deforestation \u2013 the largest in 2022 \u2013 that has been burning for days. \u00a9 Nilmar Lage \/ Greenpeace<\/figcaption><\/figure>\n\n<p>The rainforest, the Indigenous and traditional communities who call it home, the unparalleled biodiversity of the region, and the global climate need real, sustainable solutions. Around the world, we must work together in whatever ways we can to stand with the Guardians of The Forest and to protect the Amazon from those who value profits over people and the planet.&nbsp;<\/p>\n\n<p>Let\u2019s start building our people power by getting familiar with the basic facts about the burning of the Amazon rainforest, the root causes, and the consequences for us all.<\/p>\n\n<div class=\"wp-block-buttons is-content-justification-center is-layout-flex wp-container-core-buttons-is-layout-16018d1d wp-block-buttons-is-layout-flex\">\n<div class=\"wp-block-button is-style-cta\"><a class=\"wp-block-button__link\" href=\"https:\/\/act.greenpeace.ca\/en-ca\/amazon-mercosur-trade-deal\">TAKE ACTION<\/a><\/div>\n<\/div>\n\n<h2 class=\"wp-block-heading\">Are fires in the Amazon naturally occurring?<\/h2>\n\n<p>No! It\u2019s important to understand that fires are not a natural phenomenon in the Amazon rainforest. The fires generating headlines around the world for the last several years are ignited by people. Generally, untouched moist rainforests do not burn.&nbsp;<\/p>\n\n<p>Unlike the wildfires experienced in places like <a href=\"https:\/\/www.greenpeace.org\/usa\/what-should-we-know-about-wildfires-in-california\/\" target=\"_blank\" rel=\"noreferrer noopener\">California<\/a> or <a href=\"https:\/\/www.reuters.com\/business\/environment\/mediterranean-has-become-wildfire-hotspot-eu-scientists-say-2021-08-04\/\" target=\"_blank\" rel=\"noreferrer noopener\">the Mediterranean<\/a> that can be naturally occurring or ignited by accident, the fires in the Amazon are often ignited intentionally.<\/p>\n\n<h2 class=\"wp-block-heading\">Why are people starting fires in the Amazon on purpose?&nbsp;&nbsp;<\/h2>\n\n<p>The fires in the Amazon are often started intentionally. Many of those starting fires are illegal land grabbers emboldened by the <a href=\"https:\/\/www.greenpeace.org\/international\/story\/52098\/bolsonaro-president-brazil-amazon-environment\/\" target=\"_blank\" rel=\"noreferrer noopener\">anti-environment policies of Bolsonaro\u2019s government<\/a>. They are burning forests to clear land for other uses, such as cattle ranching, growing animal feed, or illegal logging.<\/p>\n\n<p>This process of destroying trees to clear forested land is known as <a href=\"https:\/\/www.greenpeace.org\/international\/story\/55359\/amazon-rainforest-facts-deforestation-fires-climate\/\" target=\"_blank\" rel=\"noreferrer noopener\">deforestation<\/a>. Deforestation and fires are linked. They are intertwined threats to the lives and livelihoods of Indigenous Peoples and traditional communities in the Amazon, to the biodiversity of the forest, and to the global climate. The widespread forest burnings associated with <a href=\"https:\/\/www.greenpeace.org\/international\/story\/55359\/amazon-rainforest-facts-deforestation-fires-climate\/\">deforestation<\/a> are carried out by those who put short-term profits over people and the planet.\u00a0<\/p>\n\n<figure class=\"wp-block-image\"><img decoding=\"async\" src=\"https:\/\/www.greenpeace.org\/static\/planet4-international-stateless\/2022\/08\/b9d170b7-gp1su5ae_-1024x684.jpg\" alt=\"Deforestation and Fire Monitoring in the Amazon in July, 2020\" class=\"wp-image-55364\"\/><figcaption>Forest remainders burning in an area registered by the last Prodes (Brazilian Amazon Satellite Monitoring Project), in Juara, Mato Grosso state. \u00a9 Christian Braga \/ Greenpeace<\/figcaption><\/figure>\n\n<p>While <a href=\"https:\/\/theconversation.com\/amazon-fires-indigenous-people-show-fire-can-be-used-sustainably-122493\" target=\"_blank\" rel=\"noreferrer noopener\">Indigenous Peoples and traditional communities have understood responsible uses of fire<\/a> in land stewardship for generations, the fires generating global headlines in the Amazon are often ignited by those people who do not care about the long-term health of the ecosystem or the communities who live there.\u00a0<\/p>\n\n<h2 class=\"wp-block-heading\">Why is the Amazon being burned and deforested?&nbsp;<\/h2>\n\n<p>The <a href=\"https:\/\/www.greenpeace.org\/international\/story\/45383\/brazil-fire-amazon-pantanal-bolsonaro\/\" target=\"_blank\" rel=\"noreferrer noopener\">primary drivers of deforestation<\/a> in the Amazon \u2014 and other biomes in Brazil such as the Pantanal and the Cerrado \u2014 are agribusiness and meat consumption. This <a href=\"https:\/\/www.youtube.com\/watch?v=wirL7PlrYg4&amp;list=PLgypAGt9KjpD1LknTINn72nebZqRWWp1L&amp;index=5\" target=\"_blank\" rel=\"noreferrer noopener\">destructive economic development model has long been practiced in the Amazon<\/a>, but it has been reinforced by the Bolsonaro government.\u00a0<\/p>\n\n<p>A survey released by the Amazon Environmental Research Institute (IPAM) in October 2021 showed that cattle <a href=\"https:\/\/ipam.org.br\/pastagem-ocupa-75-da-area-desmatada-em-terras-publicas-na-amazonia\/\" target=\"_blank\" rel=\"noreferrer noopener\">pastures occupied 75% of the deforested area on public lands in the Amazon.<\/a> Other causes of deforestation include the construction of new highways, logging roads, dams, and mines.<\/p>\n\n<figure class=\"wp-block-image\"><img decoding=\"async\" src=\"https:\/\/www.greenpeace.org\/static\/planet4-international-stateless\/2021\/10\/dd39391a-gp1svzwu-1024x683.jpg\" alt=\"Fire Monitoring in the Amazon in Brazil in September, 2021. \u00a9 Victor Moriyama \/ Amaz\u00f4nia em Chamas\" class=\"wp-image-49940\"\/><figcaption>Cattle in a ranching area, next to a recently deforested and burnt area, in Candeias do Jamari, Rond\u00f4nia state. \u00a9 Victor Moriyama \/ Amaz\u00f4nia em Chamas<\/figcaption><\/figure>\n\n<h2 class=\"wp-block-heading\">Where are the fires in the Amazon?&nbsp;<\/h2>\n\n<p>The world\u2019s largest intact forest, the Amazon rainforest covers 2.6 million square miles across nine countries in South America: Brazil, Bolivia, Peru, Colombia, Ecuador, Venezuela, Guyana, Suriname, and French Guiana. Approximately 60 percent of the Amazon Basin is in Brazil, where <a href=\"https:\/\/www.greenpeace.org\/brasil\/30-anos-de-greenpeace-brasil\/\" target=\"_blank\" rel=\"noreferrer noopener\">Greenpeace Brazil has been working for 30 years<\/a> to protect it.<\/p>\n\n<p>In the Brazilian Amazon, the states of Amazonas, Acre, and Rond\u00f4nia \u2014 collectively known as the AMACRO region \u2014 have suffered sizable fires and deforestation in recent years. Not only does the southern region of the Amazon known as AMACRO hold vast and still underexplored biodiversity, it is also the gateway to one of the most well-preserved parts of the largest tropical forest in the world. In this crucial region, greedy agribusiness interests are behind an advancing&nbsp;front of deforestation and related burning.<\/p>\n\n<div class=\"wp-block-buttons is-content-justification-center is-layout-flex wp-container-core-buttons-is-layout-16018d1d wp-block-buttons-is-layout-flex\">\n<div class=\"wp-block-button is-style-cta\"><a class=\"wp-block-button__link\">SIGN THE PETITION<\/a><\/div>\n<\/div>\n\n<figure class=\"wp-block-image\"><img decoding=\"async\" src=\"https:\/\/www.greenpeace.org\/static\/planet4-international-stateless\/2022\/09\/b30cb49e-gp1szphe-1024x683.jpg\" alt=\"Fire and Deforestation in the Amacro Region in the Amazon in Brazil.\" class=\"wp-image-55534\"\/><figcaption>Overflight images in the Amacro region (Amazonas, Acre and Rond\u00f4nia states), in an area of around 8,000 hectares of deforestation \u2013 the largest in 2022 \u2013 that has been burning for days. \u00a9 Nilmar Lage \/ Greenpeace<\/figcaption><\/figure>\n\n<p>According to data from the Brazilian National Space and Research Institute (INPE), there was a <a href=\"https:\/\/www.greenpeace.org\/international\/press-release\/55459\/amazon-forest-firest-brazil-august\/\" target=\"_blank\" rel=\"noreferrer noopener\">16.7% increase in fire hotspots<\/a> in the Amazon from January through August 2022 compared to the same time period the previous year. Forty-three percent of those hotspots were identified in only 10 municipalities, five of them located in the AMACRO region.\u00a0<\/p>\n\n<h2 class=\"wp-block-heading\">Is it even legal to start fires in the Amazon?&nbsp;<\/h2>\n\n<p>No! This is against the law! Even if one has a vegetation clearing permit (i.e., an authorization for deforestation), the use of fire is not allowed by Brazilian law for that purpose.<\/p>\n\n<p>Moreover, these are illegal fires being started in the Amazon to clear land that is often stolen either from the Brazilian public or from Indigenous Peoples are traditional communities. This illegally seized and illegally burned forest is often cleared to create more cattle pasture and animal feed for the global meat industry.&nbsp;<\/p>\n\n<p>Of course, laws against burning are only impactful if they\u2019re enforced.&nbsp;<\/p>\n\n<p>In Bolsonaro\u2019s Brazil, this criminal activity is <a href=\"https:\/\/theconversation.com\/the-great-amazon-land-grab-how-brazils-government-is-clearing-the-way-for-deforestation-173416\" target=\"_blank\" rel=\"noreferrer noopener\">rewarded by climate-wrecking Brazilian politicians<\/a>, candidates as well as major banks and buyers of animal feed or beef around the world who continue to look the other way.<\/p>\n\n<h2 class=\"wp-block-heading\">How has the Bolsonaro government made it easier to get away with illegal burning and land grabbing?&nbsp;<\/h2>\n\n<p>The <a href=\"https:\/\/www.greenpeace.org\/international\/press-release\/55459\/amazon-forest-firest-brazil-august\/\" target=\"_blank\" rel=\"noreferrer noopener\">undeniable and devastating surge in fires<\/a> and <a href=\"https:\/\/www.greenpeace.org\/international\/press-release\/50896\/amazon-deforestation-rate-highest-since-2006\/\" target=\"_blank\" rel=\"noreferrer noopener\">deforestation in the Amazon<\/a> is a result of the <a href=\"https:\/\/www.greenpeace.org\/international\/story\/52098\/bolsonaro-president-brazil-amazon-environment\/\" target=\"_blank\" rel=\"noreferrer noopener\">Bolsonaro administration\u2019s anti-environmental agenda<\/a>. One of the ways in which the Bolsonaro government has made it easier for illegal land grabbers to break environmental law is by taking money away from agencies responsible for enforcement.\u00a0<\/p>\n\n<p>In 2021, the Brazilian government budget for the environment was the lowest in 21 years, as <a href=\"https:\/\/www.oc.eco.br\/orcamento-meio-ambiente-e-o-menor-em-21-anos\/\" target=\"_blank\" rel=\"noreferrer noopener\">shown in a report by the Brazilian Climate Observatory<\/a>.\u00a0<\/p>\n\n<p>Don\u2019t be distracted by the <a href=\"https:\/\/www.greenpeace.org\/international\/story\/50900\/amazon-deforestation-record-breaking-bolsonaro-brazil\/\" target=\"_blank\" rel=\"noreferrer noopener\">Bolsonaro government\u2019s greenwashing<\/a> or grandstanding but toothless <a href=\"https:\/\/presrepublica.jusbrasil.com.br\/legislacao\/1552987384\/decreto-11100-22\" target=\"_blank\" rel=\"noreferrer noopener\">decrees<\/a>: The area deforested each year in the Amazon increased by 52.9% in the first three years of the Bolsonaro administration (average of 11,405 km\u00b2 between 2019 and 2021) compared to the previous three-year average (average of 7,458 km\u00b2 between 2016 and 2018).\u00a0<\/p>\n\n<p>This uptick in deforestation has been accompanied by increases in fires recorded:\u00a0 From January to August 2022, there was <a href=\"https:\/\/www.greenpeace.org\/international\/press-release\/55459\/amazon-forest-firest-brazil-august\/\" target=\"_blank\" rel=\"noreferrer noopener\">a 16.7% increase in fire hotspots in the Amazon<\/a> compared to the same time period in 2021 \u2013 the highest rate since 2019.<\/p>\n\n<p>The numbers don\u2019t lie.&nbsp;<\/p>\n\n<h2 class=\"wp-block-heading\">When is the burning season in the Amazon?&nbsp;<\/h2>\n\n<p>The land grabbers and deforesters who are illegally starting fires in the Amazon tend to sync up with the natural dry season in the region which extends from July through November. Unfortunately, due to intentionally diminished enforcement of environmental laws under Bolsonaro as well as increasingly dry conditions due to the climate crisis, there are fires in the Amazon all year round now.&nbsp;<\/p>\n\n<figure class=\"wp-block-image\"><img decoding=\"async\" src=\"https:\/\/www.greenpeace.org\/static\/planet4-international-stateless\/2022\/09\/1ea827d9-gp0sttw71-1024x683.jpg\" alt=\"Overflight on Amazon Forest Fires with Bruno Gagliasso and Giovanna Ewbank.\" class=\"wp-image-55535\"\/><figcaption>On Amazon Day (5\/9), actors Bruno Gagliasso and Giovanna Ewbank participate in an expedition with Greenpeace to witness the impacts of increased forest fires. The two come to the region to learn about the process of monitoring burning and deforestation and see \u201cwith their own eyes\u201d what happens to the Amazon. \u00a9 Chico Batata \/ Greenpeace<\/figcaption><\/figure>\n\n<h2 class=\"wp-block-heading\">How do fire and deforestation impact the global climate?&nbsp;<\/h2>\n\n<p>The rampant destruction of the Amazon is pushing the rainforest toward a <a href=\"https:\/\/www.science.org\/doi\/10.1126\/sciadv.aba2949\" target=\"_blank\" rel=\"noreferrer noopener\">climate tipping point<\/a> of no return.\u00a0<\/p>\n\n<p>In the last 40 years, the <a href=\"http:\/\/www.inpe.br\/faq\/index.php?pai=6\" target=\"_blank\" rel=\"noreferrer noopener\">Amazon has already had approximately 17% of its total area deforested<\/a>, according to Brazil\u2019s National Institute for Space Research (INPE). <a href=\"https:\/\/www.science.org\/doi\/10.1126\/sciadv.aba2949\" target=\"_blank\" rel=\"noreferrer noopener\">Scientists have warned<\/a> that further deforestation could push the Amazon rainforest beyond a tipping point where the moisture and carbon balance of much of the Amazon biome would become broken.\u00a0<\/p>\n\n<p>According to some studies, this tipping point would be reached when <a href=\"https:\/\/www.science.org\/doi\/10.1126\/sciadv.aat2340\" target=\"_blank\" rel=\"noreferrer noopener\">20% to 25%<\/a> of the forested area is lost to deforestation. Beyond this tipping point, the Amazon could effectively fail as a rainforest and begin to become a much dryer ecosystem, similar to a savannah.\u00a0<\/p>\n\n<p>The Amazon rainforest is vital to the planet\u2019s climate, playing a role in regulating or balancing <a href=\"https:\/\/climate.nasa.gov\/news\/2608\/new-study-shows-the-amazon-makes-its-own-rainy-season\/\" target=\"_blank\" rel=\"noreferrer noopener\">regional<\/a> and <a href=\"https:\/\/www.scientificamerican.com\/article\/amazon-rain-forest-nears-dangerous-tipping-point\/\" target=\"_blank\" rel=\"noreferrer noopener\">global climate<\/a> and bringing rain to distant regions. Moreover, the <a href=\"https:\/\/research.noaa.gov\/article\/ArtMID\/587\/ArticleID\/2778\/Deforestation-warming-flip-part-of-Amazon-forest-from-carbon-sink-to-source?fbclid=IwAR3vo9Qgld1N6H8ODxnhffL3olgiHtlPeqmA58yQ4xfBFyN9ELHm2YQRoZA\" target=\"_blank\" rel=\"noreferrer noopener\">Amazon also stores large amounts of carbon<\/a>. When the forest is cut down or burnt down, the carbon is released into the atmosphere, contributing to global warming.\u00a0<\/p>\n\n<p>Allowing the Amazon to reach such a tipping point would bring disastrous consequences for the climate, people, and biodiversity.<\/p>\n\n<div class=\"wp-block-buttons is-content-justification-center is-layout-flex wp-container-core-buttons-is-layout-16018d1d wp-block-buttons-is-layout-flex\">\n<div class=\"wp-block-button is-style-cta\"><a class=\"wp-block-button__link\">TAKE ACTION<\/a><\/div>\n<\/div>\n\n<h2 class=\"wp-block-heading\">What are the impacts of fires in communities in the Amazon?&nbsp;<\/h2>\n\n<p>Some of the first images to garner international attention for the Amazon fires of 2019 were those of <a href=\"https:\/\/news.mongabay.com\/2019\/08\/amazon-rainforest-fires-leave-sao-paulo-in-the-dark\/\" target=\"_blank\" rel=\"noreferrer noopener\">smoke-filled skies in Brazilian cities like Sao Paulo<\/a>, far from the forest.\u00a0<\/p>\n\n<p>The <a href=\"https:\/\/www.greenpeace.org\/international\/story\/50047\/smoke-fires-deforestation-amazon-brazil-health-impact\/\" target=\"_blank\" rel=\"noreferrer noopener\">health impacts of the toxic smoke from the Amazon fires on local populations<\/a> are another tragic aspect of forest destruction. Not only do those who live closest to the fires have their homes and livelihoods jeopardized by burning and deforestation but they also face grave health impacts due to smoke inhalation, a danger only <a href=\"https:\/\/news.mongabay.com\/2021\/08\/in-brazils-acre-state-smoke-from-fires-affects-health-could-worsen-covid-19\/\" target=\"_blank\" rel=\"noreferrer noopener\">exacerbated by the global Covid-19 pandemic<\/a>.\u00a0<\/p>\n\n<p>The reckless burning of the Amazon can have a global impact, but it\u2019s important never to forget the severe consequences faced by those closest to the forest.&nbsp;<\/p>\n\n<figure class=\"wp-block-image\"><img decoding=\"async\" src=\"https:\/\/www.greenpeace.org\/static\/planet4-international-stateless\/2022\/09\/14d4146f-gp0stq2v3-1024x683.jpg\" alt=\"Forest Fire in the Amazon.\" class=\"wp-image-55536\"\/><figcaption>A cloud of smoke coming from forest fires covers the forest in L\u00e1brea, Amazonas state.<\/figcaption><\/figure>\n\n<h2 class=\"wp-block-heading\">How can we actually fight fires in the Amazon?&nbsp;<\/h2>\n\n<p>The key to fighting fires in the Amazon is preventing them from being started in the first place.&nbsp;<\/p>\n\n<p>Once the burning has started, <a href=\"https:\/\/www.theverge.com\/2019\/8\/28\/20836891\/amazon-fires-brazil-bolsonaro-rainforest-deforestation-analysis-effects#rtsxDm\" target=\"_blank\" rel=\"noreferrer noopener\">the challenges of combating active fires in the vast rainforest<\/a> are extremely high. Fire-fighting techniques that may work in other contexts such as creating fire breaks or dousing flames from above with planes become logistically complex or cost prohibitive given the scale and remoteness of the Amazon.\u00a0<\/p>\n\n<p>The difficulties in combating already raging fires combined with the unpleasant reality that these are man-made disasters underscores the necessity of preventing fires before they ignite.&nbsp;<\/p>\n\n<p>Stopping intentionally ignited fires in the Amazon means stopping deforestation.&nbsp;<\/p>\n\n<div class=\"wp-block-buttons is-content-justification-center is-layout-flex wp-container-core-buttons-is-layout-16018d1d wp-block-buttons-is-layout-flex\"><\/div>\n\n<h2 class=\"wp-block-heading\">Stand with Indigenous Peoples and local environmental organizations!<\/h2>\n\n<p>The battle against reckless fires and runaway deforestation in the Amazon rainforest is one we must win. And there\u2019s only one way to win it: Together.<\/p>\n\n<div class=\"wp-block-buttons is-content-justification-center is-layout-flex wp-container-core-buttons-is-layout-16018d1d wp-block-buttons-is-layout-flex\">\n<div class=\"wp-block-button is-style-cta\"><a class=\"wp-block-button__link\" href=\"https:\/\/act.greenpeace.ca\/en-ca\/amazon-mercosur-trade-deal\">JOIN THE CAMPAIGN<\/a><\/div>\n<\/div>\n\n<p>Wherever you are, you can educate yourself and support Indigenous Peoples and environmental organizations advocating for forests. In addition to Greenpeace, there are many other groups and organizations working at the intersection of the Indigenous rights and climate movements who also need support, such as <a href=\"https:\/\/twitter.com\/ApibOficial\" target=\"_blank\" rel=\"noreferrer noopener\">Articula\u00e7\u00e3o dos Povos Ind\u00edgenas do Brasil<\/a> (APIB), <a href=\"https:\/\/amazonwatch.org\/\">Amazon Watch<\/a>, <a href=\"https:\/\/www.socioambiental.org\/en\/search\/node?keys=desmatamento\" target=\"_blank\" rel=\"noreferrer noopener\">Instituto Socio Ambiental<\/a>, and <a href=\"https:\/\/cimi.org.br\/\" target=\"_blank\" rel=\"noreferrer noopener\">CIMI<\/a>.<\/p>\n\n<p>Protecting the rights of Indigenous Peoples and traditional communities along with their lands means protecting everyone\u2019s future. We all need a future that includes a healthy, thriving Amazon rainforest.<\/p>\n\n<p><strong><a href=\"https:\/\/act.greenpeace.ca\/en-ca\/amazon-mercosur-trade-deal\" target=\"_blank\" rel=\"noreferrer noopener\">Take Action: Tell Foreign Affairs Minister M\u00e9lanie Joly that Canada must not be complicit in Amazon destruction!<\/a><\/strong><\/p>\n\n<p><em>This blog is adapted from the original version on the Greenpeace International website. <\/em><\/p>\n","protected":false},"excerpt":{"rendered":"<p>We must stand with the Guardians of The Forest to protect the Amazon from those who value profits over people and the planet.\u00a0<\/p>\n","protected":false},"author":59,"featured_media":54308,"comment_status":"open","ping_status":"open","sticky":false,"template":"","format":"standard","meta":{"ep_exclude_from_search":false,"p4_og_title":"","p4_og_description":"","p4_og_image":"","p4_og_image_id":"","p4_seo_canonical_url":"","p4_campaign_name":"not set","p4_local_project":"not set","p4_basket_name":"not set","p4_department":"","footnotes":""},"categories":[3],"tags":[23,27,29],"p4-page-type":[16],"class_list":["post-54304","post","type-post","status-publish","format-standard","has-post-thumbnail","hentry","category-nature","tag-climate","tag-forests","tag-indigenous","p4-page-type-story"],"_links":{"self":[{"href":"https:\/\/www.greenpeace.org\/canada\/en\/wp-json\/wp\/v2\/posts\/54304","targetHints":{"allow":["GET"]}}],"collection":[{"href":"https:\/\/www.greenpeace.org\/canada\/en\/wp-json\/wp\/v2\/posts"}],"about":[{"href":"https:\/\/www.greenpeace.org\/canada\/en\/wp-json\/wp\/v2\/types\/post"}],"author":[{"embeddable":true,"href":"https:\/\/www.greenpeace.org\/canada\/en\/wp-json\/wp\/v2\/users\/59"}],"replies":[{"embeddable":true,"href":"https:\/\/www.greenpeace.org\/canada\/en\/wp-json\/wp\/v2\/comments?post=54304"}],"version-history":[{"count":5,"href":"https:\/\/www.greenpeace.org\/canada\/en\/wp-json\/wp\/v2\/posts\/54304\/revisions"}],"predecessor-version":[{"id":54314,"href":"https:\/\/www.greenpeace.org\/canada\/en\/wp-json\/wp\/v2\/posts\/54304\/revisions\/54314"}],"wp:featuredmedia":[{"embeddable":true,"href":"https:\/\/www.greenpeace.org\/canada\/en\/wp-json\/wp\/v2\/media\/54308"}],"wp:attachment":[{"href":"https:\/\/www.greenpeace.org\/canada\/en\/wp-json\/wp\/v2\/media?parent=54304"}],"wp:term":[{"taxonomy":"category","embeddable":true,"href":"https:\/\/www.greenpeace.org\/canada\/en\/wp-json\/wp\/v2\/categories?post=54304"},{"taxonomy":"post_tag","embeddable":true,"href":"https:\/\/www.greenpeace.org\/canada\/en\/wp-json\/wp\/v2\/tags?post=54304"},{"taxonomy":"p4-page-type","embeddable":true,"href":"https:\/\/www.greenpeace.org\/canada\/en\/wp-json\/wp\/v2\/p4-page-type?post=54304"}],"curies":[{"name":"wp","href":"https:\/\/api.w.org\/{rel}","templated":true}]}}