{"id":59756,"date":"2021-03-24T12:49:42","date_gmt":"2021-03-24T16:49:42","guid":{"rendered":"https:\/\/www.greenpeace.org\/canada\/?p=59756"},"modified":"2025-07-02T04:09:34","modified_gmt":"2025-07-02T08:09:34","slug":"le-ministere-des-forets-sous-enquete","status":"publish","type":"post","link":"https:\/\/www.greenpeace.org\/canada\/en\/story\/59756\/le-ministere-des-forets-sous-enquete\/","title":{"rendered":"Mauvaise gestion des for\u00eats au Qu\u00e9bec: demandons une enqu\u00eate sur le Minist\u00e8re"},"content":{"rendered":"\n<figure class=\"wp-block-image aligncenter size-large\"><img loading=\"lazy\" decoding=\"async\" width=\"1024\" height=\"683\" src=\"https:\/\/www.greenpeace.org\/static\/planet4-canada-stateless\/2021\/03\/fd426dab-deforestation4-1024x683.jpg\" alt=\"\" class=\"wp-image-46866\" srcset=\"https:\/\/www.greenpeace.org\/static\/planet4-canada-stateless\/2021\/03\/fd426dab-deforestation4-1024x683.jpg 1024w, https:\/\/www.greenpeace.org\/static\/planet4-canada-stateless\/2021\/03\/fd426dab-deforestation4-300x200.jpg 300w, https:\/\/www.greenpeace.org\/static\/planet4-canada-stateless\/2021\/03\/fd426dab-deforestation4-768x512.jpg 768w, https:\/\/www.greenpeace.org\/static\/planet4-canada-stateless\/2021\/03\/fd426dab-deforestation4-1536x1025.jpg 1536w, https:\/\/www.greenpeace.org\/static\/planet4-canada-stateless\/2021\/03\/fd426dab-deforestation4-510x340.jpg 510w, https:\/\/www.greenpeace.org\/static\/planet4-canada-stateless\/2021\/03\/fd426dab-deforestation4.jpg 1920w\" sizes=\"auto, (max-width: 1024px) 100vw, 1024px\" \/><\/figure>\n\n<p>C\u2019est d\u2019un ton amer que plusieurs au Qu\u00e9bec surnomment le Minist\u00e8re des For\u00eats, de la Faune et des Parcs (MFFP): <em>Le<\/em> <em>Minist\u00e8re de l\u2019Industrie Foresti\u00e8re. <\/em>Cela fait des ann\u00e9es que Greenpeace d\u00e9nonce l\u2019inaction du gouvernement face \u00e0 la protection de la biodiversit\u00e9 et milite pour une meilleure gestion de la for\u00eat. La r\u00e9cente \u00e9mission Enqu\u00eate de Radio-Canada en rajoute une couche de plus. <\/p>\n\n<p>Dans ce reportage de <a rel=\"noreferrer noopener\" href=\"https:\/\/ici.tou.tv\/enquete\/S14E19?lectureauto=1\" target=\"_blank\">45 minutes<\/a> sur le MFFP, des lanceur\u00b7euses d\u2019alertes anonymes au sein du minist\u00e8re, des militant\u00b7es, des travailleurs\u00b7euses forestier\u00b7es et des biologistes ont exprim\u00e9 leurs grandes inqui\u00e9tudes face \u00e0 ce minist\u00e8re. On parle de chiffres falsifi\u00e9s, d\u2019un rel\u00e2chement des normes, de l\u2019\u00ab improvisation \u00bb et de \u00ab ch\u00e8ques en blanc \u00bb \u00e0 l&#8217;industrie.&nbsp; Si vous avez manqu\u00e9 le fil de nouvelles, <strong>voici les points saillants du reportage et pourquoi il faut exiger une enqu\u00eate officielle.<\/strong><\/p>\n\n<h2 class=\"wp-block-heading\"><strong>6 Points saillants du reportage d\u2019Enqu\u00eate<\/strong>&nbsp;de Radio Canada<\/h2>\n\n<h3 class=\"wp-block-heading\">1. Le Minist\u00e8re des for\u00eats ne conna\u00eet pas l&#8217;\u00e9tat de la for\u00eat au Qu\u00e9bec<\/h3>\n\n<p>En 2004, seulement 15% de la for\u00eat bor\u00e9ale restante \u00e9tait consid\u00e9r\u00e9e comme vierge. Aujourd&#8217;hui il est&nbsp; impossible d\u2019en conna\u00eetre le pourcentage car le Qu\u00e9bec ne comptabilise pas les zones de for\u00eats vierges. Pourquoi? Parce que le&nbsp; rapport de la commission Coulombe de 2004 n&#8217;a jamais fourni de d\u00e9finition \u00e0 ce terme<sup>i<\/sup>. On ne conna\u00eet pas le pourcentage de for\u00eats vierges au Qu\u00e9bec, le gouvernement ne v\u00e9rifie pas non plus la quantit\u00e9 d\u2019arbres qui est replant\u00e9e et qui repousse. Le minist\u00e8re des for\u00eats a d\u00e9pens\u00e9 3 milliards de dollars les 15 derni\u00e8res ann\u00e9es pour des op\u00e9rations de sylviculture. <strong>Malgr\u00e9 ceci, le MFFP ne suit pas la replantation sur le terrain et n&#8217;a aucune mesure r\u00e9elle de la croissance de la for\u00eat &#8211; il n\u2019a donc aucune id\u00e9e du retour sur son investissement.<\/strong>&nbsp; Un t\u00e9moignage indique que les entrepreneurs ont tendance \u00e0 planter beaucoup moins d\u2019arbres que requis, car c\u2019est souvent la superficie qu\u2019on regarde, au-del\u00e0 du nombre d&#8217;arbres.&nbsp;<\/p>\n\n<style>\n  .tweet {\n    position: relative;\n    margin: 10px 0 10px 64px;\n    padding: 10px;\n    background: #ffffff;\n    font-size: 15px;\n    white-space: pre-wrap;\n    font-family: system-ui, -apple-system, BlinkMacSystemFont, \"Segoe UI\", Roboto, Ubuntu, \"Helvetica Neue\", sans-serif;\n    line-height: 1.3125;\n  }\n  .tweet::before {\n    position: absolute;\n    left: -59px;\n    background-image: url(\"https:\/\/www.thefutureoftransportconference.com\/images\/twitter.png\");\n    background-repeat: no-repeat;\n    background-size: 49px 49px;\n    width: 49px;\n    height: 49px;\n    content: \"\";\n    display: block;\n    float: left;\n    border-radius: 32px;\n  }\n\n  .twitter-mention, .twitter-link {\n    color: rgb(42, 163, 239);\n  }\n\n  .twitter-hashtag {\n    font-weight: bold;\n  }\n  .twitter-image {\n    max-width: 100%;\n    width: 300px;\n  }\n\n  .float-me-right {\n    float: right;\n  }\n  .click-to-tweet-btn {\n    text-align: right;\n  }\n  .click-to-tweet-btn a {\n    font-size: 15px;\n    font-weight: bold;\n    font-family: system-ui, -apple-system, BlinkMacSystemFont, \"Segoe UI\", Roboto, Ubuntu, \"Helvetica Neue\", sans-serif;\n    color: white;\n    background-color: rgb(29, 161, 242);\n    transition-property: background-color;\n    transition-duration: 0.2s;\n    user-select: none;\n    padding: 8px 15px;\n    border-radius: 9999px;\n  }\n  .click-to-tweet-btn a:hover {\n    background-color: rgb(26, 145, 218);\n  }\n<\/style>\n\n<div class=\"tweet\">\n  Le Minist\u00e8re des for\u00eats ne conna\u00eet pas l\u2019\u00e9tat de la <span class=\"twitter-hashtag\">#for<\/span>\u00eat au Qu\u00e9bec. \nSans donn\u00e9es pas d&#8217;<span class=\"twitter-hashtag\">#ActionClimatique<\/span>. \nNous exigeons <span class=\"twitter-mention\">@francoislegault<\/span> une enqu\u00eate parlementaire <span class=\"twitter-mention\">@AssnatQc<\/span> sur le <span class=\"twitter-mention\">@MFFP_Quebec<\/span> d\u00e8s aujourd&#8217;hui! Lisez les d\u00e9tails &gt;&gt; <span class=\"twitter-link\">https:\/\/act.gp\/39d0n4J<\/span> <span class=\"twitter-hashtag\">#polqc<\/span> \n<\/div>\n<div class=\"click-to-tweet-btn\">\n  <a href=\"https:\/\/twitter.com\/intent\/tweet?text=Le%20Minist%C3%A8re%20des%20for%C3%AAts%20ne%20conna%C3%AEt%20pas%20l%E2%80%99%C3%A9tat%20de%20la%20%23for%C3%AAt%20au%20Qu%C3%A9bec.%20%0ASans%20donn%C3%A9es%20pas%20d'%23ActionClimatique.%20%0ANous%20exigeons%20%40francoislegault%20une%20enqu%C3%AAte%20parlementaire%20%40AssnatQc%20sur%20le%20%40MFFP_Quebec%20d%C3%A8s%20aujourd'hui!%20Lisez%20les%20d%C3%A9tails%20%3E%3E%20https%3A%2F%2Fact.gp%2F39d0n4J%20%23polqc%20\">Tweet<\/a>\n<\/div>\n\n<p><\/p>\n\n<h3 class=\"wp-block-heading\">2. Le Minist\u00e8re des for\u00eats ne conna\u00eet pas la r\u00e9elle quantit\u00e9 de bois coup\u00e9<\/h3>\n\n<p>Le gouvernement laisse l&#8217;industrie calculer ce qui est exploit\u00e9 et par cons\u00e9quent combien cette compagnie devrait payer le gouvernement. Selon le t\u00e9moignage d\u2019un mesureur de bois,&nbsp; personne ne sait quelle quantit\u00e9 de bois est r\u00e9ellement exploit\u00e9e au Qu\u00e9bec. <strong>Il poursuit en pr\u00e9cisant que les chiffres sont biais\u00e9s \u00e0 la hauteur de 25% du volume de bois. Ceci comprend des milliers de kilom\u00e8tres d\u2019arbres abattus qui ne seraient pas comptabilis\u00e9s.<\/strong> Le gouvernement, les entrepreneurs ind\u00e9pendants et les travailleurs\u00b7euses forestier\u00b7es sortent tous et toutes perdant\u00b7es. Seules les compagnies foresti\u00e8res b\u00e9n\u00e9ficient de ce syst\u00e8me et de cette escroquerie.<\/p>\n\n<div class=\"tweet\">\n  Le Minist\u00e8re des for\u00eats ne conna\u00eet pas la quantit\u00e9 de bois coup\u00e9 au Qu\u00e9bec. \nSans donn\u00e9es, pas d&#8217;<span class=\"twitter-hashtag\">#ActionClimatique<\/span>. Nous exigeons de <span class=\"twitter-mention\">@francoislegault<\/span> une enqu\u00eate parlementaire <span class=\"twitter-mention\">@AssnatQc<\/span> \n sur le <span class=\"twitter-mention\">@MFFP_Quebec<\/span> d\u00e8s aujourd&#8217;hui! Lisez les d\u00e9tails &gt;&gt; <span class=\"twitter-link\">https:\/\/act.gp\/39d0n4J<\/span> <span class=\"twitter-hashtag\">#polqc<\/span> \n<\/div>\n<div class=\"click-to-tweet-btn\">\n  <a href=\"https:\/\/twitter.com\/intent\/tweet?text=Le%20Minist%C3%A8re%20des%20for%C3%AAts%20ne%20conna%C3%AEt%20pas%20la%20quantit%C3%A9%20de%20bois%20coup%C3%A9%20au%20Qu%C3%A9bec.%20%0ASans%20donn%C3%A9es%2C%20pas%20d'%23ActionClimatique.%20Nous%20exigeons%20de%20%40francoislegault%20une%20enqu%C3%AAte%20parlementaire%20%40AssnatQc%20%0A%20sur%20le%20%40MFFP_Quebec%20d%C3%A8s%20aujourd'hui!%20Lisez%20les%20d%C3%A9tails%20%3E%3E%20https%3A%2F%2Fact.gp%2F39d0n4J%20%23polqc%20\">Tweet<\/a>\n<\/div>\n\n<p><\/p>\n\n<h3 class=\"wp-block-heading\">3. Le Minist\u00e8re des for\u00eats subventionne la d\u00e9forestation \u00e0 coup de millions<\/h3>\n\n<p>Il y a suffisamment de chemins forestiers au Qu\u00e9bec pour faire 10,5 fois le tour de la Terre. Entre 2019 et 2020, <strong>le Qu\u00e9bec a vers\u00e9 100 millions de dollars \u00e0 des entreprises foresti\u00e8res pour construire des routes principalement pour l&#8217;exploitation foresti\u00e8re<\/strong>. Non seulement ces routes fragmentent les habitats fauniques, mais avec des sols compact\u00e9s, rien n\u2019y repousse. Dans ces cas on appelle \u00e7a de la d\u00e9forestation. Le gouvernement cat\u00e9gorise ces chemins comme \u00e9tant des routes \u00e0 usages multiples, car elles ouvrent la porte \u00abaux activit\u00e9s r\u00e9cr\u00e9atives, au tourisme et \u00e0 l&#8217;usage autochtone\u00bb. Ce jeu de s\u00e9mantique consiste \u00e0 \u00e9viter de donner l&#8217;impression de subventionner l&#8217;industrie, et donc d&#8217;\u00e9viter une taxe sur l&#8217;exportation du bois en direction des \u00c9tats-Unis.&nbsp;&nbsp;&nbsp;<\/p>\n\n<div class=\"tweet\">\n  Le Minist\u00e8re des for\u00eats subventionne la <span class=\"twitter-hashtag\">#d<\/span>\u00e9forestation \u00e0 coup de millions de $$$. Oubli\u00e9es l&#8217;<span class=\"twitter-hashtag\">#ActionClimatique<\/span> et la <span class=\"twitter-hashtag\">#biodiversit<\/span>\u00e9! Nous exigeons de <span class=\"twitter-mention\">@francoislegault<\/span> une enqu\u00eate sur le <span class=\"twitter-mention\">@MFFP_Quebec<\/span> d\u00e8s aujourd&#8217;hui! Lisez les d\u00e9tails &gt;&gt; <span class=\"twitter-link\">https:\/\/act.gp\/39d0n4J<\/span> <span class=\"twitter-hashtag\">#polqc<\/span> <span class=\"twitter-mention\">@AssnatQc<\/span> \n<\/div>\n<div class=\"click-to-tweet-btn\">\n  <a href=\"https:\/\/twitter.com\/intent\/tweet?text=Le%20Minist%C3%A8re%20des%20for%C3%AAts%20subventionne%20la%20%23d%C3%A9forestation%20%C3%A0%20coup%20de%20millions%20de%20%24%24%24.%20Oubli%C3%A9es%20l'%23ActionClimatique%20et%20la%20%23biodiversit%C3%A9!%20Nous%20exigeons%20de%20%40francoislegault%20une%20enqu%C3%AAte%20sur%20le%20%40MFFP_Quebec%20d%C3%A8s%20aujourd'hui!%20Lisez%20les%20d%C3%A9tails%20%3E%3E%20https%3A%2F%2Fact.gp%2F39d0n4J%20%23polqc%20%40AssnatQc%20\">Tweet<\/a>\n<\/div>\n\n<p><\/p>\n\n<h3 class=\"wp-block-heading\">4. Il y a une ing\u00e9rence politique au sein du Minist\u00e8re des for\u00eats<\/h3>\n\n<p>Dans les entrevues d\u2019Enqu\u00eate, on note que le contr\u00f4le des for\u00eats publiques a \u00e9t\u00e9 perdu au profit du lobby de l&#8217;industrie et de (certain\u00b7es) politicien\u00b7nes. On parle d\u2019un achat de votes par le parti au pouvoir, car la grande part des \u00e9lu\u00b7es de la CAQ sont bas\u00e9\u00b7es dans des r\u00e9gions \u00e0 ressources <sup>ii<\/sup><sub>.<\/sub> De plus, une <a rel=\"noreferrer noopener\" href=\"https:\/\/www.oifq.com\/images\/publications\/Rapport_enquete_pratique_ing_for_2020_final.pdf\" target=\"_blank\">enqu\u00eate ind\u00e9pendante<\/a> initi\u00e9e par l&#8217;Ordre des ing\u00e9nieurs forestiers, \u00e0 r\u00e9v\u00e9l\u00e9 qu\u2019il existe de l&#8217;<strong>ing\u00e9rence politique<\/strong>, des ordres incoh\u00e9rents, un manque de responsabilit\u00e9, une surcharge de travail, <strong>une pression de l&#8217;industrie et des d\u00e9cisions qui \u00e9manent directement du bureau du sous-ministre sans consultation des r\u00e9gions cibles<\/strong>. Le MFFP \u00e9tait un partenaire financier de cette enqu\u00eate mais <a rel=\"noreferrer noopener\" href=\"https:\/\/www.lapresse.ca\/actualites\/politique\/2020-12-08\/ingenieurs-forestiers\/le-ministere-des-forets-se-dissocie-d-une-enquete-critique-a-son-egard.php\" target=\"_blank\">s&#8217;est vite retir\u00e9 (logo) en voyant les conclusions<\/a>.<\/p>\n\n<div class=\"tweet\">\n  Des lanceurs\u00b7euses d&#8217;alerte et une \u00e9tude ind\u00e9pendante signalent une ing\u00e9rence politique au sein du Minist\u00e8re des For\u00eats! \nNous exigeons de <span class=\"twitter-mention\">@francoislegault<\/span> une enqu\u00eate parlementaire sur le <span class=\"twitter-mention\">@MFFP_Quebec<\/span> d\u00e8s aujourd&#8217;hui! Lisez les d\u00e9tails &gt;&gt; <span class=\"twitter-link\">https:\/\/act.gp\/39d0n4J<\/span> <span class=\"twitter-hashtag\">#polqc<\/span> <span class=\"twitter-mention\">@AssnatQc<\/span> \n<\/div>\n<div class=\"click-to-tweet-btn\">\n  <a href=\"https:\/\/twitter.com\/intent\/tweet?text=Des%20lanceurs%C2%B7euses%20d'alerte%20et%20une%20%C3%A9tude%20ind%C3%A9pendante%20signalent%20une%20ing%C3%A9rence%20politique%20au%20sein%20du%20Minist%C3%A8re%20des%20For%C3%AAts!%20%0ANous%20exigeons%20de%20%40francoislegault%20une%20enqu%C3%AAte%20parlementaire%20sur%20le%20%40MFFP_Quebec%20d%C3%A8s%20aujourd'hui!%20Lisez%20les%20d%C3%A9tails%20%3E%3E%20https%3A%2F%2Fact.gp%2F39d0n4J%20%23polqc%20%40AssnatQc%20\">Tweet<\/a>\n<\/div>\n\n<p><\/p>\n\n<h3 class=\"wp-block-heading\">5. Le Minist\u00e8re des for\u00eats est \u00e0 la solde de l&#8217;industrie foresti\u00e8re<\/h3>\n\n<p>Ce qui est sur papier est diff\u00e9rent de la pratique r\u00e9elle. Toutes les commandes internes re\u00e7ues au sein du minist\u00e8re sont align\u00e9es sur la meilleure fa\u00e7on de servir les int\u00e9r\u00eats de l&#8217;industrie, <strong>m\u00eame lorsqu&#8217;une entreprise ne respecte pas les r\u00e8glements environnementaux. Dans ces cas, on peut voir des \u00abcommandes sp\u00e9ciales\u00bb afin de continuer \u00e0 nourrir les usines<\/strong>. Il y a une lutte de pouvoir au sein du minist\u00e8re, avec des branches r\u00e9gionales et une g\u00e9n\u00e9ration plus \u00e2g\u00e9e de forestiers moins enclins \u00e0 prendre en compte l&#8217;environnement. De bonne conscience, certains ing\u00e9nieurs du minist\u00e8re refusent d\u2019apposer leur sceau professionnel sur des travaux, car les coins sont r\u00e9guli\u00e8rement coup\u00e9s et le travail s&#8217;improvise syst\u00e9matiquement. De plus, un survol du programme du ministre et du sous-ministre d\u00e9montre un int\u00e9r\u00eat \u00e9conomique disproportionn\u00e9. Les rencontres se d\u00e9roulent principalement avec l&#8217;industrie et peu (ou pas du tout) avec les groupes environnementaux <sup>iii<\/sup>.&nbsp;<\/p>\n\n<div class=\"tweet\">\n  &#8220;Ch\u00e8ques en blancs&#8221;, &#8220;commandes sp\u00e9ciales&#8221;, &#8220;travail improvis\u00e9&#8221; : le Minist\u00e8re des <span class=\"twitter-hashtag\">#for<\/span>\u00eats est \u00e0 la solde de l&#8217;industrie! Nous exigeons de <span class=\"twitter-mention\">@francoislegault<\/span> une enqu\u00eate parlementaire sur le <span class=\"twitter-mention\">@MFFP_Quebec<\/span> d\u00e8s aujourd&#8217;hui! Lisez les d\u00e9tails &gt;&gt; <span class=\"twitter-link\">https:\/\/act.gp\/39d0n4J<\/span> <span class=\"twitter-hashtag\">#polqc<\/span> <span class=\"twitter-mention\">@AssnatQc<\/span>\n<\/div>\n<div class=\"click-to-tweet-btn\">\n  <a href=\"https:\/\/twitter.com\/intent\/tweet?text=%22Ch%C3%A8ques%20en%20blancs%22%2C%20%22commandes%20sp%C3%A9ciales%22%2C%20%22travail%20improvis%C3%A9%22%20%3A%20le%20Minist%C3%A8re%20des%20%23for%C3%AAts%20est%20%C3%A0%20la%20solde%20de%20l'industrie!%20Nous%20exigeons%20de%20%40francoislegault%20une%20enqu%C3%AAte%20parlementaire%20sur%20le%20%40MFFP_Quebec%20d%C3%A8s%20aujourd'hui!%20Lisez%20les%20d%C3%A9tails%20%3E%3E%20https%3A%2F%2Fact.gp%2F39d0n4J%20%23polqc%20%40AssnatQc\">Tweet<\/a>\n<\/div>\n\n<p><\/p>\n\n<h3 class=\"wp-block-heading\">6. Le Minist\u00e8re des for\u00eats bloque les projets d\u2019aires prot\u00e9g\u00e9es<\/h3>\n\n<p>\u00c0 l&#8217;automne 2020 des <strong>groupes citoyens et environnementalistes, dont Greenpeace, ont <a href=\"https:\/\/www.greenpeace.org\/canada\/fr\/communique-de-presse\/44874\/coup-de-balai-necessaire-au-ministere-des-forets-de-la-faune-et-des-parcs\/\" target=\"_blank\" rel=\"noreferrer noopener\">d\u00e9nonc\u00e9<\/a> une volont\u00e9 claire du MFFP de nuire aux efforts de conservation<\/strong>. La cr\u00e9ation d&#8217;aires prot\u00e9g\u00e9es est syst\u00e9matiquement bloqu\u00e9e l\u00e0 o\u00f9 il y a un int\u00e9r\u00eat pour la sylviculture, m\u00eame lorsque les employ\u00e9s au sein du minist\u00e8re ont donn\u00e9 le feu vert \u00e0 ces projets. On peut compter <strong>83 de ces projets qui ont \u00e9t\u00e9 \u00e9cart\u00e9s<\/strong> de l&#8217;objectif de 17% de protection du territoire pour 2020. \u00c0 ceci on critique qu\u2019il n&#8217;y a pas de v\u00e9ritables consultations publiques, que celles-ci sont en r\u00e9alit\u00e9 des s\u00e9ances d&#8217;information. Les d\u00e9cisions sont prises d\u2019avance.&nbsp;Si cela prend des ann\u00e9es pour trouver un consensus autour d&#8217;un projet d&#8217;aire prot\u00e9g\u00e9e, ce n&#8217;est pas le cas pour les permis de coupes qui se font \u00e0 une vitesse \u00e0 couper le souffle.   <\/p>\n\n<figure class=\"wp-block-image aligncenter size-large\"><img loading=\"lazy\" decoding=\"async\" width=\"1024\" height=\"627\" src=\"https:\/\/www.greenpeace.org\/static\/planet4-canada-stateless\/2021\/03\/4ca5c3fc-apqc2020.-1024x627.jpg\" alt=\"\" class=\"wp-image-46854\" srcset=\"https:\/\/www.greenpeace.org\/static\/planet4-canada-stateless\/2021\/03\/4ca5c3fc-apqc2020.-1024x627.jpg 1024w, https:\/\/www.greenpeace.org\/static\/planet4-canada-stateless\/2021\/03\/4ca5c3fc-apqc2020.-300x184.jpg 300w, https:\/\/www.greenpeace.org\/static\/planet4-canada-stateless\/2021\/03\/4ca5c3fc-apqc2020.-768x470.jpg 768w, https:\/\/www.greenpeace.org\/static\/planet4-canada-stateless\/2021\/03\/4ca5c3fc-apqc2020.-1536x940.jpg 1536w, https:\/\/www.greenpeace.org\/static\/planet4-canada-stateless\/2021\/03\/4ca5c3fc-apqc2020.-510x312.jpg 510w, https:\/\/www.greenpeace.org\/static\/planet4-canada-stateless\/2021\/03\/4ca5c3fc-apqc2020..jpg 1920w\" sizes=\"auto, (max-width: 1024px) 100vw, 1024px\" \/><\/figure>\n\n<div class=\"tweet\">\n  Le Minist\u00e8re des <span class=\"twitter-hashtag\">#for<\/span>\u00eats bloque syst\u00e9matiquement les projets d\u2019<span class=\"twitter-hashtag\">#AiresProt<\/span>\u00e9g\u00e9es! Nous exigeons de <span class=\"twitter-mention\">@francoislegault<\/span> une enqu\u00eate parlementaire sur le <span class=\"twitter-mention\">@MFFP_Quebec<\/span> d\u00e8s aujourd&#8217;hui! Lisez les d\u00e9tails &gt;&gt; <span class=\"twitter-link\">https:\/\/act.gp\/39d0n4J<\/span> <span class=\"twitter-hashtag\">#polqc<\/span> <span class=\"twitter-mention\">@AssnatQc<\/span>\n<\/div>\n<div class=\"click-to-tweet-btn\">\n  <a href=\"https:\/\/twitter.com\/intent\/tweet?text=Le%20Minist%C3%A8re%20des%20%23for%C3%AAts%20bloque%20syst%C3%A9matiquement%20les%20projets%20d%E2%80%99%23AiresProt%C3%A9g%C3%A9es!%20Nous%20exigeons%20de%20%40francoislegault%20une%20enqu%C3%AAte%20parlementaire%20sur%20le%20%40MFFP_Quebec%20d%C3%A8s%20aujourd'hui!%20Lisez%20les%20d%C3%A9tails%20%3E%3E%20https%3A%2F%2Fact.gp%2F39d0n4J%20%23polqc%20%40AssnatQc\">Tweet<\/a>\n<\/div>\n\n<p><\/p>\n\n<h3 class=\"wp-block-heading\"><strong>Une commission d\u2019enqu\u00eate parlementaire sur le Minist\u00e8re<\/strong> des for\u00eats<\/h3>\n\n<p>Pour toutes ces raisons, Greenpeace <a href=\"https:\/\/drive.google.com\/file\/d\/1dxP50Nlx5NXM4nE55AMgZgQMwxYZ6wJ0\/view?usp=sharing\" target=\"_blank\" rel=\"noreferrer noopener\">exige une commission d\u2019enqu\u00eate parlementaire sur ce minist\u00e8re<\/a>. <strong>Il n\u00e9cessite d\u2019exposer les d\u00e9faillances du syst\u00e8me en place et sa d\u00e9ficience face aux communaut\u00e9s<\/strong>. On dit oui \u00e0 une enqu\u00eate car <strong>nous exigeons de la transparence sur la fa\u00e7on dont notre gouvernement g\u00e8re le territoire.<\/strong> D\u2019ailleurs, dans une r\u00e9cente<a rel=\"noreferrer noopener\" href=\"https:\/\/www.ledevoir.com\/opinion\/idees\/597283\/la-communaute-scientifique-inquiete-de-la-gestion-des-forets\" target=\"_blank\"> lettre ouverte<\/a>, plus de 67 scientifiques qu\u00e9b\u00e9cois demandent un \u00ab observatoire national \u00bb ind\u00e9pendant du gouvernement pour une \u00e9valuation \u00ab juste de l\u2019\u00e9tat de nos for\u00eats publiques\u00bb. <strong>Une enqu\u00eate ouvre de plus la porte aux vraies solutions<\/strong>, dont une r\u00e9elle gestion \u00e9cosyst\u00e9mique de la planification foresti\u00e8re, une r\u00e9forme fiscale \u00e9cologique, la foresterie de proximit\u00e9 et un financement de transition pour les communaut\u00e9s d\u00e9pendant de la for\u00eat.&nbsp;<\/p>\n\n<p><strong>Dites \u00e0 Legault que la confiance publique dans la gestion des for\u00eats est bris\u00e9e et nous exigeons une enqu\u00eate parlementaire du MFFP.&nbsp;<\/strong><\/p>\n\n<hr class=\"wp-block-separator has-css-opacity\"\/>\n\n<p><strong>Notes:<\/strong><\/p>\n\n<div class=\"wp-block-group is-layout-flow wp-block-group-is-layout-flow\">\n<ul class=\"wp-block-list\">\n<li><em>i) Une recherche dans le<\/em> <em><a rel=\"noreferrer noopener\" href=\"https:\/\/glossaire-forestier.mffp.gouv.qc.ca\/terme\/1470\" target=\"_blank\">lexique du MFFP<\/a> r\u00e9v\u00e8le que le terme for\u00eat vierge est tout de m\u00eame employ\u00e9, donc l&#8217;argument du minist\u00e8re est invalide.<\/em><\/li>\n\n\n\n<li><em>ii) Les m\u00eames critiques peuvent s&#8217;appliquer au gouvernement pr\u00e9c\u00e9dent, soit le PLQ. Nous sommes d\u2019avis que la probl\u00e9matique ne se r\u00e9sume pas \u00e0 un seul parti.<\/em><\/li>\n\n\n\n<li><em>iii) Greenpeace a rencontr\u00e9 le Ministre Dufour au d\u00e9but de son mandat, mais pas depuis. Action Bor\u00e9ale \u00e0 aussi pu rencontrer le ministre sachant qu\u2019il est aussi l\u2019\u00e9lu dans leur r\u00e9gion.<\/em><\/li>\n<\/ul>\n<\/div>\n\n<p><\/p>\n","protected":false},"excerpt":{"rendered":"<p>Chiffres falsifi\u00e9s, rel\u00e2chement des normes, \u00ab ch\u00e8que en blanc \u00bb \u00e0 l&#8217;industrie&#8230; D\u00e9couvrez les 6 constats que d\u00e9voile Enqu\u00eate sur la mauvaise gestion du Minist\u00e8re des For\u00eats, de la Faune et des Parcs, et pourquoi on demande une enqu\u00eate officielle de ce minist\u00e8re. <\/p>\n","protected":false},"author":29,"featured_media":46859,"comment_status":"open","ping_status":"open","sticky":false,"template":"","format":"standard","meta":{"ep_exclude_from_search":false,"p4_og_title":"","p4_og_description":"","p4_og_image":"","p4_og_image_id":"","p4_seo_canonical_url":"","p4_campaign_name":"not set","p4_local_project":"not set","p4_basket_name":"Forests","p4_department":"","footnotes":""},"categories":[2,3],"tags":[23,27,28,29],"p4-page-type":[16],"class_list":["post-59756","post","type-post","status-publish","format-standard","has-post-thumbnail","hentry","category-live-sustainably","category-nature","tag-climate","tag-forests","tag-health","tag-indigenous","p4-page-type-story"],"_links":{"self":[{"href":"https:\/\/www.greenpeace.org\/canada\/en\/wp-json\/wp\/v2\/posts\/59756","targetHints":{"allow":["GET"]}}],"collection":[{"href":"https:\/\/www.greenpeace.org\/canada\/en\/wp-json\/wp\/v2\/posts"}],"about":[{"href":"https:\/\/www.greenpeace.org\/canada\/en\/wp-json\/wp\/v2\/types\/post"}],"author":[{"embeddable":true,"href":"https:\/\/www.greenpeace.org\/canada\/en\/wp-json\/wp\/v2\/users\/29"}],"replies":[{"embeddable":true,"href":"https:\/\/www.greenpeace.org\/canada\/en\/wp-json\/wp\/v2\/comments?post=59756"}],"version-history":[{"count":3,"href":"https:\/\/www.greenpeace.org\/canada\/en\/wp-json\/wp\/v2\/posts\/59756\/revisions"}],"predecessor-version":[{"id":70998,"href":"https:\/\/www.greenpeace.org\/canada\/en\/wp-json\/wp\/v2\/posts\/59756\/revisions\/70998"}],"wp:featuredmedia":[{"embeddable":true,"href":"https:\/\/www.greenpeace.org\/canada\/en\/wp-json\/wp\/v2\/media\/46859"}],"wp:attachment":[{"href":"https:\/\/www.greenpeace.org\/canada\/en\/wp-json\/wp\/v2\/media?parent=59756"}],"wp:term":[{"taxonomy":"category","embeddable":true,"href":"https:\/\/www.greenpeace.org\/canada\/en\/wp-json\/wp\/v2\/categories?post=59756"},{"taxonomy":"post_tag","embeddable":true,"href":"https:\/\/www.greenpeace.org\/canada\/en\/wp-json\/wp\/v2\/tags?post=59756"},{"taxonomy":"p4-page-type","embeddable":true,"href":"https:\/\/www.greenpeace.org\/canada\/en\/wp-json\/wp\/v2\/p4-page-type?post=59756"}],"curies":[{"name":"wp","href":"https:\/\/api.w.org\/{rel}","templated":true}]}}