{"id":59942,"date":"2023-07-18T10:17:27","date_gmt":"2023-07-18T14:17:27","guid":{"rendered":"https:\/\/www.greenpeace.org\/canada\/?p=59942"},"modified":"2025-07-02T04:06:31","modified_gmt":"2025-07-02T08:06:31","slug":"we-are-in-the-middle-of-an-extreme-climate-mess","status":"publish","type":"post","link":"https:\/\/www.greenpeace.org\/canada\/en\/story\/59942\/we-are-in-the-middle-of-an-extreme-climate-mess\/","title":{"rendered":"We are in the middle of an extreme climate mess."},"content":{"rendered":"\n<figure class=\"wp-block-image\"><img decoding=\"async\" src=\"https:\/\/www.greenpeace.org\/static\/planet4-international-stateless\/2023\/07\/eba7ad5d-gettyimages-1517820912-1024x682.jpg\" title=\"Des feux br\u00fblent des arbres au nord du r\u00e9servoir Gouin, pr\u00e8s de la communaut\u00e9 Atikamekw d&#039;Opitciwan, dans la province de Qu\u00e9bec\" alt=\"A man holds an umbrella while standing on the banks of swollen river Satluj after heavy monsoon rains in Rampur, in India's Himachal Pradesh state. \u00a9 AFP via Getty Images\" class=\"wp-image-60676\"\/><figcaption class=\"wp-element-caption\">A man holds an umbrella while standing on the banks of swollen river Satluj after heavy monsoon rains in Rampur, in India\u2019s Himachal Pradesh state.<div class=\"credit icon-left\"> \u00a9 Renaud Philippe \/ Greenpeace<\/div><\/figcaption><\/figure>\n\n<p><em>Original blog by <a href=\"\/international\/author\/sudhanshu-malhotra\/\">Sudhanshu Malhotra<\/a><\/em>, <em>published by <a href=\"https:\/\/www.greenpeace.org\/international\/story\/60675\/we-are-in-the-middle-of-an-extreme-climate-mess\/\" data-type=\"URL\" data-id=\"https:\/\/www.greenpeace.org\/international\/story\/60675\/we-are-in-the-middle-of-an-extreme-climate-mess\/\">Greenpeace International<\/a>.<\/em><\/p>\n\n<p>We are in the middle of an extreme climate mess. This is what scientists warned us about for the last 50 years.&nbsp;<\/p>\n\n<p>Our oceans are warming up and&nbsp;<a href=\"https:\/\/www.nature.com\/articles\/d41586-023-02262-9\">changing their colour due to climate change<\/a>. Summers are getting hotter and hotter in many parts of the world, with temperatures reaching as high as 45C. And the increasingly dry conditions have fueled wildfire outbreaks in countries like Canada.<br><br>Furthermore, global warming has created a warmer atmosphere that holds more moisture, creating<a href=\"https:\/\/apnews.com\/article\/flooding-rainfall-climate-change-warming-atmosphere-d207e68ba3374bdc2df3d36e97a84a1b\"> more deadly downpours<\/a>. This high level of precipitation has led to floods and landslides, which recently impacted thousands of people across the globe including Japan, India, the USA and Brazil. We all witnessed the horrific devastation in Pakistan last year when one-third of the country was submerged underwater.&nbsp;<\/p>\n\n<p>And there\u2019s more! July also recorded the&nbsp;<a href=\"https:\/\/www.bbc.com\/news\/science-environment-66104822\">hottest-ever temperature<\/a>&nbsp;since records began. Just to make matters worse, this is an&nbsp;<a href=\"https:\/\/en.wikipedia.org\/wiki\/El_Ni%C3%B1o\">El Ni\u00f1o<\/a>&nbsp;year. El Ni\u00f1o (El Ni\u00f1o\u2013Southern Oscillation, or ENSO) is the hot phase of a natural fluctuation in the Earth\u2019s climate system.<\/p>\n\n<p>Last year,&nbsp;<a href=\"https:\/\/edition.cnn.com\/2023\/06\/02\/business-food\/china-animals-crops-extreme-weather-intl-hnk\/index.html\">China experienced a record-breaking heat wave<\/a>, resulting in drought and disruption of power supply. This year\u2019s heatwave arrived even earlier, resulting in a longer record-breaking heatwave threatening the country\u2019s food security.&nbsp;<\/p>\n\n<p>Unfortunately, this is just a sneak peek at the current situation worldwide. There will be more extreme weather events as the summer months continue.<\/p>\n\n<h3 class=\"wp-block-heading\">Canada forest fire<\/h3>\n\n<p>Above-normal temperatures and increasingly dry conditions have fueled wildfire outbreaks across Canada since May, leading to the&nbsp;<a href=\"https:\/\/www.reuters.com\/world\/americas\/canada-track-its-worst-ever-wildfire-season-2023-06-05\/\">worst-ever start to the wildfire season<\/a>. Hundreds of fires are currently burning throughout Canada.<\/p>\n\n<p><img decoding=\"async\" src=\"https:\/\/www.greenpeace.org\/static\/planet4-international-stateless\/2023\/07\/e6e69a71-gettyimages-1259061874-scaled.jpg\" alt=\"A woman looks at the Jacques-Cartier Bridge through the smoke caused by the wildfires in Northern Quebec in Montreal, Quebec, on June 25, 2023. Montreal had the worst air quality in the world according to IQ Air. Environment Canada issued a Smog warning because of the smoke and discouraged exercise and spending too long outdoors. \u00a9 ANDREJ IVANOV\/AFP via Getty Images\"><\/p>\n\n<p><em>A woman looks at the Jacques-Cartier Bridge through the smoke caused by the wildfires in Northern Quebec in Montreal, Quebec, on June 25, 2023. According to IQ Air, Montreal had the worst air quality in the world. Environment Canada issued a Smog warning because of the smoke and discouraged exercise and spending too long outdoors. \u00a9 ANDREJ IVANOV\/AFP via Getty Images<\/em><\/p>\n\n<h3 class=\"wp-block-heading\">Flooding in Spain<\/h3>\n\n<p>Streets in Spain\u2019s north-eastern city of Zaragoza were flooded on Thursday last week after a severe storm and torrential downpours. People could be seen clinging to their cars and climbing nearby trees to escape the flood waters before emergency services could carry out rescue missions.<\/p>\n\n<h3 class=\"wp-block-heading\">Brazil flooding<\/h3>\n\n<p>In Brazil,&nbsp;<a href=\"https:\/\/www.greenpeace.org\/brasil\/blog\/o-caos-do-clima-e-das-politicas-publicas\/\">heavy rains and flooding forced thousands of people from their homes<\/a>&nbsp;in two states in the Northeast. This latest severe climate impact displaced more than 20,000 people in Alagoas.<\/p>\n\n<p>Thousands in Alagoas, Brazil, have been forced from their homes after heavy rains.\u2063 \u00a9 Edvan Ferreira \/ Alagoas Agency<\/p>\n\n<h3 class=\"wp-block-heading\"><br>Floods in North India<\/h3>\n\n<p>Last week we saw some dreadful visuals of flash floods washing away everything on their way. Most rivers are overflowing, and thousands are still stranded in the hills. About 40 people have died so far.<\/p>\n\n<h3 class=\"wp-block-heading\">Heatwave in China<\/h3>\n\n<p>China is experiencing its second year of extreme heatwave. With temperatures crossing 41C in many regions, dependence on air conditioners is ever-increasing.<\/p>\n\n<figure class=\"wp-block-image\"><img decoding=\"async\" src=\"https:\/\/www.greenpeace.org\/static\/planet4-international-stateless\/2023\/07\/f381d947-gettyimages-1258999572-1024x681.jpg\" alt=\"People shelter from the sun under an umbrella as they arrive to visit the Forbidden City during a heatwave in Beijing on June 24, 2023. Beijing recorded its third consecutive day of 40 degree Celsius weather, the first time since records began. \u00a9 GREG BAKER\/AFP via Getty Images\" class=\"wp-image-60705\"\/><figcaption class=\"wp-element-caption\">People shelter from the sun under an umbrella as they visit the Forbidden City during a heatwave in Beijing on June 24, 2023. Beijing recorded its third consecutive day of 40-degree Celsius weather, the first time since records began.<\/figcaption><\/figure>\n\n<h3 class=\"wp-block-heading\">USA floods<\/h3>\n\n<p>Torrential rains and flash flooding devastated the Northeast region of the United States, notably the state of Vermont and the Hudson Valley region in New York state. Vermont Governor Phil Scott called the flooding \u201c<a href=\"https:\/\/www.npr.org\/2023\/07\/11\/1187012088\/floods-vermont-new-york-new-england\">historic and catastrophic<\/a>.\u201d<\/p>\n\n<figure class=\"wp-block-image\"><img decoding=\"async\" src=\"https:\/\/www.greenpeace.org\/static\/planet4-international-stateless\/2023\/07\/c6b0e00f-gettyimages-1520306091-1024x683.jpg\" alt=\"A flooded road is seen on July 10, 2023 in Chester, Vermont. Torrential rain and flooding has affected millions of people from Vermont south to North Carolina. \u00a9 Scott Eisen\/Getty Images\" class=\"wp-image-60701\"\/><figcaption class=\"wp-element-caption\">On July 10, 2023, a flooded road is seen in Chester, Vermont. Torrential rain and flooding have affected millions from Vermont south to North Carolina.<\/figcaption><\/figure>\n\n<h3 class=\"wp-block-heading\">Floods in Japan<\/h3>\n\n<p>Seven people died after southwest Japan\u2019s<a href=\"https:\/\/www.japantimes.co.jp\/news\/2023\/07\/12\/national\/rain-death-toll-kyushu-rises\/\">&nbsp;\u201cheaviest rain ever\u201d triggered floods and landslides<\/a>. With increased Typhoons and floods in recent years, Japan is facing vulnerability to climate crises.<\/p>\n\n<figure class=\"wp-block-image\"><img decoding=\"async\" src=\"https:\/\/www.greenpeace.org\/static\/planet4-international-stateless\/2023\/07\/ebbe7274-gettyimages-1521012191-1024x683.jpg\" title=\"Des feux br\u00fblent des arbres au nord du r\u00e9servoir Gouin, pr\u00e8s de la communaut\u00e9 Atikamekw d&#039;Opitciwan, dans la province de Qu\u00e9bec\" alt=\"Rescue teams gather at the site of a landslide in Karatsu City, Saga prefecture on July 11, 2023, a day after heavy rains hit wide areas of Kyushu island. At least two people were killed in torrential rain in southwest Japan, as tens of thousands of residents were told to evacuate their homes.<div class=\"credit icon-left\"> \u00a9 Renaud Philippe \/ Greenpeace<\/div> \u00a9 KAZUHIRO NOGI\/AFP via Getty Images&#8221; class=&#8221;wp-image-60677&#8243;\/><figcaption class=\"wp-element-caption\">Rescue teams gather at the site of a landslide in Karatsu City, Saga prefecture on July 11, 2023, a day after heavy rains hit wide areas of Kyushu island. At least two people were killed in torrential rain in southwest Japan, as tens of thousands of residents were told to evacuate their homes.<div class=\"credit icon-left\"> \u00a9 Renaud Philippe \/ Greenpeace<\/div><\/figcaption><\/figure>\n\t\t\t<section\n\t\t\tclass=\"boxout post-44961 \"\n\t\t\t\n\t\t>\n\t\t\t<a\n\t\t\t\tdata-ga-category=\"Take Action Boxout\"\n\t\t\t\tdata-ga-action=\"Image\"\n\t\t\t\tdata-ga-label=\"n\/a\"\n\t\t\t\tclass=\"cover-card-overlay\"\n\t\t\t\thref=\"https:\/\/www.greenpeace.org\/canada\/en\/act\/volunteer-with-greenpeace\/\" \n\t\t\t><\/a>\n\t\t\t\t\t\t\t<img\n\t\t\t\t\t\tsrc=\"https:\/\/www.greenpeace.org\/static\/planet4-canada-stateless\/7f8a2de4-gp0sttfcj-1024x683.jpg\"\n\t\t\t\t\t\tsrcset=\"\"\n\t\t\t\t\t\tsizes=\"(min-width: 1000px) 358px, (min-width: 780px) 313px, 88px\"\n\t\t\t\t\t\talt=\"World Oceans Day Event in Italy. \u00a9 Greenpeace \/ Massimo Guidi\" title=\"World Oceans Day Event in Italy. \u00a9 Greenpeace \/ Massimo Guidi\"\n\t\t\t\t\/>\n            \t\t\t<div class=\"boxout-content\">\n\t\t\t\t\t\t\t\t\t<a\n\t\t\t\t\t\tclass=\"boxout-heading medium\"\n\t\t\t\t\t\tdata-ga-category=\"Take Action Boxout\"\n\t\t\t\t\t\tdata-ga-action=\"Title\"\n\t\t\t\t\t\tdata-ga-label=\"n\/a\"\n\t\t\t\t\t\thref=\"https:\/\/www.greenpeace.org\/canada\/en\/act\/volunteer-with-greenpeace\/\"\n\t\t\t\t\t\t\n\t\t\t\t\t>\n\t\t\t\t\t\tVolunteer\n\t\t\t\t\t<\/a>\n\t\t\t\t\t\t\t\t\t\t\t\t\t<p class=\"boxout-excerpt\">Start volunteering with Greenpeace! Together we spread awareness, bear witness and take action to put an end to the attacks on our planet and its people.<\/p>\n\t\t\t\t                                    <a\n                        class=\"btn btn-primary\"\n                        data-ga-category=\"Take Action Boxout\"\n                        data-ga-action=\"Call to Action\"\n                        data-ga-label=\"n\/a\"\n                        href=\"https:\/\/www.greenpeace.org\/canada\/en\/act\/volunteer-with-greenpeace\/\"\n                        \n                    >\n                        Take action\n                    <\/a>\n                \t\t\t<\/div>\n\t\t\t\t\t<\/section>\n\t","protected":false},"excerpt":{"rendered":"<p>We are in the middle of an extreme climate mess. This is what scientists warned us about for the last 50 years.&nbsp;<\/p>\n","protected":false},"author":127,"featured_media":59958,"comment_status":"open","ping_status":"open","sticky":false,"template":"","format":"standard","meta":{"ep_exclude_from_search":false,"p4_og_title":"We are in the middle of an extreme climate mess.","p4_og_description":"This is what the climate scientists have been warning us about for the last 50 years.\u00a0","p4_og_image":"https:\/\/www.greenpeace.org\/static\/planet4-canada-stateless\/2023\/07\/b6e707c7-gettyimages-1259061874-scaled.jpg","p4_og_image_id":"59958","p4_seo_canonical_url":"","p4_campaign_name":"","p4_local_project":"","p4_basket_name":"","p4_department":"","footnotes":""},"categories":[4],"tags":[27,28,23,31],"p4-page-type":[16],"class_list":["post-59942","post","type-post","status-publish","format-standard","has-post-thumbnail","hentry","category-climate","tag-forests","tag-health","tag-climate","tag-oceans","p4-page-type-story"],"_links":{"self":[{"href":"https:\/\/www.greenpeace.org\/canada\/en\/wp-json\/wp\/v2\/posts\/59942","targetHints":{"allow":["GET"]}}],"collection":[{"href":"https:\/\/www.greenpeace.org\/canada\/en\/wp-json\/wp\/v2\/posts"}],"about":[{"href":"https:\/\/www.greenpeace.org\/canada\/en\/wp-json\/wp\/v2\/types\/post"}],"author":[{"embeddable":true,"href":"https:\/\/www.greenpeace.org\/canada\/en\/wp-json\/wp\/v2\/users\/127"}],"replies":[{"embeddable":true,"href":"https:\/\/www.greenpeace.org\/canada\/en\/wp-json\/wp\/v2\/comments?post=59942"}],"version-history":[{"count":8,"href":"https:\/\/www.greenpeace.org\/canada\/en\/wp-json\/wp\/v2\/posts\/59942\/revisions"}],"predecessor-version":[{"id":70919,"href":"https:\/\/www.greenpeace.org\/canada\/en\/wp-json\/wp\/v2\/posts\/59942\/revisions\/70919"}],"wp:featuredmedia":[{"embeddable":true,"href":"https:\/\/www.greenpeace.org\/canada\/en\/wp-json\/wp\/v2\/media\/59958"}],"wp:attachment":[{"href":"https:\/\/www.greenpeace.org\/canada\/en\/wp-json\/wp\/v2\/media?parent=59942"}],"wp:term":[{"taxonomy":"category","embeddable":true,"href":"https:\/\/www.greenpeace.org\/canada\/en\/wp-json\/wp\/v2\/categories?post=59942"},{"taxonomy":"post_tag","embeddable":true,"href":"https:\/\/www.greenpeace.org\/canada\/en\/wp-json\/wp\/v2\/tags?post=59942"},{"taxonomy":"p4-page-type","embeddable":true,"href":"https:\/\/www.greenpeace.org\/canada\/en\/wp-json\/wp\/v2\/p4-page-type?post=59942"}],"curies":[{"name":"wp","href":"https:\/\/api.w.org\/{rel}","templated":true}]}}