{"id":1549,"date":"2017-10-05T00:00:05","date_gmt":"2017-10-05T00:00:05","guid":{"rendered":"https:\/\/www.greenpeace.org\/canada\/?p=1549"},"modified":"2019-11-06T03:29:27","modified_gmt":"2019-11-06T08:29:27","slug":"greenpeace-reagit-a-lannulation-du-pipeline-energie-est","status":"publish","type":"post","link":"https:\/\/www.greenpeace.org\/canada\/fr\/blog-des-volontaires\/1549\/greenpeace-reagit-a-lannulation-du-pipeline-energie-est\/","title":{"rendered":"Greenpeace r\u00e9agit \u00e0 l&rsquo;annulation du pipeline \u00c9nergie Est"},"content":{"rendered":"<p>R\u00e9agissant \u00e0 l&rsquo;annonce de TransCanada qui annule son projet de pipeline de sables bitumineux \u00c9nergie Est, Patrick Bonin, responsable de la campagne Climat-\u00c9nergie, a d\u00e9clar\u00e9:<\/p>\n<p>\u00abC&rsquo;est une excellente journ\u00e9e pour l&rsquo;eau, le climat, l&rsquo;\u00e9conomie et les droits autochtones. Le monde change et la fin de l\u2019\u00e8re du p\u00e9trole est en vue. Il s&rsquo;agit d&rsquo;une incroyable victoire pour tous les citoyens, les environnementalistes, les municipalit\u00e9s, les propri\u00e9taires fonciers, les syndicats, les Premi\u00e8res Nations et tous ceux et celles qui ont prouv\u00e9 qu\u2019il n\u2019y avait pas d\u2019acceptabilit\u00e9 sociale pour ce projet. L\u2019opposition a entra\u00een\u00e9 des retards majeurs pour ce projet et permis de s\u2019assurer qu\u2019il soit soumis \u00e0 un test climatique ce qui a fait en sorte que TransCanada a \u00e9t\u00e9 forc\u00e9 de reconna\u00eetre qu&rsquo;il n&rsquo;y a pas de place pour \u00c9nergie Est dans un monde o\u00f9 la lutte aux changements climatiques est prise au s\u00e9rieux.<\/p>\n<p>Ce qui est vrai pour \u00c9nergie Est est vrai pour tous les autres pipelines de sables bitumineux: Keystone XL, Ligne 3 et Trans Mountain qui sont incompatibles avec la lutte contre les changements climatiques ainsi que le respect des droits des autochtones et les investisseurs devraient en prendre bonne note. La mobilisation en faveur de l\u2019\u00e9mergence d\u2019une \u00e9conomie durable, juste et prosp\u00e8re fera en sorte que les autres projets de pipelines de sables bitumineux ne seront jamais construits. La transition vers une \u00e9conomie verte n\u00e9cessite une \u00e9limination rapide de l\u2019utilisation des combustibles fossiles et, au lieu de d\u00e9penser des milliards dans les pipelines, cet argent devrait servir \u00e0 soutenir les travailleurs dans la transition juste vers les \u00e9nergies \u00e0 100% renouvelables\u00a0\u00bb.<\/p>\n<p>&#8211; 30 &#8211;<\/p>\n<p>Loujain Kurdi<br \/>\nConseill\u00e8re en communications<br \/>\n(514) 577-6657 (mobile)<br \/>\n<a href=\"mailto:loujain.kurdi@greenpeace.org\">loujain.kurdi@greenpeace.org<\/a><\/p>\n","protected":false},"excerpt":{"rendered":"<p>R\u00e9agissant \u00e0 l&#8217;annonce de TransCanada qui annule son projet de pipeline de sables bitumineux \u00c9nergie Est, Patrick Bonin, responsable de la campagne Climat-\u00c9nergie, a d\u00e9clar\u00e9: \u00abC&#8217;est une excellente journ\u00e9e pour&hellip;<\/p>\n","protected":false},"author":7,"featured_media":0,"comment_status":"open","ping_status":"open","sticky":false,"template":"","format":"standard","meta":{"ep_exclude_from_search":false,"p4_og_title":"","p4_og_description":"","p4_og_image":"","p4_og_image_id":"","p4_seo_canonical_url":"","p4_campaign_name":"","p4_local_project":"","p4_basket_name":"","p4_department":"","footnotes":""},"categories":[20],"tags":[47,51],"p4-page-type":[],"class_list":["post-1549","post","type-post","status-publish","format-standard","hentry","category-climat","tag-petrole","tag-victoires"],"_links":{"self":[{"href":"https:\/\/www.greenpeace.org\/canada\/fr\/wp-json\/wp\/v2\/posts\/1549","targetHints":{"allow":["GET"]}}],"collection":[{"href":"https:\/\/www.greenpeace.org\/canada\/fr\/wp-json\/wp\/v2\/posts"}],"about":[{"href":"https:\/\/www.greenpeace.org\/canada\/fr\/wp-json\/wp\/v2\/types\/post"}],"author":[{"embeddable":true,"href":"https:\/\/www.greenpeace.org\/canada\/fr\/wp-json\/wp\/v2\/users\/7"}],"replies":[{"embeddable":true,"href":"https:\/\/www.greenpeace.org\/canada\/fr\/wp-json\/wp\/v2\/comments?post=1549"}],"version-history":[{"count":2,"href":"https:\/\/www.greenpeace.org\/canada\/fr\/wp-json\/wp\/v2\/posts\/1549\/revisions"}],"predecessor-version":[{"id":1551,"href":"https:\/\/www.greenpeace.org\/canada\/fr\/wp-json\/wp\/v2\/posts\/1549\/revisions\/1551"}],"wp:attachment":[{"href":"https:\/\/www.greenpeace.org\/canada\/fr\/wp-json\/wp\/v2\/media?parent=1549"}],"wp:term":[{"taxonomy":"category","embeddable":true,"href":"https:\/\/www.greenpeace.org\/canada\/fr\/wp-json\/wp\/v2\/categories?post=1549"},{"taxonomy":"post_tag","embeddable":true,"href":"https:\/\/www.greenpeace.org\/canada\/fr\/wp-json\/wp\/v2\/tags?post=1549"},{"taxonomy":"p4-page-type","embeddable":true,"href":"https:\/\/www.greenpeace.org\/canada\/fr\/wp-json\/wp\/v2\/p4-page-type?post=1549"}],"curies":[{"name":"wp","href":"https:\/\/api.w.org\/{rel}","templated":true}]}}