{"id":1615,"date":"2008-01-27T00:00:05","date_gmt":"2008-01-27T00:00:05","guid":{"rendered":"https:\/\/www.greenpeace.org\/canada\/?p=1615"},"modified":"2019-11-06T03:29:53","modified_gmt":"2019-11-06T08:29:53","slug":"une-industrie-mise-au-defi-vers-une-aquaculture-durable","status":"publish","type":"post","link":"https:\/\/www.greenpeace.org\/canada\/fr\/publications\/1615\/une-industrie-mise-au-defi-vers-une-aquaculture-durable\/","title":{"rendered":"Une industrie mise au d\u00e9fi : Vers une aquaculture durable"},"content":{"rendered":"<p><a href=\"https:\/\/www.greenpeace.org\/static\/planet4-canada-stateless\/2018\/06\/vers-une-aquaculture-durable.pdf\" target=\"_blank\" rel=\"noopener noreferrer\"><img loading=\"lazy\" decoding=\"async\" src=\"https:\/\/www.greenpeace.org\/static\/planet4-canada-stateless\/2018\/06\/vers-une-aquaculture-durable-232x300.jpg\" alt=\"\" width=\"232\" height=\"300\" class=\"alignright size-medium wp-image-1610\" srcset=\"https:\/\/www.greenpeace.org\/static\/planet4-canada-stateless\/2018\/06\/vers-une-aquaculture-durable-232x300.jpg 232w, https:\/\/www.greenpeace.org\/static\/planet4-canada-stateless\/2018\/06\/vers-une-aquaculture-durable-768x994.jpg 768w, https:\/\/www.greenpeace.org\/static\/planet4-canada-stateless\/2018\/06\/vers-une-aquaculture-durable-791x1024.jpg 791w, https:\/\/www.greenpeace.org\/static\/planet4-canada-stateless\/2018\/06\/vers-une-aquaculture-durable-1056x1366.jpg 1056w, https:\/\/www.greenpeace.org\/static\/planet4-canada-stateless\/2018\/06\/vers-une-aquaculture-durable-263x340.jpg 263w, https:\/\/www.greenpeace.org\/static\/planet4-canada-stateless\/2018\/06\/vers-une-aquaculture-durable.jpg 1275w\" sizes=\"auto, (max-width: 232px) 100vw, 232px\" \/><\/a><\/p>\n<p><strong>Ce rapport a \u00e9t\u00e9 d\u00e9voil\u00e9 \u00e0 Barcelone, en Espagne, le 28 janvier 2008, \u00e0 l\u2019occasion d\u2019une importante rencontre internationale de l\u2019Alliance sur les produits de la mer.<\/strong><\/p>\n<p>\u0152uvre des scientifiques de Greenpeace \u00e0 l\u2019universit\u00e9 d\u2019Exeter, en Grande-Bretagne, il y est question des dangers que l\u2019aquaculture fait courir aux \u00e9cosyst\u00e8mes marins, la s\u00e9curit\u00e9 alimentaire mondiale et les droits de la personne dans de nombreux pays c\u00f4tiers. Bonne lecture.<\/p>\n<p><a href=\"https:\/\/www.greenpeace.org\/static\/planet4-canada-stateless\/2018\/06\/vers-une-aquaculture-durable.pdf\" target=\"_blank\" rel=\"noopener noreferrer\">T\u00e9l\u00e9charger le rapport [PDF]<\/a><\/p>\n","protected":false},"excerpt":{"rendered":"<p>Ce rapport a \u00e9t\u00e9 d\u00e9voil\u00e9 \u00e0 Barcelone, en Espagne, le 28 janvier 2008, \u00e0 l\u2019occasion d\u2019une importante rencontre internationale de l\u2019Alliance sur les produits de la mer.<\/p>\n","protected":false},"author":7,"featured_media":1610,"comment_status":"open","ping_status":"open","sticky":false,"template":"","format":"standard","meta":{"ep_exclude_from_search":false,"p4_og_title":"","p4_og_description":"","p4_og_image":"","p4_og_image_id":"","p4_seo_canonical_url":"","p4_campaign_name":"","p4_local_project":"","p4_basket_name":"","p4_department":"","footnotes":""},"categories":[19],"tags":[46,46],"p4-page-type":[54],"class_list":{"0":"post-1615","1":"post","2":"type-post","3":"status-publish","4":"format-standard","5":"has-post-thumbnail","6":"hentry","7":"category-nature-fr","8":"tag-oceans-fr","10":"p4-page-type-publications"},"_links":{"self":[{"href":"https:\/\/www.greenpeace.org\/canada\/fr\/wp-json\/wp\/v2\/posts\/1615","targetHints":{"allow":["GET"]}}],"collection":[{"href":"https:\/\/www.greenpeace.org\/canada\/fr\/wp-json\/wp\/v2\/posts"}],"about":[{"href":"https:\/\/www.greenpeace.org\/canada\/fr\/wp-json\/wp\/v2\/types\/post"}],"author":[{"embeddable":true,"href":"https:\/\/www.greenpeace.org\/canada\/fr\/wp-json\/wp\/v2\/users\/7"}],"replies":[{"embeddable":true,"href":"https:\/\/www.greenpeace.org\/canada\/fr\/wp-json\/wp\/v2\/comments?post=1615"}],"version-history":[{"count":3,"href":"https:\/\/www.greenpeace.org\/canada\/fr\/wp-json\/wp\/v2\/posts\/1615\/revisions"}],"predecessor-version":[{"id":27187,"href":"https:\/\/www.greenpeace.org\/canada\/fr\/wp-json\/wp\/v2\/posts\/1615\/revisions\/27187"}],"wp:featuredmedia":[{"embeddable":true,"href":"https:\/\/www.greenpeace.org\/canada\/fr\/wp-json\/wp\/v2\/media\/1610"}],"wp:attachment":[{"href":"https:\/\/www.greenpeace.org\/canada\/fr\/wp-json\/wp\/v2\/media?parent=1615"}],"wp:term":[{"taxonomy":"category","embeddable":true,"href":"https:\/\/www.greenpeace.org\/canada\/fr\/wp-json\/wp\/v2\/categories?post=1615"},{"taxonomy":"post_tag","embeddable":true,"href":"https:\/\/www.greenpeace.org\/canada\/fr\/wp-json\/wp\/v2\/tags?post=1615"},{"taxonomy":"p4-page-type","embeddable":true,"href":"https:\/\/www.greenpeace.org\/canada\/fr\/wp-json\/wp\/v2\/p4-page-type?post=1615"}],"curies":[{"name":"wp","href":"https:\/\/api.w.org\/{rel}","templated":true}]}}