{"id":2379,"date":"2018-05-11T10:51:00","date_gmt":"2018-05-11T10:51:00","guid":{"rendered":"https:\/\/www.greenpeace.org\/canada\/non-classifiee\/2379\/nous-avons-interpelle-desjardins-sur-son-incoherence-face-a-la-crise-climatique\/"},"modified":"2019-11-06T03:29:10","modified_gmt":"2019-11-06T08:29:10","slug":"nous-avons-interpelle-desjardins-sur-son-incoherence-face-a-la-crise-climatique","status":"publish","type":"post","link":"https:\/\/www.greenpeace.org\/canada\/fr\/blog-des-volontaires\/2379\/nous-avons-interpelle-desjardins-sur-son-incoherence-face-a-la-crise-climatique\/","title":{"rendered":"Nous avons interpell\u00e9 Desjardins sur son incoh\u00e9rence face \u00e0 la crise climatique"},"content":{"rendered":"<p>Il y a quelques semaines, Greenpeace a appris que le pr\u00e9sident du Mouvement Desjardins, Guy Cormier, allait prendre la parole devant des convives du milieu des affaires lors d\u2019un d\u00eener-conf\u00e9rence portant notamment sur les changements climatiques organis\u00e9 par le Conseil des relations internationales de Montr\u00e9al (CORIM).<\/p>\n<p><strong>Une belle opportunit\u00e9 de faire passer notre message sur l\u2019incoh\u00e9rence de financer les pipelines tout en disant vouloir lutter contre la crise climatique.<\/strong><\/p>\n<p>C\u2019est pourquoi Isabelle et moi avons d\u00e9cid\u00e9 de prendre notre courage \u00e0 deux mains, de participer \u00e0 ce d\u00eener d\u2019affaires et de prendre la parole pour interpeller les leaders d\u2019entreprises sur nos inqui\u00e9tudes. Une occasion de rappeler aussi les demandes des 35 caisses territoriales Desjardins qui ont pass\u00e9 une r\u00e9solution pour que Desjardins cesse de financer les pipelines.<\/p>\n<p><img decoding=\"async\" src=\"https:\/\/www.greenpeace.org\/static\/planet4-canada-stateless\/2018\/06\/142465_258091.jpg\" alt=\"142465_258091\" \/><\/p>\n<p><em>\u00a9 Josu\u00e9 Bertolino<\/em><\/p>\n<p>En arrivant sur place, nous avons \u00e9t\u00e9 surprises de voir que plus de 350 personnes, presque toutes dirigeant\u00b7e\u00b7s d\u2019entreprises ou travaillant pour Desjardins, remplissaient la salle. Nous avons eu un coup de stress, mais lorsque M. Cormier s\u2019est mis \u00e0 parler de l\u2019importance de lutter contre les changements climatiques \u00ab qui sont l\u2019un des plus importants d\u00e9fis de notre \u00e9poque \u00bb, nous avons \u00e9t\u00e9 crinqu\u00e9es de parler de la n\u00e9cessit\u00e9 d\u2019\u00eatre coh\u00e9rent et de cesser de soutenir l\u2019expansion des sables bitumineux qui sont l\u2019une des sources d\u2019\u00e9nergie fossile parmi les plus polluantes au monde! Nous ne sommes pas les seules \u00e0 porter ce message d\u2019urgence. Il y a une volont\u00e9 sin\u00e9quanone de la part d\u2019une grande partie des Qu\u00e9b\u00e9cois\u00b7e\u00b7s de mettre fin une fois pour toute aux projets polluants li\u00e9s aux sables bitumineux.<\/p>\n<p><img decoding=\"async\" src=\"https:\/\/www.greenpeace.org\/static\/planet4-canada-stateless\/2018\/06\/142466_258093.jpg\" alt=\"142466_258093\" \/><\/p>\n<p><em>\u00a9 Josu\u00e9 Bertolino<\/em><\/p>\n<p>\u00c0 l\u2019annonce de la p\u00e9riode de questions nous nous sommes toutes les deux lev\u00e9es. J\u2019ai pris la parole la premi\u00e8re pour parler de nos pr\u00e9cieuses ressources en eau qui sont menac\u00e9es par les d\u00e9versements de pipelines. Le pipeline de Kinder Morgan menace \u00e0 lui seul 1 300 cours d\u2019eau potable. \u00c0 travers le Canada, ce sont des milliers de cours d\u2019eau qui sont \u00e0 risque et certains d\u2019entre-eux ont d\u00e9j\u00e0 \u00e9t\u00e9 pollu\u00e9s par des fuites de p\u00e9trole. Pour rappel, aux \u00c9tats-Unis seulement, on a d\u00e9nombr\u00e9 <strong><a href=\"http:\/\/www.greenpeace.org\/canada\/en\/Press-Center\/2017\/PRESS-RELEASE-New-report-shows-a-spill-a-week-in-US-from-three-tar-sands-pipeline-companies2\/\">une fuite de pipeline par semaine depuis 2010<\/a><\/strong>.<\/p>\n<p>Mon intervention a clairement mis mal \u00e0 l\u2019aise M. Cormier qui m\u2019a r\u00e9pondu avec un discours valorisant les engagements pro-environnement de Desjardins en pr\u00e9cisant que la transition doit \u00eatre graduelle.<\/p>\n<p>Isabelle s\u2019est rapidement rapproch\u00e9 du micro afin d\u2019\u00eatre la prochaine \u00e0 intervenir et c\u2019est bien tomb\u00e9, car ils n\u2019ont accept\u00e9 que deux questions du public. Isabelle a donc rench\u00e9ri en rappelant au pr\u00e9sident du Mouvement Desjardins qu\u2019il ne peut ignorer le nombre grandissant de caisses (35) et de membres (700 000) qui lui demandent de cesser de financer les pipelines de sables bitumineux.<\/p>\n<p>Il a \u00e9t\u00e9 mal \u00e0 l\u2019aise qu\u2019 Isabelle insiste sur le fait que Desjardins doit se s\u00e9parer de Kinder Morgan <strong>si la coop\u00e9rative bancaire souhaite \u00eatre coh\u00e9rente avec les valeurs qu\u2019elle dit d\u00e9fendre comme la protection de l\u2019environnement, le respect des communaut\u00e9s et des Premi\u00e8res nations et le respect de la d\u00e9mocratie<\/strong>. \u00c0 la suite de nos interventions qui ont fait place \u00e0 un silence appuy\u00e9 dans la salle, quelques personnes \u00a0ont tout de m\u00eame fini par nous applaudir.<\/p>\n<p><img decoding=\"async\" src=\"https:\/\/www.greenpeace.org\/static\/planet4-canada-stateless\/2018\/06\/142467_258095.jpg\" alt=\"142467_258095\" \/><\/p>\n<p><em>\u00a9 Josu\u00e9 Bertolino<\/em><\/p>\n<p>C\u2019est \u00e0 ce moment qu\u2019Isabelle a march\u00e9 jusqu\u2019\u00e0 l\u2019avant de la sc\u00e8ne et a d\u00e9ploy\u00e9 sa banni\u00e8re devant les convives sur laquelle on pouvait lire <strong>\u00ab Desjardins, soyez coh\u00e9rent, cessez de financer les pipelines \u00bb<\/strong>. Imaginez, toute une salle remplie de dirigeants d\u2019entreprises auxquels nous n\u2019avons jamais acc\u00e8s pour faire passer notre message. Le niveau de stress \u00e9tait \u00e0 son comble, mais nous sommes super fi\u00e8res d\u2019avoir eu la chance de le faire, car il est certain que le financement des pipelines est un enjeu de plus en plus sensible qui mine la r\u00e9putation de Desjardins et cr\u00e9e de l\u2019ins\u00e9curit\u00e9 financi\u00e8re en raison de l\u2019incertitude de mener \u00e0 bien les projets de pipelines. Nous esp\u00e9rons que d\u2019autres seront inspir\u00e9\u00b7e\u00b7s par notre action et d\u00e9cideront d\u2019interpeller le Mouvement Desjardins jusqu\u2019\u00e0 ce que ses dirigeants prennent la bonne d\u00e9cision.<\/p>\n<p><a href=\"https:\/\/act.gp\/2KVhXfJ\"><strong>Vous pouvez signer la p\u00e9tition et envoyer un message \u00e0 Guy Cormier en cliquant ici.<\/strong><\/a><\/p>\n<p><strong><img decoding=\"async\" src=\"https:\/\/www.greenpeace.org\/static\/planet4-canada-stateless\/2018\/06\/142468_258097.jpg\" alt=\"142468_258097\" \/><\/strong><\/p>\n","protected":false},"excerpt":{"rendered":"<p>Il y a quelques semaines, Greenpeace a appris que le pr\u00e9sident du Mouvement Desjardins, Guy Cormier, allait prendre la parole devant des convives du milieu des affaires lors d\u2019un d\u00eener-conf\u00e9rence portant notamment sur les changements climatiques organis\u00e9 par le Conseil des relations internationales de Montr\u00e9al (CORIM). Une belle opportunit\u00e9 de faire passer notre message sur l\u2019incoh\u00e9rence de financer les pipelines tout en disant vouloir lutter contre la crise climatique.<\/p>\n","protected":false},"author":12,"featured_media":2380,"comment_status":"open","ping_status":"open","sticky":false,"template":"","format":"standard","meta":{"ep_exclude_from_search":false,"p4_og_title":"","p4_og_description":"","p4_og_image":"","p4_og_image_id":"","p4_seo_canonical_url":"","p4_campaign_name":"","p4_local_project":"","p4_basket_name":"","p4_department":"","footnotes":""},"categories":[20],"tags":[47],"p4-page-type":[],"class_list":["post-2379","post","type-post","status-publish","format-standard","has-post-thumbnail","hentry","category-climat","tag-petrole"],"_links":{"self":[{"href":"https:\/\/www.greenpeace.org\/canada\/fr\/wp-json\/wp\/v2\/posts\/2379","targetHints":{"allow":["GET"]}}],"collection":[{"href":"https:\/\/www.greenpeace.org\/canada\/fr\/wp-json\/wp\/v2\/posts"}],"about":[{"href":"https:\/\/www.greenpeace.org\/canada\/fr\/wp-json\/wp\/v2\/types\/post"}],"author":[{"embeddable":true,"href":"https:\/\/www.greenpeace.org\/canada\/fr\/wp-json\/wp\/v2\/users\/12"}],"replies":[{"embeddable":true,"href":"https:\/\/www.greenpeace.org\/canada\/fr\/wp-json\/wp\/v2\/comments?post=2379"}],"version-history":[{"count":3,"href":"https:\/\/www.greenpeace.org\/canada\/fr\/wp-json\/wp\/v2\/posts\/2379\/revisions"}],"predecessor-version":[{"id":2753,"href":"https:\/\/www.greenpeace.org\/canada\/fr\/wp-json\/wp\/v2\/posts\/2379\/revisions\/2753"}],"wp:featuredmedia":[{"embeddable":true,"href":"https:\/\/www.greenpeace.org\/canada\/fr\/wp-json\/wp\/v2\/media\/2380"}],"wp:attachment":[{"href":"https:\/\/www.greenpeace.org\/canada\/fr\/wp-json\/wp\/v2\/media?parent=2379"}],"wp:term":[{"taxonomy":"category","embeddable":true,"href":"https:\/\/www.greenpeace.org\/canada\/fr\/wp-json\/wp\/v2\/categories?post=2379"},{"taxonomy":"post_tag","embeddable":true,"href":"https:\/\/www.greenpeace.org\/canada\/fr\/wp-json\/wp\/v2\/tags?post=2379"},{"taxonomy":"p4-page-type","embeddable":true,"href":"https:\/\/www.greenpeace.org\/canada\/fr\/wp-json\/wp\/v2\/p4-page-type?post=2379"}],"curies":[{"name":"wp","href":"https:\/\/api.w.org\/{rel}","templated":true}]}}