{"id":2386,"date":"2018-05-15T08:18:00","date_gmt":"2018-05-15T08:18:00","guid":{"rendered":"https:\/\/www.greenpeace.org\/canada\/non-classifiee\/2386\/des-personnalites-quebecoises-se-mobilisent-contre-kinder-morgan\/"},"modified":"2019-11-06T03:29:09","modified_gmt":"2019-11-06T08:29:09","slug":"des-personnalites-quebecoises-se-mobilisent-contre-kinder-morgan","status":"publish","type":"post","link":"https:\/\/www.greenpeace.org\/canada\/fr\/blog-des-volontaires\/2386\/des-personnalites-quebecoises-se-mobilisent-contre-kinder-morgan\/","title":{"rendered":"Des personnalit\u00e9s qu\u00e9b\u00e9coises se mobilisent contre Kinder Morgan"},"content":{"rendered":"<p><strong>Normand Baillargeon, Emmanuel Bilodeau, Dominic Champagne, V\u00e9ronique C\u00f4t\u00e9, Yann Perreault et \u00c9ric Pineault aux c\u00f4t\u00e9s du Grand Chef Serge \u2018Otsi\u2019 Simon du Conseil Mohawk de Kanesatake, repr\u00e9sentant du Trait\u00e9 autochtone contre l\u2019expansion des sables bitumineux, ont d\u00e9voil\u00e9 une\u00a0<a href=\"https:\/\/docs.google.com\/forms\/d\/e\/1FAIpQLSdYQdHozNhZhlU6R1fMez1GcIfqIP1r9bu2PxzBGw27QNZngg\/viewform?usp=sf_link\" target=\"_blank\" rel=\"noopener noreferrer\">d\u00e9claration<\/a>\u00a0d\u2019opposition contre l\u2019expansion du pipeline de sables bitumineux\u00a0Trans Mountain\u00a0de Kinder Morgan.<\/strong> De nombreux groupes syndicaux, sociaux, citoyens et environnementaux, dont Greenpeace, font aussi partie des signataires.<\/p>\n<p><img decoding=\"async\" src=\"https:\/\/www.greenpeace.org\/static\/planet4-canada-stateless\/2018\/06\/142499_258183.jpg\" alt=\"\" \/><\/p>\n<p><em>Conf\u00e9rence de presse le 15 mai 2018 &#8211; \u00a9 Josue Bertolino<\/em><\/p>\n<p>Les 120 signataires de la d\u00e9claration ont \u00e9galement\u00a0lanc\u00e9 un\u00a0<strong><a href=\"https:\/\/www.facebook.com\/events\/1704127356346194\/?notif_t=events_add_page_cohost&amp;notif_id=1526387526812587\" target=\"_blank\" rel=\"noopener noreferrer\">appel en vue d&rsquo;une mobilisation d&rsquo;urgence le 27 mai prochain \u00e0 Montr\u00e9al.\u00a0 <\/a><\/strong><\/p>\n<p>Pourquoi \u00ab d&rsquo;urgence \u00bb? Parce que Justin Trudeau rendra sa d\u00e9cision d&rsquo;engager un plan de sauvetage pour financer le projet du g\u00e9ant p\u00e9trolier texan Kinder Morgan le 31 mai.<br \/>\n<strong><br \/>\n<\/strong>Pour \u00eatre r\u00e9ellement coh\u00e9rent avec ses engagements envers la communaut\u00e9 internationale vis-\u00e0-vis du climat, et avec ses promesses de r\u00e9conciliation envers les communaut\u00e9s autochtones, <strong>Justin Trudeau doit rejeter le projet de Kinder Morgan<\/strong>.<\/p>\n<p><a href=\"https:\/\/www.facebook.com\/events\/1704127356346194\/?notif_t=events_add_page_cohost&amp;notif_id=1526387526812587\" target=\"_blank\" rel=\"noopener noreferrer\"><img decoding=\"async\" src=\"https:\/\/www.greenpeace.org\/static\/planet4-canada-stateless\/2018\/06\/142495_258173.jpg\" alt=\"trudeau\" \/><\/a><\/p>\n<p>Le projet de pipeline de sables bitumineux Trans Mountain de Kinder Morgan est plus que jamais incertain depuis que l\u2019entreprise a interrompu certains travaux en avril. La mobilisation des Premi\u00e8res Nations et de la population, les nombreux recours l\u00e9gaux, la fragilit\u00e9 \u00e9conomique du projet et les actions bien l\u00e9gitimes du gouvernement de la Colombie-Britannique pour prot\u00e9ger l\u2019environnement ont cr\u00e9\u00e9 une trop grande <a href=\"https:\/\/ici.radio-canada.ca\/nouvelle\/1095986\/trans-mountain-oleoduc-projet-pipeline-kinder-morgan\" target=\"_blank\" rel=\"noopener noreferrer\">incertitude<\/a> pour l&rsquo;entreprise. Elle a par cons\u00e9quent \u00e9tabli une \u00e9ch\u00e9ance au 31 mai pour r\u00e9soudre la situation.<\/p>\n<p>Le Premier Ministre Justin Trudeau s\u2019est pour sa part port\u00e9 \u00e0 la <a href=\"https:\/\/www.ledevoir.com\/politique\/canada\/525324\/trudeau-met-son-poids-dans-le-dossier-trans-mountain\" target=\"_blank\" rel=\"noopener noreferrer\">d\u00e9fense<\/a> de Kinder Morgan et a annonc\u00e9 que son gouvernement prendra les moyens financiers et l\u00e9gislatifs n\u00e9cessaires pour que ce projet se r\u00e9alise malgr\u00e9 l\u2019impasse politique dans laquelle il est embourb\u00e9.<\/p>\n<p><strong>Cette d\u00e9cision d&rsquo;utiliser l&rsquo;argent des constribuables canadiens pour financer le projet d&rsquo;une p\u00e9troli\u00e8re est inacceptable.\u00a0<\/strong><\/p>\n<p>Les signataires de la d\u00e9claration rappellent que M. Trudeau a promis de mettre en oeuvre la D\u00e9claration des Nations Unies sur les droits des peuples autochtones, laquelle pr\u00e9voit que les Premi\u00e8res Nations doivent donner leur consentement libre, pr\u00e9alable et \u00e9clair\u00e9 \u00e0 des projets sur leurs territoires. Nombreuses Premi\u00e8res Nations en Colombie-Britannique s\u2019opposent farouchement au projet Trans Mountain.<\/p>\n<p>150 Premi\u00e8res Nations au Qu\u00e9bec, au Canada et aux \u00c9tats-Unis ont d\u2019ailleurs sign\u00e9 un trait\u00e9 d\u2019alliance contre toute expansion des sables bitumineux et en faveur d\u2019une transition \u00e9nerg\u00e9tique juste.<\/p>\n<p><strong><a href=\"https:\/\/www.facebook.com\/events\/1704127356346194\/?notif_t=events_add_page_cohost&amp;notif_id=1526387526812587\" target=\"_blank\" rel=\"noopener noreferrer\">Mobilisons-nous le 27 mai prochain \u00e0 13h30 au Parterre du Quartier des spectacle \u00e0 Montr\u00e9al pour dire \u00e0 Justin Trudeau que l&rsquo;argent de nos imp\u00f4ts ne doit pas \u00eatre utilis\u00e9 \u00e0 servir des int\u00e9r\u00eats priv\u00e9s, surtout pas ceux d&rsquo;une p\u00e9troli\u00e8re.<\/a><\/strong><\/p>\n","protected":false},"excerpt":{"rendered":"<p>Normand Baillargeon, Emmanuel Bilodeau, Dominic Champagne, V\u00e9ronique C\u00f4t\u00e9, Yann Perreault et \u00c9ric Pineault aux c\u00f4t\u00e9s du Grand Chef Serge \u2018Otsi\u2019 Simon du Conseil Mohawk de Kanesatake, repr\u00e9sentant du Trait\u00e9 autochtone contre l\u2019expansion des sables bitumineux, ont d\u00e9voil\u00e9 une\u00a0d\u00e9claration\u00a0d\u2019opposition contre l\u2019expansion du pipeline de sables bitumineux\u00a0Trans Mountain\u00a0de Kinder Morgan. De nombreux groupes syndicaux, sociaux, citoyens et environnementaux, dont Greenpeace, font aussi partie des signataires.<\/p>\n","protected":false},"author":12,"featured_media":2387,"comment_status":"open","ping_status":"open","sticky":false,"template":"","format":"standard","meta":{"ep_exclude_from_search":false,"p4_og_title":"","p4_og_description":"","p4_og_image":"","p4_og_image_id":"","p4_seo_canonical_url":"","p4_campaign_name":"","p4_local_project":"","p4_basket_name":"","p4_department":"","footnotes":""},"categories":[20],"tags":[40,47],"p4-page-type":[],"class_list":["post-2386","post","type-post","status-publish","format-standard","has-post-thumbnail","hentry","category-climat","tag-autochtones","tag-petrole"],"_links":{"self":[{"href":"https:\/\/www.greenpeace.org\/canada\/fr\/wp-json\/wp\/v2\/posts\/2386","targetHints":{"allow":["GET"]}}],"collection":[{"href":"https:\/\/www.greenpeace.org\/canada\/fr\/wp-json\/wp\/v2\/posts"}],"about":[{"href":"https:\/\/www.greenpeace.org\/canada\/fr\/wp-json\/wp\/v2\/types\/post"}],"author":[{"embeddable":true,"href":"https:\/\/www.greenpeace.org\/canada\/fr\/wp-json\/wp\/v2\/users\/12"}],"replies":[{"embeddable":true,"href":"https:\/\/www.greenpeace.org\/canada\/fr\/wp-json\/wp\/v2\/comments?post=2386"}],"version-history":[{"count":5,"href":"https:\/\/www.greenpeace.org\/canada\/fr\/wp-json\/wp\/v2\/posts\/2386\/revisions"}],"predecessor-version":[{"id":27039,"href":"https:\/\/www.greenpeace.org\/canada\/fr\/wp-json\/wp\/v2\/posts\/2386\/revisions\/27039"}],"wp:featuredmedia":[{"embeddable":true,"href":"https:\/\/www.greenpeace.org\/canada\/fr\/wp-json\/wp\/v2\/media\/2387"}],"wp:attachment":[{"href":"https:\/\/www.greenpeace.org\/canada\/fr\/wp-json\/wp\/v2\/media?parent=2386"}],"wp:term":[{"taxonomy":"category","embeddable":true,"href":"https:\/\/www.greenpeace.org\/canada\/fr\/wp-json\/wp\/v2\/categories?post=2386"},{"taxonomy":"post_tag","embeddable":true,"href":"https:\/\/www.greenpeace.org\/canada\/fr\/wp-json\/wp\/v2\/tags?post=2386"},{"taxonomy":"p4-page-type","embeddable":true,"href":"https:\/\/www.greenpeace.org\/canada\/fr\/wp-json\/wp\/v2\/p4-page-type?post=2386"}],"curies":[{"name":"wp","href":"https:\/\/api.w.org\/{rel}","templated":true}]}}