{"id":24226,"date":"2019-07-18T12:10:50","date_gmt":"2019-07-18T16:10:50","guid":{"rendered":"https:\/\/www.greenpeace.org\/canada\/?p=24226"},"modified":"2019-11-06T03:27:23","modified_gmt":"2019-11-06T08:27:23","slug":"sen-prendre-a-un-outil-pronant-une-alimentation-saine-de-la-folie","status":"publish","type":"post","link":"https:\/\/www.greenpeace.org\/canada\/fr\/blog-des-volontaires\/24226\/sen-prendre-a-un-outil-pronant-une-alimentation-saine-de-la-folie\/","title":{"rendered":"S&rsquo;en prendre \u00e0 un outil pr\u00f4nant une alimentation saine &#8211; de la folie"},"content":{"rendered":"<p><span style=\"font-weight: 400;\">(TORONTO) En r\u00e9ponse \u00e0 la promesse du chef conservateur Andrew Scheer de revoir le Guide alimentaire canadien, Shane Moffatt, responsable de la campagne Nature et alimentation chez Greenpeace Canada, a r\u00e9pondu:\u00a0<\/span><\/p>\n<p><span style=\"font-weight: 400;\">\u201cCes attaques contre une alimentation saines sont de la folie et n\u2019ont aucune base scientifique. Les Canadiens viennent tout juste de se faire pr\u00e9senter un guide alimentaire qui priorise notre sant\u00e9 \u00e0 tous et Andrew Scheer s\u2019y attaque d\u00e9j\u00e0 pour des gains politiques?<\/span><\/p>\n<p><span style=\"font-weight: 400;\">Le nouveau guide alimentaire ne refl\u00e8te peut-\u00eatre pas autant les int\u00e9r\u00eats de l\u2019industrie que le souhaiterait M. Scheer, mais il refl\u00e8te tr\u00e8s certainement les donn\u00e9es scientifiques disponibles \u00e0 ce jour &#8211; r\u00e9duire la consommation de viande dans le cadre d\u2019un r\u00e9gime alimentaire \u00e9quilibr\u00e9 est bon pour nous et pour la plan\u00e8te. C\u2019est \u00e9galement l\u2019un des meilleurs moyens d\u2019aider \u00e0 pr\u00e9venir et amoindrir les changements climatiques.\u201d\u00a0<\/span><\/p>\n<p style=\"text-align: center;\"><span style=\"font-weight: 400;\">-30-<\/span><\/p>\n<p>Pour plus d&rsquo;informations, contactez:<\/p>\n<p>Marie-Christine Fiset, Responsable des m\u00e9dias, Greenpeace Canada<\/p>\n<p><a href=\"mailto:mfiset@greenpeace.org\">mfiset@greenpeace.org<\/a>; +1 514 400-3256<\/p>\n","protected":false},"excerpt":{"rendered":"<p>(TORONTO) En r\u00e9ponse \u00e0 la promesse du chef conservateur Andrew Scheer de revoir le Guide alimentaire canadien, Shane Moffatt, responsable de la campagne Nature et alimentation chez Greenpeace Canada, a&hellip;<\/p>\n","protected":false},"author":45,"featured_media":9430,"comment_status":"open","ping_status":"open","sticky":false,"template":"","format":"standard","meta":{"ep_exclude_from_search":false,"p4_og_title":"","p4_og_description":"","p4_og_image":"","p4_og_image_id":"","p4_seo_canonical_url":"","p4_campaign_name":"","p4_local_project":"","p4_basket_name":"","p4_department":"","footnotes":""},"categories":[21],"tags":[38],"p4-page-type":[],"class_list":["post-24226","post","type-post","status-publish","format-standard","has-post-thumbnail","hentry","category-vivre-de-facon-durable","tag-alimentation"],"_links":{"self":[{"href":"https:\/\/www.greenpeace.org\/canada\/fr\/wp-json\/wp\/v2\/posts\/24226","targetHints":{"allow":["GET"]}}],"collection":[{"href":"https:\/\/www.greenpeace.org\/canada\/fr\/wp-json\/wp\/v2\/posts"}],"about":[{"href":"https:\/\/www.greenpeace.org\/canada\/fr\/wp-json\/wp\/v2\/types\/post"}],"author":[{"embeddable":true,"href":"https:\/\/www.greenpeace.org\/canada\/fr\/wp-json\/wp\/v2\/users\/45"}],"replies":[{"embeddable":true,"href":"https:\/\/www.greenpeace.org\/canada\/fr\/wp-json\/wp\/v2\/comments?post=24226"}],"version-history":[{"count":2,"href":"https:\/\/www.greenpeace.org\/canada\/fr\/wp-json\/wp\/v2\/posts\/24226\/revisions"}],"predecessor-version":[{"id":24228,"href":"https:\/\/www.greenpeace.org\/canada\/fr\/wp-json\/wp\/v2\/posts\/24226\/revisions\/24228"}],"wp:featuredmedia":[{"embeddable":true,"href":"https:\/\/www.greenpeace.org\/canada\/fr\/wp-json\/wp\/v2\/media\/9430"}],"wp:attachment":[{"href":"https:\/\/www.greenpeace.org\/canada\/fr\/wp-json\/wp\/v2\/media?parent=24226"}],"wp:term":[{"taxonomy":"category","embeddable":true,"href":"https:\/\/www.greenpeace.org\/canada\/fr\/wp-json\/wp\/v2\/categories?post=24226"},{"taxonomy":"post_tag","embeddable":true,"href":"https:\/\/www.greenpeace.org\/canada\/fr\/wp-json\/wp\/v2\/tags?post=24226"},{"taxonomy":"p4-page-type","embeddable":true,"href":"https:\/\/www.greenpeace.org\/canada\/fr\/wp-json\/wp\/v2\/p4-page-type?post=24226"}],"curies":[{"name":"wp","href":"https:\/\/api.w.org\/{rel}","templated":true}]}}