{"id":24591,"date":"2019-08-15T16:28:55","date_gmt":"2019-08-15T20:28:55","guid":{"rendered":"https:\/\/www.greenpeace.org\/canada\/?p=24591"},"modified":"2019-11-06T03:27:20","modified_gmt":"2019-11-06T08:27:20","slug":"trois-raisons-de-soutenir-un-traite-mondial-ambitieux-pour-les-oceans","status":"publish","type":"post","link":"https:\/\/www.greenpeace.org\/canada\/fr\/blog-des-volontaires\/24591\/trois-raisons-de-soutenir-un-traite-mondial-ambitieux-pour-les-oceans\/","title":{"rendered":"Trois raisons de soutenir un Trait\u00e9 mondial ambitieux pour les oc\u00e9ans"},"content":{"rendered":"<p><span style=\"font-weight: 400;\">Le 19 ao\u00fbt s\u2019ouvrira \u00e0 New York la troisi\u00e8me des quatre rencontres des Nations Unies en vue d\u2019un Trait\u00e9 mondial sur la haute mer. En quoi ces n\u00e9gociations sont-elles cruciales pour l\u2019avenir? Car elles pourraient permettre d\u2019ouvrir la voie vers la protection d\u2019un tiers des oc\u00e9ans du monde, tel que pr\u00e9conis\u00e9 par la communaut\u00e9 scientifique.<\/span><\/p>\n<p><span style=\"font-weight: 400;\">En plus d\u2019assurer la s\u00e9curit\u00e9 alimentaire pour des milliards de personnes dans le monde, les oc\u00e9ans jouent un r\u00f4le primordial pour l\u2019\u00e9quilibre climatique. Si nous voulons permettre le r\u00e9tablissement des esp\u00e8ces marines, le maintien de la biodiversit\u00e9 et renforcer la r\u00e9silience des oc\u00e9ans face au d\u00e9r\u00e8glement climatique, il va nous falloir une bonne dose de courage politique. Car c\u2019est pr\u00e9cis\u00e9ment \u00e0 ce niveau que tout va se jouer dans les deux prochaines semaines.<br \/>\n<\/span><\/p>\n<div id=\"attachment_24596\" style=\"width: 1034px\" class=\"wp-caption alignleft\"><img loading=\"lazy\" decoding=\"async\" aria-describedby=\"caption-attachment-24596\" class=\"size-large wp-image-24596\" src=\"https:\/\/www.greenpeace.org\/static\/planet4-canada-stateless\/2019\/08\/GP0STT6SB_High_res-1024x684.jpg\" alt=\"\" width=\"1024\" height=\"684\" srcset=\"https:\/\/www.greenpeace.org\/static\/planet4-canada-stateless\/2019\/08\/GP0STT6SB_High_res-1024x684.jpg 1024w, https:\/\/www.greenpeace.org\/static\/planet4-canada-stateless\/2019\/08\/GP0STT6SB_High_res-300x200.jpg 300w, https:\/\/www.greenpeace.org\/static\/planet4-canada-stateless\/2019\/08\/GP0STT6SB_High_res-768x513.jpg 768w, https:\/\/www.greenpeace.org\/static\/planet4-canada-stateless\/2019\/08\/GP0STT6SB_High_res-2046x1366.jpg 2046w, https:\/\/www.greenpeace.org\/static\/planet4-canada-stateless\/2019\/08\/GP0STT6SB_High_res-510x340.jpg 510w\" sizes=\"auto, (max-width: 1024px) 100vw, 1024px\" \/><p id=\"caption-attachment-24596\" class=\"wp-caption-text\">Une d\u00e9l\u00e9gation de Greenpeace participe \u00e0 la seconde ronde de n\u00e9gociations des Nations Unies en vue d&rsquo;un Trait\u00e9 mondial sur la haute mer.<\/p><\/div>\n<p><span style=\"font-weight: 400;\">Pour obtenir l\u2019\u00e9quivalent d\u2019un \u00ab Accord de Paris sur les oc\u00e9ans \u00bb, et nous doter d\u2019<\/span><b>un outil juridiquement contraignant pour parvenir \u00e0 prot\u00e9ger 30% des oc\u00e9ans mondiaux d\u2019ici 2030<\/b><span style=\"font-weight: 400;\">, nous devons convaincre les dirigeants mondiaux, incluant le gouvernement canadien, d\u2019appuyer un trait\u00e9 ambitieux.<br \/>\n<\/span><\/p>\n<p><b>Et c\u2019est ici que vous pouvez agir! <a href=\"https:\/\/aaf1a18515da0e792f78-c27fdabe952dfc357fe25ebf5c8897ee.ssl.cf5.rackcdn.com\/1847\/CA-FR_ProtectTheOceans_Toolkit.pdf\">T\u00e9l\u00e9chargez notre trousse d\u2019action et faites entendre votre voix aupr\u00e8s des ministres en charge du dossier. <\/a><\/b><b><br \/>\n<\/b><\/p>\n<p style=\"width: 60%; margin: 0 auto;\" align=\"center\"><a class=\"btn btn-primary btn-medium page-header-btn\" href=\"https:\/\/aaf1a18515da0e792f78-c27fdabe952dfc357fe25ebf5c8897ee.ssl.cf5.rackcdn.com\/1847\/CA-FR_ProtectTheOceans_Toolkit.pdf\" target=\"_blank\" rel=\"noopener noreferrer\">T\u00c9L\u00c9CHARGEZ LA TROUSSE D&rsquo;ACTION<\/a><\/p>\n<p>&nbsp;<\/p>\n<p><span style=\"font-weight: 400;\">Les faits d\u00e9montrent que les sanctuaires marins ont de nombreuses retomb\u00e9es positives, pour la biodiversit\u00e9 tout d\u2019abord, mais aussi pour l\u2019\u00e9conomie. <\/span><b>Voici trois raisons de soutenir la cr\u00e9ation d\u2019un r\u00e9seau mondial de sanctuaires marins.<\/b><\/p>\n<h2><b>1. Plus de sanctuaires marins = plus de vie!<\/b><\/h2>\n<p><span style=\"font-weight: 400;\">Des \u00e9tudes ont montr\u00e9 que les sanctuaires oc\u00e9aniques <\/span><a href=\"http:\/\/www.protectplanetocean.org\/somr\/ReserveEffects.html\"><span style=\"font-weight: 400;\">quadruplaient<\/span><\/a><span style=\"font-weight: 400;\"> la biomasse des animaux et des plantes dans les zones prot\u00e9g\u00e9es et augmentaient consid\u00e9rablement leur aire de r\u00e9partition. Ils sont \u00e9galement des terrains de reproduction et des pouponni\u00e8res pour les esp\u00e8ces menac\u00e9es, telles que les baleines et les tortues marines, et participent \u00e0 prot\u00e9ger les \u00e9cosyst\u00e8mes marins et la biodiversit\u00e9 qu\u2019ils abritent.<\/span><\/p>\n<div id=\"attachment_24600\" style=\"width: 1210px\" class=\"wp-caption alignnone\"><img loading=\"lazy\" decoding=\"async\" aria-describedby=\"caption-attachment-24600\" class=\"size-full wp-image-24600\" src=\"https:\/\/www.greenpeace.org\/static\/planet4-canada-stateless\/2019\/08\/6463e48c-gp0sttfum.jpg\" alt=\"Sardinia, Marine Protected Area of Island of Tavolara - Secca Papa. \u00a9 Egidio Trainito \/ Greenpeace\" width=\"1200\" height=\"800\" srcset=\"https:\/\/www.greenpeace.org\/static\/planet4-canada-stateless\/2019\/08\/6463e48c-gp0sttfum.jpg 1200w, https:\/\/www.greenpeace.org\/static\/planet4-canada-stateless\/2019\/08\/6463e48c-gp0sttfum-300x200.jpg 300w, https:\/\/www.greenpeace.org\/static\/planet4-canada-stateless\/2019\/08\/6463e48c-gp0sttfum-768x512.jpg 768w, https:\/\/www.greenpeace.org\/static\/planet4-canada-stateless\/2019\/08\/6463e48c-gp0sttfum-1024x683.jpg 1024w, https:\/\/www.greenpeace.org\/static\/planet4-canada-stateless\/2019\/08\/6463e48c-gp0sttfum-510x340.jpg 510w\" sizes=\"auto, (max-width: 1200px) 100vw, 1200px\" \/><p id=\"caption-attachment-24600\" class=\"wp-caption-text\">Aire marine prot\u00e9g\u00e9e de l&rsquo;\u00cele de <span id=\"a2.2.1.1.1.5:Title_Lbl\" class=\"Lbl\">Tavolara, Sardaigne.<\/span><\/p><\/div>\n<h2><b>2. Bon pour les poissons, bon pour l\u2019\u00e9conomie locale<\/b><\/h2>\n<p><span style=\"font-weight: 400;\">Les scientifiques ont montr\u00e9 que les sanctuaires oc\u00e9aniques <\/span><a href=\"http:\/\/voices.nationalgeographic.com\/2013\/04\/03\/new-research-marine-reserves-can-stoke-local-economies\/\" target=\"_blank\" rel=\"noopener noreferrer\"><span style=\"font-weight: 400;\">peuvent stimuler les \u00e9conomies locales<\/span><\/a><span style=\"font-weight: 400;\">. Les scientifiques impliqu\u00e9<\/span><span style=\"font-weight: 400;\">\u00b7e<\/span><span style=\"font-weight: 400;\">s dans une r\u00e9cente enqu\u00eate de <\/span><a href=\"http:\/\/ocean.nationalgeographic.com\/ocean\/explore\/pristine-seas\/\" target=\"_blank\" rel=\"noopener noreferrer\"><span style=\"font-weight: 400;\">National Geographic<\/span><\/a><span style=\"font-weight: 400;\"> ont constat\u00e9 que dans les sanctuaires oc\u00e9aniques, le tourisme est souvent stimul\u00e9 et que cela incite les p\u00eacheurs locaux \u00e0 p\u00eacher en dehors des zones prot\u00e9g\u00e9es. Les co\u00fbts initiaux de d\u00e9veloppement de la r\u00e9serve peuvent donc \u00eatre compens\u00e9s en cinq ans seulement.<\/span><\/p>\n<p><span style=\"font-weight: 400;\">Des exemples r\u00e9cents provenant des <\/span><a href=\"http:\/\/news.nationalgeographic.com\/2015\/10\/151028-palau-marine-protected-area-official-oceans-animals-conservation\/\" target=\"_blank\" rel=\"noopener noreferrer\"><span style=\"font-weight: 400;\">Palaos<\/span><\/a><span style=\"font-weight: 400;\">, du <\/span><a href=\"http:\/\/news.nationalgeographic.com\/2015\/03\/150318-pitcairn-marine-reserve-protected-area-ocean-conservation\/\" target=\"_blank\" rel=\"noopener noreferrer\"><span style=\"font-weight: 400;\">Royaume-Un<\/span><\/a><span style=\"font-weight: 400;\">i, du <\/span><a href=\"https:\/\/www.theguardian.com\/environment\/2015\/oct\/05\/chile-creates-one-of-worlds-largest-marine-parks-around-easter-island\" target=\"_blank\" rel=\"noopener noreferrer\"><span style=\"font-weight: 400;\">Chili<\/span><\/a><span style=\"font-weight: 400;\">, de la <\/span><a href=\"https:\/\/www.theguardian.com\/world\/2015\/sep\/29\/new-zealands-new-ocean-sanctuary-will-be-one-of-worlds-largest-protected-areas\" target=\"_blank\" rel=\"noopener noreferrer\"><span style=\"font-weight: 400;\">Nouvelle-Z\u00e9lande<\/span><\/a><span style=\"font-weight: 400;\"> et des <\/span><a href=\"http:\/\/www.mercurynews.com\/nation-world\/ci_30292760\/obama-create-worlds-largest-marine-sanctuary-off-hawaii\" target=\"_blank\" rel=\"noopener noreferrer\"><span style=\"font-weight: 400;\">\u00c9tats-Unis<\/span><\/a><span style=\"font-weight: 400;\"> montrent qu&rsquo;il est politiquement possible de mettre de vastes zones \u00e0 l\u2019abri des industries extractives telles que la p\u00eache, l&rsquo;exploitation mini\u00e8re et l&rsquo;exploration p\u00e9troli\u00e8re. <\/span><span style=\"font-weight: 400;\">L\u2019\u00e9tablissement de grands sanctuaires oc\u00e9aniques en haute mer devrait d\u00e9boucher sur <\/span><a href=\"http:\/\/www.nature.com\/articles\/srep08481#t2\" target=\"_blank\" rel=\"noopener noreferrer\"><span style=\"font-weight: 400;\">une r\u00e9partition plus \u00e9quitable<\/span><\/a><span style=\"font-weight: 400;\"> des ressources marines, ce qui profiterait \u00e0 de nombreux \u00c9tats c\u00f4tiers, y compris les pays du Sud.<\/span><\/p>\n<div id=\"attachment_24604\" style=\"width: 1210px\" class=\"wp-caption alignnone\"><img loading=\"lazy\" decoding=\"async\" aria-describedby=\"caption-attachment-24604\" class=\"size-full wp-image-24604\" src=\"https:\/\/www.greenpeace.org\/static\/planet4-canada-stateless\/2019\/08\/1eeb1aac-gp0stth71.jpg\" alt=\"Everyday life in the Fishing Village of Fass Boye, Senegal. \u00a9 Elodie Martial \/ Greenpeace\" width=\"1200\" height=\"800\" srcset=\"https:\/\/www.greenpeace.org\/static\/planet4-canada-stateless\/2019\/08\/1eeb1aac-gp0stth71.jpg 1200w, https:\/\/www.greenpeace.org\/static\/planet4-canada-stateless\/2019\/08\/1eeb1aac-gp0stth71-300x200.jpg 300w, https:\/\/www.greenpeace.org\/static\/planet4-canada-stateless\/2019\/08\/1eeb1aac-gp0stth71-768x512.jpg 768w, https:\/\/www.greenpeace.org\/static\/planet4-canada-stateless\/2019\/08\/1eeb1aac-gp0stth71-1024x683.jpg 1024w, https:\/\/www.greenpeace.org\/static\/planet4-canada-stateless\/2019\/08\/1eeb1aac-gp0stth71-510x340.jpg 510w\" sizes=\"auto, (max-width: 1200px) 100vw, 1200px\" \/><p id=\"caption-attachment-24604\" class=\"wp-caption-text\">Village de p\u00eache, S\u00e9n\u00e9gal.<\/p><\/div>\n<h2><b>3. Les oc\u00e9ans, des alli\u00e9s pour faire face aux changements climatiques<\/b><\/h2>\n<p><span style=\"font-weight: 400;\">Les sanctuaires marins renforcent la r\u00e9silience des oc\u00e9ans face aux effets du <\/span><a href=\"http:\/\/marineprotectedareas.noaa.gov\/pdf\/helpful-resources\/mpas_climate_change_march_2013.pdf\" target=\"_blank\" rel=\"noopener noreferrer\"><span style=\"font-weight: 400;\">d\u00e9r\u00e8glement climatique et de l&rsquo;acidification<\/span><\/a><span style=\"font-weight: 400;\"> des oc\u00e9ans. Plus de la moiti\u00e9 du carbone stock\u00e9 dans le monde est stock\u00e9 par des organismes marins! Les zones qui prot\u00e8gent les marais salants, les mangroves ainsi que les algues et les herbiers marins, qui stockent tous du carbone, aident donc \u00e0 att\u00e9nuer les impacts du changement climatique.<\/span><\/p>\n<div id=\"attachment_24602\" style=\"width: 1210px\" class=\"wp-caption alignnone\"><img loading=\"lazy\" decoding=\"async\" aria-describedby=\"caption-attachment-24602\" class=\"size-full wp-image-24602\" src=\"https:\/\/www.greenpeace.org\/static\/planet4-canada-stateless\/2019\/08\/b2503b93-gp0stqv1r.jpg\" alt=\"Aerial View of the Great Australian Bight. \u00a9 Greenpeace \/ Jaimen Hudson\" width=\"1200\" height=\"820\" srcset=\"https:\/\/www.greenpeace.org\/static\/planet4-canada-stateless\/2019\/08\/b2503b93-gp0stqv1r.jpg 1200w, https:\/\/www.greenpeace.org\/static\/planet4-canada-stateless\/2019\/08\/b2503b93-gp0stqv1r-300x205.jpg 300w, https:\/\/www.greenpeace.org\/static\/planet4-canada-stateless\/2019\/08\/b2503b93-gp0stqv1r-768x525.jpg 768w, https:\/\/www.greenpeace.org\/static\/planet4-canada-stateless\/2019\/08\/b2503b93-gp0stqv1r-1024x700.jpg 1024w, https:\/\/www.greenpeace.org\/static\/planet4-canada-stateless\/2019\/08\/b2503b93-gp0stqv1r-498x340.jpg 498w\" sizes=\"auto, (max-width: 1200px) 100vw, 1200px\" \/><p id=\"caption-attachment-24602\" class=\"wp-caption-text\"><span class=\"tlid-translation translation\" lang=\"fr\"><span class=\"\" title=\"\">Image de drone de <em>Bunda Cliffs<\/em> dans la grande baie australienne.<\/span><\/span><\/p><\/div>\n<h2><b>Et maintenant?<\/b><\/h2>\n<p><span style=\"font-weight: 400;\">Il reste encore beaucoup \u00e0 faire pour conclure un Trait\u00e9 mondial pour les oc\u00e9ans \u00e0 l\u2019ONU et veiller \u00e0 ce qu\u2019il soit aussi solide que n\u00e9cessaire. Moins de 1% des eaux internationales sont actuellement prot\u00e9g\u00e9es. Mais les scientifiques disent que nous avons besoin d\u2019atteindre un <\/span><a href=\"https:\/\/www.greenpeace.org\/canada\/fr\/histoires\/8297\/cette-etude-pourrait-ouvrir-la-voie-vers-la-protection-dun-tiers-des-oceans\/\" target=\"_blank\" rel=\"noopener noreferrer\"><span style=\"font-weight: 400;\">objectif de protection minimal de 30% ou plus<\/span><\/a><span style=\"font-weight: 400;\"> \u00e0 travers la cr\u00e9ation d\u2019un r\u00e9seau mondial de sanctuaires oc\u00e9aniques. <\/span><span style=\"font-weight: 400;\"><br \/>\n<\/span><span style=\"font-weight: 400;\"><br \/>\n<\/span><span style=\"font-weight: 400;\">Comme le souligne l\u2019\u00e9valuation des Nations Unies pour les oc\u00e9ans, une action internationale urgente est n\u00e9cessaire pour prot\u00e9ger les oc\u00e9ans du monde de la surexploitation. Les gouvernements se sont d\u00e9j\u00e0 engag\u00e9s \u00e0 prot\u00e9ger 10% des eaux c\u00f4ti\u00e8res et des zones marines d&rsquo;ici 2020. C\u2019est un premier pas dans la bonne direction. La plupart des pays sont cependant loin d&rsquo;avoir atteint cet objectif. Greenpeace est donc \u00e0 New York pour faire pression en faveur de la mise en place de r\u00e8gles claires et d\u2019un cadre juridiquement contraignant pour permettre la cr\u00e9ation de sanctuaires qui donneront \u00e0 nos oc\u00e9ans la protection dont ils ont d\u00e9sesp\u00e9r\u00e9ment besoin.<\/span><\/p>\n","protected":false},"excerpt":{"rendered":"<p>Le 19 ao\u00fbt s\u2019ouvrira \u00e0 New York la troisi\u00e8me des quatre rencontres des Nations Unies en vue d\u2019un Trait\u00e9 mondial sur la haute mer. En quoi ces n\u00e9gociations sont-elles cruciales&hellip;<\/p>\n","protected":false},"author":16,"featured_media":24602,"comment_status":"open","ping_status":"open","sticky":false,"template":"","format":"standard","meta":{"ep_exclude_from_search":false,"p4_og_title":"","p4_og_description":"","p4_og_image":"","p4_og_image_id":"","p4_seo_canonical_url":"","p4_campaign_name":"","p4_local_project":"","p4_basket_name":"","p4_department":"","footnotes":""},"categories":[19],"tags":[46],"p4-page-type":[],"class_list":["post-24591","post","type-post","status-publish","format-standard","has-post-thumbnail","hentry","category-nature-fr","tag-oceans-fr"],"_links":{"self":[{"href":"https:\/\/www.greenpeace.org\/canada\/fr\/wp-json\/wp\/v2\/posts\/24591","targetHints":{"allow":["GET"]}}],"collection":[{"href":"https:\/\/www.greenpeace.org\/canada\/fr\/wp-json\/wp\/v2\/posts"}],"about":[{"href":"https:\/\/www.greenpeace.org\/canada\/fr\/wp-json\/wp\/v2\/types\/post"}],"author":[{"embeddable":true,"href":"https:\/\/www.greenpeace.org\/canada\/fr\/wp-json\/wp\/v2\/users\/16"}],"replies":[{"embeddable":true,"href":"https:\/\/www.greenpeace.org\/canada\/fr\/wp-json\/wp\/v2\/comments?post=24591"}],"version-history":[{"count":7,"href":"https:\/\/www.greenpeace.org\/canada\/fr\/wp-json\/wp\/v2\/posts\/24591\/revisions"}],"predecessor-version":[{"id":24606,"href":"https:\/\/www.greenpeace.org\/canada\/fr\/wp-json\/wp\/v2\/posts\/24591\/revisions\/24606"}],"wp:featuredmedia":[{"embeddable":true,"href":"https:\/\/www.greenpeace.org\/canada\/fr\/wp-json\/wp\/v2\/media\/24602"}],"wp:attachment":[{"href":"https:\/\/www.greenpeace.org\/canada\/fr\/wp-json\/wp\/v2\/media?parent=24591"}],"wp:term":[{"taxonomy":"category","embeddable":true,"href":"https:\/\/www.greenpeace.org\/canada\/fr\/wp-json\/wp\/v2\/categories?post=24591"},{"taxonomy":"post_tag","embeddable":true,"href":"https:\/\/www.greenpeace.org\/canada\/fr\/wp-json\/wp\/v2\/tags?post=24591"},{"taxonomy":"p4-page-type","embeddable":true,"href":"https:\/\/www.greenpeace.org\/canada\/fr\/wp-json\/wp\/v2\/p4-page-type?post=24591"}],"curies":[{"name":"wp","href":"https:\/\/api.w.org\/{rel}","templated":true}]}}