{"id":24619,"date":"2019-08-19T11:14:56","date_gmt":"2019-08-19T15:14:56","guid":{"rendered":"https:\/\/www.greenpeace.org\/canada\/?p=24619"},"modified":"2019-11-06T03:27:19","modified_gmt":"2019-11-06T08:27:19","slug":"javier-bardem-appelle-les-dirigeants-mondiaux-a-adopter-un-traite-mondial-ambitieux-pour-les-oceans","status":"publish","type":"post","link":"https:\/\/www.greenpeace.org\/canada\/fr\/blog-des-volontaires\/24619\/javier-bardem-appelle-les-dirigeants-mondiaux-a-adopter-un-traite-mondial-ambitieux-pour-les-oceans\/","title":{"rendered":"Javier Bardem appelle les dirigeants mondiaux \u00e0 adopter un trait\u00e9 mondial ambitieux pour les oc\u00e9ans"},"content":{"rendered":"<div class=\"mceTemp\"><\/div>\n<p><span style=\"font-weight: 400;\">Ce matin, <\/span><b>l\u2019acteur oscaris\u00e9 Javier Bardem<\/b><span style=\"font-weight: 400;\"> \u00e9tait \u00e0 Time Square pour r\u00e9clamer un Trait\u00e9 mondial pour les oc\u00e9ans alors que d\u00e9filaient sur \u00e9cran g\u00e9ant des images montrant des esp\u00e8ces marines menac\u00e9es. Voir les images<\/span><a href=\"https:\/\/media.greenpeace.org\/collection\/27MZIFJ8L1JOC\"><span style=\"font-weight: 400;\"> ici<\/span><\/a><span style=\"font-weight: 400;\">.\u00a0 <\/span><\/p>\n<p><span style=\"font-weight: 400;\">Plus tard, il s&rsquo;adressera aux d\u00e9l\u00e9gu\u00e9s des <\/span><a href=\"https:\/\/www.un.org\/bbnj\/\"><span style=\"font-weight: 400;\">Nations Unies<\/span><\/a><span style=\"font-weight: 400;\"> pour exhorter les gouvernements \u00e0 adopter un trait\u00e9 mondial ambitieux sur la haute mer, qui pourrait ouvrir la voie vers la protection d\u2019un tiers des oc\u00e9ans d&rsquo;ici 2030 [1]. Il s&rsquo;agit de la troisi\u00e8me des quatre rencontres des Nations Unies en vue de n\u00e9gocier un trait\u00e9 qui pourrait d\u00e9finir le cadre d&rsquo;un \u00ab\u00a0Accord de Paris sur les oc\u00e9ans\u00a0\u00bb juridiquement contraignant.<\/span><\/p>\n<p><span style=\"font-weight: 400;\">\u00ab Quelles que soient les d\u00e9cisions prises lors de cette conf\u00e9rence, elles auront un impact profond sur la vie dans nos oc\u00e9ans et sur l\u2019avenir de l\u2019humanit\u00e9. Les d\u00e9l\u00e9gu\u00e9s doivent savoir que le monde observe les n\u00e9gociations en vue d&rsquo;un Trait\u00e9 mondial sur la haute mer. Nous ne pouvons tout simplement pas nous permettre de nous tromper \u00bb, a d\u00e9clar\u00e9 Bardem.<\/span><\/p>\n<p><span style=\"font-weight: 400;\">L\u2019\u00e9v\u00e9nement \u00e0 l\u2019ONU d\u00e9butera par une bande-annonce du documentaire \u00ab Sanctuary \u00bb du r\u00e9alisateur Alvaro Longoria retra\u00e7ant son voyage dans l\u2019une des r\u00e9gions de haute mer les plus isol\u00e9es de la plan\u00e8te et qu\u2019il est urgent de prot\u00e9ger : la mer de Weddell en Antarctique. Bardem, qui a produit ce documentaire et pris part \u00e0 cette exp\u00e9dition, partagera son exp\u00e9rience personnelle et invitera les dirigeants du monde \u00e0 relever leurs ambitions en mati\u00e8re de protection des oc\u00e9ans.<\/span><\/p>\n<p><span style=\"font-weight: 400;\">Pr\u00e8s du b\u00e2timent de l&rsquo;ONU a \u00e9t\u00e9 install\u00e9e lundi matin une gigantesque \u0153uvre d&rsquo;art inspir\u00e9e de l&rsquo;oc\u00e9an. La sculpture de 19 pieds de haut, repr\u00e9sentant des baleines et des tortues, \u00e9voque les nombreuses pressions que subissent les eaux internationales &#8211; de la surp\u00eache aux forages p\u00e9troliers en passant par la pollution plastique &#8211; tandis que des \u00e9crans vid\u00e9o int\u00e9gr\u00e9s diffusent des messages de personnes du monde entier demandant aux gouvernements de marquer l&rsquo;histoire en adoptant un trait\u00e9 mondial ambitieux pour les oc\u00e9ans. [2] [3]<\/span><\/p>\n<p><b>Lors de la conf\u00e9rence, Sandra Schoettner, de la campagne Prot\u00e9geons les oc\u00e9ans de Greenpeace, a d\u00e9clar\u00e9 :<\/b><\/p>\n<p><span style=\"font-weight: 400;\">\u00ab Nous avons besoin d&rsquo;un changement radical dans la gestion de nos oc\u00e9ans. S&rsquo;appuyer sur les cadres existants ne suffit pas. Et ceci est particuli\u00e8rement le cas pour les zones situ\u00e9es au-del\u00e0 des juridictions nationales et qui comptent parmi les moins prot\u00e9g\u00e9es de notre plan\u00e8te bleue. Ces n\u00e9gociations sont la meilleure chance de faire \u00e9voluer le statu quo et d\u2019adopter un trait\u00e9 suffisamment ferme pour assurer une protection efficace gr\u00e2ce \u00e0 un r\u00e9seau de sanctuaires oc\u00e9aniques enti\u00e8rement prot\u00e9g\u00e9s. Selon la science, un tel r\u00e9seau doit couvrir au moins un tiers des oc\u00e9ans du monde d\u2019ici \u00e0 2030 si nous voulons permettre le r\u00e9tablissement de la biodiversit\u00e9, renforcer la r\u00e9silience des oc\u00e9ans face au d\u00e9r\u00e8glement climatique et assurer la s\u00e9curit\u00e9 alimentaire \u00e0 des milliards de personnes dans le monde. \u00bb<\/span><\/p>\n<p style=\"text-align: center;\"><span style=\"font-weight: 400;\">-30-<\/span><\/p>\n<p><b>Photos et videos :<\/b><\/p>\n<p><a href=\"https:\/\/media.greenpeace.org\/collection\/27MZIFJ8L1JOC\"><span style=\"font-weight: 400;\">Cliquez ici<\/span><\/a><span style=\"font-weight: 400;\"> pour acc\u00e9der \u00e0 la collection de photos de Javier Bardem \u00e0 Time Square. <\/span><span style=\"font-weight: 400;\"><br \/>\n<\/span><a href=\"https:\/\/media.greenpeace.org\/collection\/27MZIFJ8WWPPX\"><span style=\"font-weight: 400;\">Cliquez ici<\/span><\/a><span style=\"font-weight: 400;\"> pour acc\u00e9der \u00e0 la collection de photos et vid\u00e9os d\u2019oc\u00e9ans. <\/span><\/p>\n<p>&nbsp;<\/p>\n<p><b>Notes<\/b><span style=\"font-weight: 400;\">:<\/span><\/p>\n<p><span style=\"font-weight: 400;\">[1] L\u2019\u00e9v\u00e9nement aura lieu dans la salle de conf\u00e9rence 4 de l\u2019ONU de 13h15 \u00e0 14h30. L&rsquo;accr\u00e9ditation des m\u00e9dias des Nations Unies est n\u00e9cessaire pour participer \u00e0 l&rsquo;\u00e9v\u00e9nement.<\/span><\/p>\n<p><span style=\"font-weight: 400;\">[2] L&rsquo;\u0153uvre inspir\u00e9e de l&rsquo;oc\u00e9an est une collaboration entre Greenpeace, la High Seas Alliance et l&rsquo;Union internationale pour la conservation de la nature.<\/span><\/p>\n<p><span style=\"font-weight: 400;\">[3] Pour plus d\u2019informations<\/span><span style=\"font-weight: 400;\">, consultez (en anglais) : <\/span><a href=\"https:\/\/greenpeace.org.uk\/wp-content\/uploads\/2019\/03\/Why-we-need-a-Global-Ocean-Treaty.pdf\"><span style=\"font-weight: 400;\">Protect the Global Oceans: Why We Need a Global Ocean Treaty<\/span><\/a><span style=\"font-weight: 400;\">. Pour un expos\u00e9 d\u00e9taill\u00e9 (en anglais), <\/span><a href=\"https:\/\/storage.googleapis.com\/planet4-international-stateless\/2019\/07\/1e31c268-gp-briefing-igc3_-final.pdf\"><span style=\"font-weight: 400;\">cliquez ici<\/span><\/a><span style=\"font-weight: 400;\">.<\/span><\/p>\n<p>&nbsp;<\/p>\n<p><b>Pour plus d\u2019informations, contactez :<\/b><b><br \/>\n<\/b><span style=\"font-weight: 400;\">Marie-Christine Fiset, Responsable des m\u00e9dias, Greenpeace Canada, <\/span><a href=\"mailto:mfiset@greenpeace.org\"><span style=\"font-weight: 400;\">mfiset@greenpeace.org<\/span><\/a><span style=\"font-weight: 400;\">; +1 (514) 400-3256<\/span><\/p>\n<p><b>Porte-parole aux Nations Unies :\u00a0 <\/b><b><br \/>\n<\/b><span style=\"font-weight: 400;\">Porte-paroles de Greenpeace disponibles \u00e0 l&rsquo;ONU \u00e0 New York pendant les n\u00e9gociations :<\/span><\/p>\n<ul>\n<li style=\"font-weight: 400;\"><b>Dr Sandra Schoettner<\/b><span style=\"font-weight: 400;\">, Greenpeace Germany, responsable de la campagne Prot\u00e9geons les oc\u00e9ans (Langues : Allemand, Anglais)<\/span><\/li>\n<li style=\"font-weight: 400;\"><b>Sofia Tsenikli<\/b><span style=\"font-weight: 400;\">, Greenpeace International, analyste politique s\u00e9nior (Langues : Grec, Anglais)<\/span><\/li>\n<li style=\"font-weight: 400;\"><b>Arlo Hemphill<\/b><span style=\"font-weight: 400;\">, Greenpeace USA, charg\u00e9 de campagne Oc\u00e9ans (Langue : Anglais)\u00a0<\/span><\/li>\n<li style=\"font-weight: 400;\"><b>Pilar Marcos Rodr\u00edguez<\/b><span style=\"font-weight: 400;\">, Greenpeace Espagne, charg\u00e9 de campagne Oc\u00e9ans (Langues : Espagnol, Anglais)<\/span><\/li>\n<li style=\"font-weight: 400;\"><b>Wei Zhou<\/b><span style=\"font-weight: 400;\">, Greenpeace Asie de l\u2019Est\/Chine, charg\u00e9 de campagne Oc\u00e9ans (Langues : Mandarin, Anglais)<\/span><\/li>\n<li style=\"font-weight: 400;\"><b>Aliou Ba<\/b>, Greenpeace Afrique\/S\u00e9n\u00e9gal, conseiller politique (Langues : Fran\u00e7ais, Anglais)<\/li>\n<\/ul>\n","protected":false},"excerpt":{"rendered":"<p>Ce matin, l\u2019acteur oscaris\u00e9 Javier Bardem \u00e9tait \u00e0 Time Square pour r\u00e9clamer un Trait\u00e9 mondial pour les oc\u00e9ans alors que d\u00e9filaient sur \u00e9cran g\u00e9ant des images montrant des esp\u00e8ces marines&hellip;<\/p>\n","protected":false},"author":45,"featured_media":24642,"comment_status":"open","ping_status":"open","sticky":false,"template":"","format":"standard","meta":{"ep_exclude_from_search":false,"p4_og_title":"","p4_og_description":"","p4_og_image":"","p4_og_image_id":"","p4_seo_canonical_url":"","p4_campaign_name":"","p4_local_project":"","p4_basket_name":"","p4_department":"","footnotes":""},"categories":[19],"tags":[46],"p4-page-type":[],"class_list":["post-24619","post","type-post","status-publish","format-standard","has-post-thumbnail","hentry","category-nature-fr","tag-oceans-fr"],"_links":{"self":[{"href":"https:\/\/www.greenpeace.org\/canada\/fr\/wp-json\/wp\/v2\/posts\/24619","targetHints":{"allow":["GET"]}}],"collection":[{"href":"https:\/\/www.greenpeace.org\/canada\/fr\/wp-json\/wp\/v2\/posts"}],"about":[{"href":"https:\/\/www.greenpeace.org\/canada\/fr\/wp-json\/wp\/v2\/types\/post"}],"author":[{"embeddable":true,"href":"https:\/\/www.greenpeace.org\/canada\/fr\/wp-json\/wp\/v2\/users\/45"}],"replies":[{"embeddable":true,"href":"https:\/\/www.greenpeace.org\/canada\/fr\/wp-json\/wp\/v2\/comments?post=24619"}],"version-history":[{"count":5,"href":"https:\/\/www.greenpeace.org\/canada\/fr\/wp-json\/wp\/v2\/posts\/24619\/revisions"}],"predecessor-version":[{"id":24644,"href":"https:\/\/www.greenpeace.org\/canada\/fr\/wp-json\/wp\/v2\/posts\/24619\/revisions\/24644"}],"wp:featuredmedia":[{"embeddable":true,"href":"https:\/\/www.greenpeace.org\/canada\/fr\/wp-json\/wp\/v2\/media\/24642"}],"wp:attachment":[{"href":"https:\/\/www.greenpeace.org\/canada\/fr\/wp-json\/wp\/v2\/media?parent=24619"}],"wp:term":[{"taxonomy":"category","embeddable":true,"href":"https:\/\/www.greenpeace.org\/canada\/fr\/wp-json\/wp\/v2\/categories?post=24619"},{"taxonomy":"post_tag","embeddable":true,"href":"https:\/\/www.greenpeace.org\/canada\/fr\/wp-json\/wp\/v2\/tags?post=24619"},{"taxonomy":"p4-page-type","embeddable":true,"href":"https:\/\/www.greenpeace.org\/canada\/fr\/wp-json\/wp\/v2\/p4-page-type?post=24619"}],"curies":[{"name":"wp","href":"https:\/\/api.w.org\/{rel}","templated":true}]}}