{"id":24659,"date":"2019-08-21T17:19:37","date_gmt":"2019-08-21T21:19:37","guid":{"rendered":"https:\/\/www.greenpeace.org\/canada\/?p=24659"},"modified":"2019-11-06T03:27:19","modified_gmt":"2019-11-06T08:27:19","slug":"la-mairesse-valerie-plante-nommee-ambassadrice-mondiale-de-la-biodiversite-locale","status":"publish","type":"post","link":"https:\/\/www.greenpeace.org\/canada\/fr\/blog-des-volontaires\/24659\/la-mairesse-valerie-plante-nommee-ambassadrice-mondiale-de-la-biodiversite-locale\/","title":{"rendered":"La mairesse Val\u00e9rie Plante nomm\u00e9e Ambassadrice mondiale de la biodiversit\u00e9 locale"},"content":{"rendered":"<p><span style=\"font-weight: 400;\">MONTR\u00c9AL- En r\u00e9ponse \u00e0 l\u2019annonce du Conseil international pour les initiatives \u00e9cologiques locales (ICLEI) concernant la nomination de la mairesse Val\u00e9rie Plante au poste d\u2019Ambassadrice mondiale de la biodiversit\u00e9 locale, Marie-Jos\u00e9e B\u00e9liveau, responsable de la campagne Nature et Alimentation de Greenpeace Canada, a d\u00e9clar\u00e9:<\/span><\/p>\n<p><span style=\"font-weight: 400;\">\u00ab Avoir la mairesse Val\u00e9rie Plante comme ambassadrice mondiale de la biodiversit\u00e9 locale d&rsquo;ICLEI est une tr\u00e8s bonne nouvelle. Esp\u00e9rons que cela permettra de mettre la conservation de la biodiversit\u00e9 au coeur des d\u00e9cisions li\u00e9es au d\u00e9veloppement. Montr\u00e9al a le potentiel d\u2019inspirer d&rsquo;autres villes, tant aux niveaux national qu\u2019international, \u00e0 agir contre la crise climatique actuelle. Planter des arbres et mettre en place des mesures d\u2019envergures pour notamment garantir que les syst\u00e8mes alimentaires des villes soutiennent la biodiversit\u00e9, la justice sociale et la r\u00e9silience aux changements climatiques font partie des solutions pour pr\u00e9s<\/span><span style=\"font-weight: 400;\">erver la nature et cela, m\u00eame en zones urbaines \u00bb.<\/span><\/p>\n<p style=\"text-align: center;\"><span style=\"font-weight: 400;\">-30-<\/span><\/p>\n<p><b>Pour plus d&rsquo;informations, contactez:<\/b><\/p>\n<p><span style=\"font-weight: 400;\">Mojgan Mohammad, conseill\u00e8re aux communications, Greenpeace Canada<\/span><\/p>\n<p><a href=\"mailto:mojgan.mohammad@greenpeace.org\"><span style=\"font-weight: 400;\">mojgan.mohammad@greenpeace.org<\/span><\/a><span style=\"font-weight: 400;\">, +1 514 400-3313<\/span><\/p>\n","protected":false},"excerpt":{"rendered":"<p>POUR DIFFUSION IMM\u00c9DIATE 21 ao\u00fbt 2019 MONTR\u00c9AL- En r\u00e9ponse \u00e0 l\u2019annonce du Conseil international pour les initiatives \u00e9cologiques locales (ICLEI) concernant la nomination de la mairesse Val\u00e9rie Plante au poste&hellip;<\/p>\n","protected":false},"author":64,"featured_media":7092,"comment_status":"open","ping_status":"open","sticky":false,"template":"","format":"standard","meta":{"ep_exclude_from_search":false,"p4_og_title":"","p4_og_description":"","p4_og_image":"","p4_og_image_id":"","p4_seo_canonical_url":"","p4_campaign_name":"","p4_local_project":"","p4_basket_name":"","p4_department":"","footnotes":""},"categories":[19],"tags":[38,41,43],"p4-page-type":[],"class_list":["post-24659","post","type-post","status-publish","format-standard","has-post-thumbnail","hentry","category-nature-fr","tag-alimentation","tag-climat","tag-forets"],"_links":{"self":[{"href":"https:\/\/www.greenpeace.org\/canada\/fr\/wp-json\/wp\/v2\/posts\/24659","targetHints":{"allow":["GET"]}}],"collection":[{"href":"https:\/\/www.greenpeace.org\/canada\/fr\/wp-json\/wp\/v2\/posts"}],"about":[{"href":"https:\/\/www.greenpeace.org\/canada\/fr\/wp-json\/wp\/v2\/types\/post"}],"author":[{"embeddable":true,"href":"https:\/\/www.greenpeace.org\/canada\/fr\/wp-json\/wp\/v2\/users\/64"}],"replies":[{"embeddable":true,"href":"https:\/\/www.greenpeace.org\/canada\/fr\/wp-json\/wp\/v2\/comments?post=24659"}],"version-history":[{"count":8,"href":"https:\/\/www.greenpeace.org\/canada\/fr\/wp-json\/wp\/v2\/posts\/24659\/revisions"}],"predecessor-version":[{"id":24678,"href":"https:\/\/www.greenpeace.org\/canada\/fr\/wp-json\/wp\/v2\/posts\/24659\/revisions\/24678"}],"wp:featuredmedia":[{"embeddable":true,"href":"https:\/\/www.greenpeace.org\/canada\/fr\/wp-json\/wp\/v2\/media\/7092"}],"wp:attachment":[{"href":"https:\/\/www.greenpeace.org\/canada\/fr\/wp-json\/wp\/v2\/media?parent=24659"}],"wp:term":[{"taxonomy":"category","embeddable":true,"href":"https:\/\/www.greenpeace.org\/canada\/fr\/wp-json\/wp\/v2\/categories?post=24659"},{"taxonomy":"post_tag","embeddable":true,"href":"https:\/\/www.greenpeace.org\/canada\/fr\/wp-json\/wp\/v2\/tags?post=24659"},{"taxonomy":"p4-page-type","embeddable":true,"href":"https:\/\/www.greenpeace.org\/canada\/fr\/wp-json\/wp\/v2\/p4-page-type?post=24659"}],"curies":[{"name":"wp","href":"https:\/\/api.w.org\/{rel}","templated":true}]}}