{"id":25026,"date":"2019-09-09T17:29:18","date_gmt":"2019-09-09T21:29:18","guid":{"rendered":"https:\/\/www.greenpeace.org\/canada\/?p=25026"},"modified":"2019-11-06T03:27:14","modified_gmt":"2019-11-06T08:27:14","slug":"avis-aux-media-greve-mondiale-pour-le-climat","status":"publish","type":"post","link":"https:\/\/www.greenpeace.org\/canada\/fr\/blog-des-volontaires\/25026\/avis-aux-media-greve-mondiale-pour-le-climat\/","title":{"rendered":"AVIS AUX M\u00c9DIA: Gr\u00e8ve mondiale pour le climat"},"content":{"rendered":"<p><b>Montr\u00e9al, le 09 septembre 2019<\/b><span style=\"font-weight: 400;\"> \u2014 La Plan\u00e8te s\u2019invite au Parlement invite les repr\u00e9sentants des m\u00e9dias \u00e0 une conf\u00e9rence de presse pour une annonce exclusive sur la gr\u00e8ve mondiale pour le climat.\u00a0<\/span><\/p>\n<p><span style=\"font-weight: 400;\">L\u2019annonce sera faite conjointement par La plan\u00e8te s\u2019invite \u00e0 l\u2019universit\u00e9, La Plan\u00e8te s\u2019invite en Sant\u00e9, La plan\u00e8te s\u2019invite au communautaire, Pour le futur Montr\u00e9al, la Fondation David Suzuki, Greenpeace Canada, \u00c9quiterre, le Projet de la r\u00e9alit\u00e9 climatique Canada, Extinction R\u00e9bellion Qu\u00e9bec, et le Pacte pour la transition.<\/span><\/p>\n<p><b>AIDE-M\u00c9MOIRE<\/b><\/p>\n<p><b>Quoi :<\/b><span style=\"font-weight: 400;\"> Conf\u00e9rence de presse<\/span><\/p>\n<p><b>Quand :<\/b><span style=\"font-weight: 400;\"> Mardi 10 septembre 2019 \u00e0 10h<\/span><\/p>\n<p><b>O\u00f9 :<\/b><span style=\"font-weight: 400;\"> Salle du Parc, Maison du d\u00e9veloppement durable (50, Saint-Catherine Ouest, Montr\u00e9al)<\/span><span style=\"font-weight: 400;\">\u00a0<\/span><\/p>\n<p><span style=\"font-weight: 400;\">Les diff\u00e9rents porte-paroles seront disponibles pour des entrevues sur place.<\/span><\/p>\n<p style=\"text-align: center;\"><b>\u2013 30 \u2013<\/b><\/p>\n<p><b>Source :<\/b><span style=\"font-weight: 400;\"> La conf\u00e9rence de presse sera diffus\u00e9e en direct sur la page de\u00a0 <\/span><a href=\"https:\/\/www.facebook.com\/laplaneteauparlement\/\"><span style=\"font-weight: 400;\">La plan\u00e8te s\u2019invite au Parlement\u00a0<\/span><\/a><\/p>\n<p><b>Renseignements\u00a0:<\/b><\/p>\n<p><span style=\"font-weight: 400;\">Rosemonde Gingras, 514-458-8355, <\/span><a href=\"mailto:rosemonde@rosemondecommunications.com\"><span style=\"font-weight: 400;\">rosemonde@rosemondecommunications.com<\/span><\/a><span style=\"font-weight: 400;\"> &#8211; Le Pacte<\/span><\/p>\n<p><span style=\"font-weight: 400;\">L\u00e9onard Lecler<\/span><span style=\"font-weight: 400;\">c,<\/span><span style=\"font-weight: 400;\"> 514-586-7233, <\/span><a href=\"mailto:leonardleclerc2@gmail.com\"><span style=\"font-weight: 400;\">leonardleclerc2@gmail.com<\/span><span style=\"font-weight: 400;\">\u00a0<\/span><\/a><\/p>\n<p><a href=\"mailto:leonardleclerc2@gmail.com\"><span style=\"font-weight: 400;\">Diego Creimer, 514-999-6743, <\/span><\/a><a href=\"mailto:dcreimer@davidsuzuki.org\"><span style=\"font-weight: 400;\">dcreimer@davidsuzuki.org<\/span><\/a><\/p>\n","protected":false},"excerpt":{"rendered":"<p>Montr\u00e9al, le 6 septembre 2019 \u2014 La Plan\u00e8te s\u2019invite au Parlement invite les repr\u00e9sentants des m\u00e9dias \u00e0 une conf\u00e9rence de presse pour une annonce exclusive sur la gr\u00e8ve mondiale pour&hellip;<\/p>\n","protected":false},"author":19,"featured_media":25617,"comment_status":"open","ping_status":"open","sticky":false,"template":"","format":"standard","meta":{"ep_exclude_from_search":false,"p4_og_title":"","p4_og_description":"","p4_og_image":"","p4_og_image_id":"","p4_seo_canonical_url":"","p4_campaign_name":"not set","p4_local_project":"","p4_basket_name":"not set","p4_department":"","footnotes":""},"categories":[21],"tags":[40,41,43,47,49,83],"p4-page-type":[],"class_list":["post-25026","post","type-post","status-publish","format-standard","has-post-thumbnail","hentry","category-vivre-de-facon-durable","tag-autochtones","tag-climat","tag-forets","tag-petrole","tag-solutionsenergetiques","tag-consommation"],"_links":{"self":[{"href":"https:\/\/www.greenpeace.org\/canada\/fr\/wp-json\/wp\/v2\/posts\/25026","targetHints":{"allow":["GET"]}}],"collection":[{"href":"https:\/\/www.greenpeace.org\/canada\/fr\/wp-json\/wp\/v2\/posts"}],"about":[{"href":"https:\/\/www.greenpeace.org\/canada\/fr\/wp-json\/wp\/v2\/types\/post"}],"author":[{"embeddable":true,"href":"https:\/\/www.greenpeace.org\/canada\/fr\/wp-json\/wp\/v2\/users\/19"}],"replies":[{"embeddable":true,"href":"https:\/\/www.greenpeace.org\/canada\/fr\/wp-json\/wp\/v2\/comments?post=25026"}],"version-history":[{"count":3,"href":"https:\/\/www.greenpeace.org\/canada\/fr\/wp-json\/wp\/v2\/posts\/25026\/revisions"}],"predecessor-version":[{"id":25029,"href":"https:\/\/www.greenpeace.org\/canada\/fr\/wp-json\/wp\/v2\/posts\/25026\/revisions\/25029"}],"wp:featuredmedia":[{"embeddable":true,"href":"https:\/\/www.greenpeace.org\/canada\/fr\/wp-json\/wp\/v2\/media\/25617"}],"wp:attachment":[{"href":"https:\/\/www.greenpeace.org\/canada\/fr\/wp-json\/wp\/v2\/media?parent=25026"}],"wp:term":[{"taxonomy":"category","embeddable":true,"href":"https:\/\/www.greenpeace.org\/canada\/fr\/wp-json\/wp\/v2\/categories?post=25026"},{"taxonomy":"post_tag","embeddable":true,"href":"https:\/\/www.greenpeace.org\/canada\/fr\/wp-json\/wp\/v2\/tags?post=25026"},{"taxonomy":"p4-page-type","embeddable":true,"href":"https:\/\/www.greenpeace.org\/canada\/fr\/wp-json\/wp\/v2\/p4-page-type?post=25026"}],"curies":[{"name":"wp","href":"https:\/\/api.w.org\/{rel}","templated":true}]}}